{"id":31951,"date":"2026-09-04T08:30:44","date_gmt":"2026-09-04T06:30:44","guid":{"rendered":"https:\/\/www.catedraemalcsa.com\/?p=31951"},"modified":"2026-09-03T14:08:46","modified_gmt":"2026-09-03T12:08:46","slug":"inawa-retos-legislativos-gestion-agua-urbana","status":"publish","type":"post","link":"https:\/\/www.catedraemalcsa.com\/gl\/inawa-retos-legislativos-gestion-agua-urbana\/","title":{"rendered":"INAWA re\u00fane a expertos para analizar los retos legislativos del agua urbana"},"content":{"rendered":"<p>La gesti\u00f3n del agua urbana se encuentra ante un escenario regulatorio cada vez m\u00e1s complejo. Las nuevas medidas y estrategias impulsadas desde la Uni\u00f3n Europea en \u00e1mbitos como el agua, el medioambiente y la energ\u00eda est\u00e1n modificando progresivamente las obligaciones de los distintos agentes implicados en su gesti\u00f3n.<\/p>\n<p>&nbsp;<\/p>\n<p>Para analizar este nuevo contexto, la <strong><a href=\"https:\/\/www.catedraemalcsa.com\/\">C\u00e1tedra EMALCSA-UDC<\/a><\/strong> celebrar\u00e1 el pr\u00f3ximo <strong>9 de octubre de 2026<\/strong> una nueva sesi\u00f3n de <strong><a href=\"https:\/\/inawa.catedraemalcsa.com\/\">INAWA<\/a><\/strong>, centrada en los <strong>retos legislativos para el agua urbana<\/strong>.<\/p>\n<p>&nbsp;<\/p>\n<p>La jornada tendr\u00e1 lugar en la <strong><a href=\"https:\/\/www.paideia.es\/\">Fundaci\u00f3n Paideia<\/a>, en A Coru\u00f1a<\/strong>, y reunir\u00e1 a especialistas en Derecho Administrativo y Derecho de Aguas junto con representantes de entidades directamente vinculadas a la gesti\u00f3n del ciclo urbano del agua.<\/p>\n<p>&nbsp;<\/p>\n<h2><strong>Un nuevo escenario para la gesti\u00f3n del agua urbana<\/strong><\/h2>\n<p>El agua que abastece nuestras ciudades y pueblos est\u00e1 sometida a un marco normativo en constante evoluci\u00f3n.<\/p>\n<p>&nbsp;<\/p>\n<p>Las nuevas disposiciones vinculadas al agua, el medioambiente o la energ\u00eda plantean nuevos requisitos para operadores, administraciones y reguladores. M\u00e1s all\u00e1 del debate t\u00e9cnico o econ\u00f3mico sobre su aplicaci\u00f3n, resulta necesario conocer <strong>qu\u00e9 obligaciones est\u00e1n entrando en juego, cu\u00e1les son sus plazos y qu\u00e9 consecuencias pueden tener para la gesti\u00f3n del agua urbana<\/strong>.<\/p>\n<p>&nbsp;<\/p>\n<p>Ese ser\u00e1 precisamente el punto de partida de esta nueva sesi\u00f3n de INAWA.<\/p>\n<p>&nbsp;<\/p>\n<p>El seminario busca ofrecer una visi\u00f3n jur\u00eddica del nuevo escenario y contribuir a identificar las actuaciones necesarias para que los diferentes agentes puedan anticiparse a los cambios regulatorios. La documentaci\u00f3n de la jornada plantea adem\u00e1s la elaboraci\u00f3n de un primer \u201cmapa\u201d de actuaciones que pueda servir de base para posteriores sesiones de an\u00e1lisis sobre la viabilidad y los efectos de las nuevas exigencias legales.<\/p>\n<p>&nbsp;<\/p>\n<h2><strong>Especialistas en Derecho ambiental y Derecho de Aguas<\/strong><\/h2>\n<p>Para abordar estas cuestiones, la jornada contar\u00e1 con la participaci\u00f3n de <strong>\u00c1ngel Ruiz de Apodaca Espinosa<\/strong>, catedr\u00e1tico de Derecho Administrativo de la Universidad de Navarra y experto en Derecho ambiental, que abordar\u00e1 los principales retos legislativos relacionados con el agua.<\/p>\n<p>&nbsp;<\/p>\n<p>Tambi\u00e9n participar\u00e1 <strong>F. Javier Sanz Larruga<\/strong>, catedr\u00e1tico de Derecho Administrativo de la Universidade da Coru\u00f1a, con una intervenci\u00f3n centrada en los aspectos legislativos del agua en el \u00e1mbito auton\u00f3mico.<\/p>\n<p>&nbsp;<\/p>\n<p>La sesi\u00f3n incorporar\u00e1 adem\u00e1s una mesa redonda moderada por <strong>Jos\u00e9 Antonio Blanco Moa<\/strong>, experto en Derecho de Aguas, en la que participar\u00e1n representantes de diferentes entidades y organismos vinculados a la gesti\u00f3n del agua.<\/p>\n<p>&nbsp;<\/p>\n<p>El encuentro permitir\u00e1 as\u00ed combinar la perspectiva acad\u00e9mica y jur\u00eddica con la experiencia de los agentes que deber\u00e1n trasladar buena parte de estos cambios normativos a la gesti\u00f3n diaria.<\/p>\n<p>&nbsp;<\/p>\n<h2><strong>Una nueva cita de INAWA<\/strong><\/h2>\n<p>Con esta sesi\u00f3n, INAWA contin\u00faa generando espacios especializados para analizar los principales retos relacionados con el agua desde diferentes perspectivas.<\/p>\n<p>&nbsp;<\/p>\n<p>En esta ocasi\u00f3n, la mirada se dirige al marco jur\u00eddico y a una pregunta cada vez m\u00e1s relevante para el sector: <strong>\u00bfc\u00f3mo debemos prepararnos para las nuevas obligaciones que est\u00e1n transformando la gesti\u00f3n del agua urbana?<\/strong><\/p>\n<p>&nbsp;<\/p>\n<p><strong>\u00a1No te lo pierdas!<\/strong><\/p>\n<ul>\n<li><strong>9 de octubre de 2026<\/strong><\/li>\n<li><strong>Fundaci\u00f3n Paideia \u00b7 A Coru\u00f1a<\/strong><\/li>\n<li><strong>Reserva tu plaza: <\/strong><a href=\"https:\/\/form.typeform.com\/to\/s6WLMVsc\"><strong>https:\/\/form.typeform.com\/to\/s6WLMVsc<\/strong><\/a><\/li>\n<\/ul>\n<p>&nbsp;<\/p>\n<p>Pr\u00f3ximamente se compartir\u00e1n nuevos detalles sobre la jornada.<\/p>\n<p><img fetchpriority=\"high\" decoding=\"async\" class=\"wp-image-31957 size-full aligncenter\" src=\"https:\/\/www.catedraemalcsa.com\/wp-content\/uploads\/2026\/09\/inawa_programa_Legislacion.png\" alt=\"INAWA retos legislativos gesti\u00f3n agua urbana\" width=\"595\" height=\"842\" srcset=\"https:\/\/www.catedraemalcsa.com\/wp-content\/uploads\/2026\/09\/inawa_programa_Legislacion.png 595w, https:\/\/www.catedraemalcsa.com\/wp-content\/uploads\/2026\/09\/inawa_programa_Legislacion-212x300.png 212w\" sizes=\"(max-width: 595px) 100vw, 595px\" \/><\/p>\n","protected":false},"excerpt":{"rendered":"<p>La gesti\u00f3n del agua urbana se encuentra ante un escenario regulatorio cada vez m\u00e1s complejo. Las nuevas medidas y estrategias impulsadas desde la Uni\u00f3n Europea en \u00e1mbitos como el agua, el medioambiente y la energ\u00eda est\u00e1n modificando progresivamente las obligaciones de los distintos agentes implicados en su gesti\u00f3n. &nbsp; Para analizar este nuevo contexto, la [&hellip;]<\/p>\n","protected":false},"author":1,"featured_media":31952,"comment_status":"closed","ping_status":"closed","sticky":false,"template":"","format":"standard","meta":{"footnotes":"","_links_to":"","_links_to_target":""},"categories":[4],"tags":[],"class_list":["post-31951","post","type-post","status-publish","format-standard","has-post-thumbnail","hentry","category-actualidad"],"yoast_head":"<!-- This site is optimized with the Yoast SEO plugin v28.1 - https:\/\/yoast.com\/product\/yoast-seo-wordpress\/ -->\n<title>INAWA re\u00fane a expertos para analizar los retos legislativos del agua urbana<\/title>\n<meta name=\"description\" content=\"INAWA analizar\u00e1 los nuevos retos legislativos para la gesti\u00f3n del agua urbana en una jornada organizada por la C\u00e1tedra EMALCSA-UDC.\" \/>\n<meta name=\"robots\" content=\"index, follow, max-snippet:-1, max-image-preview:large, max-video-preview:-1\" \/>\n<link rel=\"canonical\" href=\"https:\/\/www.catedraemalcsa.com\/inawa-retos-legislativos-gestion-agua-urbana\/\" \/>\n<meta property=\"og:locale\" content=\"gl_ES\" \/>\n<meta property=\"og:type\" content=\"article\" \/>\n<meta property=\"og:title\" content=\"INAWA re\u00fane a expertos para analizar los retos legislativos del agua urbana\" \/>\n<meta property=\"og:description\" content=\"INAWA analizar\u00e1 los nuevos retos legislativos para la gesti\u00f3n del agua urbana en una jornada organizada por la C\u00e1tedra EMALCSA-UDC.\" \/>\n<meta property=\"og:url\" content=\"https:\/\/www.catedraemalcsa.com\/inawa-retos-legislativos-gestion-agua-urbana\/\" \/>\n<meta property=\"og:site_name\" content=\"C\u00e1tedra Emalcsa\" \/>\n<meta property=\"article:published_time\" content=\"2026-09-04T06:30:44+00:00\" \/>\n<meta property=\"og:image\" content=\"https:\/\/www.catedraemalcsa.com\/wp-content\/uploads\/2026\/09\/Seminario-Legal-1024x535.png\" \/>\n\t<meta property=\"og:image:width\" content=\"1024\" \/>\n\t<meta property=\"og:image:height\" content=\"535\" \/>\n\t<meta property=\"og:image:type\" content=\"image\/png\" \/>\n<meta name=\"author\" content=\"emalcsawp\" \/>\n<meta name=\"twitter:card\" content=\"summary_large_image\" \/>\n<meta name=\"twitter:title\" content=\"INAWA re\u00fane a expertos para analizar los retos legislativos del agua urbana\" \/>\n<meta name=\"twitter:description\" content=\"INAWA analizar\u00e1 los nuevos retos legislativos para la gesti\u00f3n del agua urbana en una jornada organizada por la C\u00e1tedra EMALCSA-UDC.\" \/>\n<meta name=\"twitter:image\" content=\"https:\/\/www.catedraemalcsa.com\/wp-content\/uploads\/2026\/09\/Seminario-Legal.png\" \/>\n<meta name=\"twitter:label1\" content=\"Escrito por\" \/>\n\t<meta name=\"twitter:data1\" content=\"emalcsawp\" \/>\n\t<meta name=\"twitter:label2\" content=\"Tempo de lectura\" \/>\n\t<meta name=\"twitter:data2\" content=\"3 minutos\" \/>\n<script type=\"application\/ld+json\" class=\"yoast-schema-graph\">{\"@context\":\"https:\\\/\\\/schema.org\",\"@graph\":[{\"@type\":\"Article\",\"@id\":\"https:\\\/\\\/www.catedraemalcsa.com\\\/inawa-retos-legislativos-gestion-agua-urbana\\\/#article\",\"isPartOf\":{\"@id\":\"https:\\\/\\\/www.catedraemalcsa.com\\\/inawa-retos-legislativos-gestion-agua-urbana\\\/\"},\"author\":{\"name\":\"emalcsawp\",\"@id\":\"https:\\\/\\\/www.catedraemalcsa.com\\\/#\\\/schema\\\/person\\\/efb560fa9370bb4ce0760f6ef7a53907\"},\"headline\":\"INAWA re\u00fane a expertos para analizar los retos legislativos del agua urbana\",\"datePublished\":\"2026-09-04T06:30:44+00:00\",\"mainEntityOfPage\":{\"@id\":\"https:\\\/\\\/www.catedraemalcsa.com\\\/inawa-retos-legislativos-gestion-agua-urbana\\\/\"},\"wordCount\":582,\"publisher\":{\"@id\":\"https:\\\/\\\/www.catedraemalcsa.com\\\/#organization\"},\"image\":{\"@id\":\"https:\\\/\\\/www.catedraemalcsa.com\\\/inawa-retos-legislativos-gestion-agua-urbana\\\/#primaryimage\"},\"thumbnailUrl\":\"https:\\\/\\\/www.catedraemalcsa.com\\\/wp-content\\\/uploads\\\/2026\\\/09\\\/Seminario-Legal.png\",\"articleSection\":[\"Actualidad\"],\"inLanguage\":\"gl-ES\"},{\"@type\":\"WebPage\",\"@id\":\"https:\\\/\\\/www.catedraemalcsa.com\\\/inawa-retos-legislativos-gestion-agua-urbana\\\/\",\"url\":\"https:\\\/\\\/www.catedraemalcsa.com\\\/inawa-retos-legislativos-gestion-agua-urbana\\\/\",\"name\":\"INAWA re\u00fane a expertos para analizar los retos legislativos del agua urbana\",\"isPartOf\":{\"@id\":\"https:\\\/\\\/www.catedraemalcsa.com\\\/#website\"},\"primaryImageOfPage\":{\"@id\":\"https:\\\/\\\/www.catedraemalcsa.com\\\/inawa-retos-legislativos-gestion-agua-urbana\\\/#primaryimage\"},\"image\":{\"@id\":\"https:\\\/\\\/www.catedraemalcsa.com\\\/inawa-retos-legislativos-gestion-agua-urbana\\\/#primaryimage\"},\"thumbnailUrl\":\"https:\\\/\\\/www.catedraemalcsa.com\\\/wp-content\\\/uploads\\\/2026\\\/09\\\/Seminario-Legal.png\",\"datePublished\":\"2026-09-04T06:30:44+00:00\",\"description\":\"INAWA analizar\u00e1 los nuevos retos legislativos para la gesti\u00f3n del agua urbana en una jornada organizada por la C\u00e1tedra EMALCSA-UDC.\",\"breadcrumb\":{\"@id\":\"https:\\\/\\\/www.catedraemalcsa.com\\\/inawa-retos-legislativos-gestion-agua-urbana\\\/#breadcrumb\"},\"inLanguage\":\"gl-ES\",\"potentialAction\":[{\"@type\":\"ReadAction\",\"target\":[\"https:\\\/\\\/www.catedraemalcsa.com\\\/inawa-retos-legislativos-gestion-agua-urbana\\\/\"]}]},{\"@type\":\"ImageObject\",\"inLanguage\":\"gl-ES\",\"@id\":\"https:\\\/\\\/www.catedraemalcsa.com\\\/inawa-retos-legislativos-gestion-agua-urbana\\\/#primaryimage\",\"url\":\"https:\\\/\\\/www.catedraemalcsa.com\\\/wp-content\\\/uploads\\\/2026\\\/09\\\/Seminario-Legal.png\",\"contentUrl\":\"https:\\\/\\\/www.catedraemalcsa.com\\\/wp-content\\\/uploads\\\/2026\\\/09\\\/Seminario-Legal.png\",\"width\":2400,\"height\":1254,\"caption\":\"INAWA retos legislativos gesti\u00f3n agua urbana\"},{\"@type\":\"BreadcrumbList\",\"@id\":\"https:\\\/\\\/www.catedraemalcsa.com\\\/inawa-retos-legislativos-gestion-agua-urbana\\\/#breadcrumb\",\"itemListElement\":[{\"@type\":\"ListItem\",\"position\":1,\"name\":\"Portada\",\"item\":\"https:\\\/\\\/www.catedraemalcsa.com\\\/\"},{\"@type\":\"ListItem\",\"position\":2,\"name\":\"INAWA re\u00fane a expertos para analizar los retos legislativos del agua urbana\"}]},{\"@type\":\"WebSite\",\"@id\":\"https:\\\/\\\/www.catedraemalcsa.com\\\/#website\",\"url\":\"https:\\\/\\\/www.catedraemalcsa.com\\\/\",\"name\":\"C\u00e1tedra Emalcsa\",\"description\":\"C\u00e1tedra EMALCSA-UDC promover y articular la investigaci\u00f3n, innovaci\u00f3n y transferencia de conocimiento en el \u00e1mbito los sistemas de agua.\",\"publisher\":{\"@id\":\"https:\\\/\\\/www.catedraemalcsa.com\\\/#organization\"},\"potentialAction\":[{\"@type\":\"SearchAction\",\"target\":{\"@type\":\"EntryPoint\",\"urlTemplate\":\"https:\\\/\\\/www.catedraemalcsa.com\\\/?s={search_term_string}\"},\"query-input\":{\"@type\":\"PropertyValueSpecification\",\"valueRequired\":true,\"valueName\":\"search_term_string\"}}],\"inLanguage\":\"gl-ES\"},{\"@type\":\"Organization\",\"@id\":\"https:\\\/\\\/www.catedraemalcsa.com\\\/#organization\",\"name\":\"C\u00e1tedra Emalcsa\",\"url\":\"https:\\\/\\\/www.catedraemalcsa.com\\\/\",\"logo\":{\"@type\":\"ImageObject\",\"inLanguage\":\"gl-ES\",\"@id\":\"https:\\\/\\\/www.catedraemalcsa.com\\\/#\\\/schema\\\/logo\\\/image\\\/\",\"url\":\"https:\\\/\\\/www.catedraemalcsa.com\\\/wp-content\\\/uploads\\\/2025\\\/07\\\/Catedra-Emalcsa-UDC.svg\",\"contentUrl\":\"https:\\\/\\\/www.catedraemalcsa.com\\\/wp-content\\\/uploads\\\/2025\\\/07\\\/Catedra-Emalcsa-UDC.svg\",\"width\":185,\"height\":58,\"caption\":\"C\u00e1tedra Emalcsa\"},\"image\":{\"@id\":\"https:\\\/\\\/www.catedraemalcsa.com\\\/#\\\/schema\\\/logo\\\/image\\\/\"}},{\"@type\":\"Person\",\"@id\":\"https:\\\/\\\/www.catedraemalcsa.com\\\/#\\\/schema\\\/person\\\/efb560fa9370bb4ce0760f6ef7a53907\",\"name\":\"emalcsawp\",\"image\":{\"@type\":\"ImageObject\",\"inLanguage\":\"gl-ES\",\"@id\":\"https:\\\/\\\/secure.gravatar.com\\\/avatar\\\/80db74ffb4beb0be788543a1f45b29875710fd2c515220ced2e80bde3709de50?s=96&d=mm&r=g\",\"url\":\"https:\\\/\\\/secure.gravatar.com\\\/avatar\\\/80db74ffb4beb0be788543a1f45b29875710fd2c515220ced2e80bde3709de50?s=96&d=mm&r=g\",\"contentUrl\":\"https:\\\/\\\/secure.gravatar.com\\\/avatar\\\/80db74ffb4beb0be788543a1f45b29875710fd2c515220ced2e80bde3709de50?s=96&d=mm&r=g\",\"caption\":\"emalcsawp\"},\"sameAs\":[\"https:\\\/\\\/www.catedraemalcsa.com\"],\"url\":\"https:\\\/\\\/www.catedraemalcsa.com\\\/gl\\\/author\\\/emalcsawp\\\/\"}]}<\/script>\n<!-- \/ Yoast SEO plugin. -->","yoast_head_json":{"title":"INAWA re\u00fane a expertos para analizar los retos legislativos del agua urbana","description":"INAWA analizar\u00e1 los nuevos retos legislativos para la gesti\u00f3n del agua urbana en una jornada organizada por la C\u00e1tedra EMALCSA-UDC.","robots":{"index":"index","follow":"follow","max-snippet":"max-snippet:-1","max-image-preview":"max-image-preview:large","max-video-preview":"max-video-preview:-1"},"canonical":"https:\/\/www.catedraemalcsa.com\/inawa-retos-legislativos-gestion-agua-urbana\/","og_locale":"gl_ES","og_type":"article","og_title":"INAWA re\u00fane a expertos para analizar los retos legislativos del agua urbana","og_description":"INAWA analizar\u00e1 los nuevos retos legislativos para la gesti\u00f3n del agua urbana en una jornada organizada por la C\u00e1tedra EMALCSA-UDC.","og_url":"https:\/\/www.catedraemalcsa.com\/inawa-retos-legislativos-gestion-agua-urbana\/","og_site_name":"C\u00e1tedra Emalcsa","article_published_time":"2026-09-04T06:30:44+00:00","og_image":[{"width":1024,"height":535,"url":"https:\/\/www.catedraemalcsa.com\/wp-content\/uploads\/2026\/09\/Seminario-Legal-1024x535.png","type":"image\/png"}],"author":"emalcsawp","twitter_card":"summary_large_image","twitter_title":"INAWA re\u00fane a expertos para analizar los retos legislativos del agua urbana","twitter_description":"INAWA analizar\u00e1 los nuevos retos legislativos para la gesti\u00f3n del agua urbana en una jornada organizada por la C\u00e1tedra EMALCSA-UDC.","twitter_image":"https:\/\/www.catedraemalcsa.com\/wp-content\/uploads\/2026\/09\/Seminario-Legal.png","twitter_misc":{"Escrito por":"emalcsawp","Tempo de lectura":"3 minutos"},"schema":{"@context":"https:\/\/schema.org","@graph":[{"@type":"Article","@id":"https:\/\/www.catedraemalcsa.com\/inawa-retos-legislativos-gestion-agua-urbana\/#article","isPartOf":{"@id":"https:\/\/www.catedraemalcsa.com\/inawa-retos-legislativos-gestion-agua-urbana\/"},"author":{"name":"emalcsawp","@id":"https:\/\/www.catedraemalcsa.com\/#\/schema\/person\/efb560fa9370bb4ce0760f6ef7a53907"},"headline":"INAWA re\u00fane a expertos para analizar los retos legislativos del agua urbana","datePublished":"2026-09-04T06:30:44+00:00","mainEntityOfPage":{"@id":"https:\/\/www.catedraemalcsa.com\/inawa-retos-legislativos-gestion-agua-urbana\/"},"wordCount":582,"publisher":{"@id":"https:\/\/www.catedraemalcsa.com\/#organization"},"image":{"@id":"https:\/\/www.catedraemalcsa.com\/inawa-retos-legislativos-gestion-agua-urbana\/#primaryimage"},"thumbnailUrl":"https:\/\/www.catedraemalcsa.com\/wp-content\/uploads\/2026\/09\/Seminario-Legal.png","articleSection":["Actualidad"],"inLanguage":"gl-ES"},{"@type":"WebPage","@id":"https:\/\/www.catedraemalcsa.com\/inawa-retos-legislativos-gestion-agua-urbana\/","url":"https:\/\/www.catedraemalcsa.com\/inawa-retos-legislativos-gestion-agua-urbana\/","name":"INAWA re\u00fane a expertos para analizar los retos legislativos del agua urbana","isPartOf":{"@id":"https:\/\/www.catedraemalcsa.com\/#website"},"primaryImageOfPage":{"@id":"https:\/\/www.catedraemalcsa.com\/inawa-retos-legislativos-gestion-agua-urbana\/#primaryimage"},"image":{"@id":"https:\/\/www.catedraemalcsa.com\/inawa-retos-legislativos-gestion-agua-urbana\/#primaryimage"},"thumbnailUrl":"https:\/\/www.catedraemalcsa.com\/wp-content\/uploads\/2026\/09\/Seminario-Legal.png","datePublished":"2026-09-04T06:30:44+00:00","description":"INAWA analizar\u00e1 los nuevos retos legislativos para la gesti\u00f3n del agua urbana en una jornada organizada por la C\u00e1tedra EMALCSA-UDC.","breadcrumb":{"@id":"https:\/\/www.catedraemalcsa.com\/inawa-retos-legislativos-gestion-agua-urbana\/#breadcrumb"},"inLanguage":"gl-ES","potentialAction":[{"@type":"ReadAction","target":["https:\/\/www.catedraemalcsa.com\/inawa-retos-legislativos-gestion-agua-urbana\/"]}]},{"@type":"ImageObject","inLanguage":"gl-ES","@id":"https:\/\/www.catedraemalcsa.com\/inawa-retos-legislativos-gestion-agua-urbana\/#primaryimage","url":"https:\/\/www.catedraemalcsa.com\/wp-content\/uploads\/2026\/09\/Seminario-Legal.png","contentUrl":"https:\/\/www.catedraemalcsa.com\/wp-content\/uploads\/2026\/09\/Seminario-Legal.png","width":2400,"height":1254,"caption":"INAWA retos legislativos gesti\u00f3n agua urbana"},{"@type":"BreadcrumbList","@id":"https:\/\/www.catedraemalcsa.com\/inawa-retos-legislativos-gestion-agua-urbana\/#breadcrumb","itemListElement":[{"@type":"ListItem","position":1,"name":"Portada","item":"https:\/\/www.catedraemalcsa.com\/"},{"@type":"ListItem","position":2,"name":"INAWA re\u00fane a expertos para analizar los retos legislativos del agua urbana"}]},{"@type":"WebSite","@id":"https:\/\/www.catedraemalcsa.com\/#website","url":"https:\/\/www.catedraemalcsa.com\/","name":"C\u00e1tedra Emalcsa","description":"C\u00e1tedra EMALCSA-UDC promover y articular la investigaci\u00f3n, innovaci\u00f3n y transferencia de conocimiento en el \u00e1mbito los sistemas de agua.","publisher":{"@id":"https:\/\/www.catedraemalcsa.com\/#organization"},"potentialAction":[{"@type":"SearchAction","target":{"@type":"EntryPoint","urlTemplate":"https:\/\/www.catedraemalcsa.com\/?s={search_term_string}"},"query-input":{"@type":"PropertyValueSpecification","valueRequired":true,"valueName":"search_term_string"}}],"inLanguage":"gl-ES"},{"@type":"Organization","@id":"https:\/\/www.catedraemalcsa.com\/#organization","name":"C\u00e1tedra Emalcsa","url":"https:\/\/www.catedraemalcsa.com\/","logo":{"@type":"ImageObject","inLanguage":"gl-ES","@id":"https:\/\/www.catedraemalcsa.com\/#\/schema\/logo\/image\/","url":"https:\/\/www.catedraemalcsa.com\/wp-content\/uploads\/2025\/07\/Catedra-Emalcsa-UDC.svg","contentUrl":"https:\/\/www.catedraemalcsa.com\/wp-content\/uploads\/2025\/07\/Catedra-Emalcsa-UDC.svg","width":185,"height":58,"caption":"C\u00e1tedra Emalcsa"},"image":{"@id":"https:\/\/www.catedraemalcsa.com\/#\/schema\/logo\/image\/"}},{"@type":"Person","@id":"https:\/\/www.catedraemalcsa.com\/#\/schema\/person\/efb560fa9370bb4ce0760f6ef7a53907","name":"emalcsawp","image":{"@type":"ImageObject","inLanguage":"gl-ES","@id":"https:\/\/secure.gravatar.com\/avatar\/80db74ffb4beb0be788543a1f45b29875710fd2c515220ced2e80bde3709de50?s=96&d=mm&r=g","url":"https:\/\/secure.gravatar.com\/avatar\/80db74ffb4beb0be788543a1f45b29875710fd2c515220ced2e80bde3709de50?s=96&d=mm&r=g","contentUrl":"https:\/\/secure.gravatar.com\/avatar\/80db74ffb4beb0be788543a1f45b29875710fd2c515220ced2e80bde3709de50?s=96&d=mm&r=g","caption":"emalcsawp"},"sameAs":["https:\/\/www.catedraemalcsa.com"],"url":"https:\/\/www.catedraemalcsa.com\/gl\/author\/emalcsawp\/"}]}},"_links":{"self":[{"href":"https:\/\/www.catedraemalcsa.com\/gl\/wp-json\/wp\/v2\/posts\/31951","targetHints":{"allow":["GET"]}}],"collection":[{"href":"https:\/\/www.catedraemalcsa.com\/gl\/wp-json\/wp\/v2\/posts"}],"about":[{"href":"https:\/\/www.catedraemalcsa.com\/gl\/wp-json\/wp\/v2\/types\/post"}],"author":[{"embeddable":true,"href":"https:\/\/www.catedraemalcsa.com\/gl\/wp-json\/wp\/v2\/users\/1"}],"replies":[{"embeddable":true,"href":"https:\/\/www.catedraemalcsa.com\/gl\/wp-json\/wp\/v2\/comments?post=31951"}],"version-history":[{"count":4,"href":"https:\/\/www.catedraemalcsa.com\/gl\/wp-json\/wp\/v2\/posts\/31951\/revisions"}],"predecessor-version":[{"id":31956,"href":"https:\/\/www.catedraemalcsa.com\/gl\/wp-json\/wp\/v2\/posts\/31951\/revisions\/31956"}],"wp:featuredmedia":[{"embeddable":true,"href":"https:\/\/www.catedraemalcsa.com\/gl\/wp-json\/wp\/v2\/media\/31952"}],"wp:attachment":[{"href":"https:\/\/www.catedraemalcsa.com\/gl\/wp-json\/wp\/v2\/media?parent=31951"}],"wp:term":[{"taxonomy":"category","embeddable":true,"href":"https:\/\/www.catedraemalcsa.com\/gl\/wp-json\/wp\/v2\/categories?post=31951"},{"taxonomy":"post_tag","embeddable":true,"href":"https:\/\/www.catedraemalcsa.com\/gl\/wp-json\/wp\/v2\/tags?post=31951"}],"curies":[{"name":"wp","href":"https:\/\/api.w.org\/{rel}","templated":true}]}}