{"id":27265,"date":"2026-04-30T15:00:00","date_gmt":"2026-04-30T13:00:00","guid":{"rendered":"https:\/\/www.catedraemalcsa.com\/?p=27265"},"modified":"2026-04-30T09:30:44","modified_gmt":"2026-04-30T07:30:44","slug":"mares-circulares","status":"publish","type":"post","link":"https:\/\/www.catedraemalcsa.com\/gl\/mares-circulares\/","title":{"rendered":"A C\u00e1tedra EMALCSA reforza o seu compromiso coa sustentabilidade a trav\u00e9s dunha nova acci\u00f3n de voluntariado con Mares Circulares"},"content":{"rendered":"\n<p>O vindeiro m\u00e9rcores, a C\u00e1tedra EMALCSA participar\u00e1 nunha nova xornada de voluntariado ambiental no marco do proxecto <em>Mares Circulares<\/em>, impulsado por Coca-Cola, unha das iniciativas de referencia en Espa\u00f1a en materia de protecci\u00f3n de contornas acu\u00e1ticas e promoci\u00f3n da econom\u00eda circular.<\/p>\n\n\n\n<p>Este programa, que integra acci\u00f3n directa, sensibilizaci\u00f3n cidad\u00e1 e investigaci\u00f3n cient\u00edfica, ten como obxectivo principal a limpeza de espazos naturais, especialmente aqueles vinculados a ecosistemas mari\u00f1os e fluviais, as\u00ed como a caracterizaci\u00f3n dos residuos recollidos para avanzar no co\u00f1ecemento sobre a s\u00faa orixe, tipolox\u00eda e impacto.<\/p>\n\n\n\n<p>A participaci\u00f3n da C\u00e1tedra nesta iniciativa enm\u00e1rcase dentro da s\u00faa misi\u00f3n de xerar e transferir co\u00f1ecemento arredor da xesti\u00f3n sostible da auga e dos recursos asociados, contribu\u00edndo de forma activa \u00e1 mellora da contorna e ao desenvolvemento de soluci\u00f3ns baseadas na evidencia.<\/p>\n\n\n\n<h3 class=\"wp-block-heading\">Voluntariado, ciencia e concienciaci\u00f3n: un enfoque integral<\/h3>\n\n\n\n<p>Un dos aspectos diferenciais de <em>Mares Circulares<\/em> \u00e9 o seu enfoque integral. M\u00e1is al\u00e1 das acci\u00f3ns de limpeza, o proxecto promove a investigaci\u00f3n mediante a colaboraci\u00f3n con universidades e centros especializados, facilitando a an\u00e1lise dos residuos recollidos e a s\u00faa trazabilidade.<\/p>\n\n\n\n<p>Este compo\u00f1ente cient\u00edfico resulta clave para dese\u00f1ar estratexias m\u00e1is eficaces de prevenci\u00f3n, ali\u00f1adas cos principios da econom\u00eda circular e da reduci\u00f3n do impacto ambiental.<\/p>\n\n\n\n<p>As\u00ed mesmo, estas xornadas constit\u00faen un espazo de sensibilizaci\u00f3n e educaci\u00f3n ambiental, no que a participaci\u00f3n activa do voluntariado contrib\u00fae a reforzar a conciencia colectiva sobre a importancia de preservar os ecosistemas.<\/p>\n\n\n\n<h3 class=\"wp-block-heading\">Un compromiso ali\u00f1ado cos retos actuais<\/h3>\n\n\n\n<p>Nun contexto marcado polos desaf\u00edos asociados ao cambio clim\u00e1tico, \u00e1 contaminaci\u00f3n e \u00e1 presi\u00f3n sobre os recursos naturais, iniciativas como esta adquiren unha relevancia estrat\u00e9xica.<\/p>\n\n\n\n<p>A implicaci\u00f3n da C\u00e1tedra EMALCSA neste tipo de acci\u00f3ns responde \u00e1 necesidade de abordar estes retos desde unha perspectiva multidisciplinar, combinando co\u00f1ecemento acad\u00e9mico, colaboraci\u00f3n institucional e participaci\u00f3n social.<\/p>\n\n\n\n<p>Deste xeito, non s\u00f3 se contrib\u00fae \u00e1 mellora directa da contorna, sen\u00f3n que tam\u00e9n se impulsa un modelo de desenvolvemento m\u00e1is sostible, baseado na responsabilidade compartida.<\/p>\n\n\n\n<h3 class=\"wp-block-heading\">Invitaci\u00f3n \u00e1 participaci\u00f3n<\/h3>\n\n\n\n<p>Desde a C\u00e1tedra EMALCSA animamos \u00e1 comunidade universitaria, institucional e \u00e1 cidadan\u00eda en xeral a implicarse neste tipo de iniciativas, que representan unha oportunidade real de xerar impacto positivo.<\/p>\n\n\n\n<p>A sustentabilidade non \u00e9 unicamente un \u00e1mbito de estudo, sen\u00f3n un compromiso que se materializa a trav\u00e9s de acci\u00f3ns concretas como esta.<\/p>\n\n\n\n<p>\ud83d\udd17 Para m\u00e1is informaci\u00f3n sobre o proxecto Mares Circulares:<br><a href=\"https:\/\/www.cocacolaep.com\/es\/mares-circulares\/\">https:\/\/www.cocacolaep.com\/es\/mares-circulares\/<\/a><\/p>\n","protected":false},"excerpt":{"rendered":"<p>O vindeiro m\u00e9rcores, a C\u00e1tedra EMALCSA participar\u00e1 nunha nova xornada de voluntariado ambiental no marco&hellip;<\/p>\n","protected":false},"author":21,"featured_media":27263,"comment_status":"closed","ping_status":"open","sticky":false,"template":"","format":"standard","meta":{"inline_featured_image":false,"_themeisle_gutenberg_block_has_review":false,"footnotes":""},"categories":[284],"tags":[],"class_list":["post-27265","post","type-post","status-publish","format-standard","has-post-thumbnail","hentry","category-actualidade"],"yoast_head":"<!-- This site is optimized with the Yoast SEO plugin v27.5 - https:\/\/yoast.com\/product\/yoast-seo-wordpress\/ -->\n<title>A C\u00e1tedra EMALCSA reforza o seu compromiso coa sustentabilidade a trav\u00e9s dunha nova acci\u00f3n de voluntariado con Mares Circulares - C\u00e1tedra Emalcsa - UDC<\/title>\n<meta name=\"description\" content=\"O vindeiro m\u00e9rcores, participaremos nunha acci\u00f3n de voluntariado enmarcada no proxecto Mares Circulares, impulsado por Coca-Cola.\" \/>\n<meta name=\"robots\" content=\"index, follow, max-snippet:-1, max-image-preview:large, max-video-preview:-1\" \/>\n<link rel=\"canonical\" href=\"https:\/\/www.catedraemalcsa.com\/gl\/mares-circulares\/\" \/>\n<meta property=\"og:locale\" content=\"gl_ES\" \/>\n<meta property=\"og:type\" content=\"article\" \/>\n<meta property=\"og:title\" content=\"Mares Circulares\" \/>\n<meta property=\"og:description\" content=\"El pr\u00f3ximo mi\u00e9rcoles, la C\u00e1tedra EMALCSA participar\u00e1 en una acci\u00f3n de voluntariado ambiental enmarcada en el proyecto Mares Circulares, impulsado por Coca-Cola.\" \/>\n<meta property=\"og:url\" content=\"https:\/\/www.catedraemalcsa.com\/gl\/mares-circulares\/\" \/>\n<meta property=\"og:site_name\" content=\"C\u00e1tedra Emalcsa - UDC\" \/>\n<meta property=\"article:publisher\" content=\"https:\/\/www.facebook.com\/Ctedra-Emalcsa-Udc-426980904504313\/\" \/>\n<meta property=\"article:published_time\" content=\"2026-04-30T13:00:00+00:00\" \/>\n<meta property=\"og:image\" content=\"https:\/\/www.catedraemalcsa.com\/wp-content\/uploads\/2026\/04\/mares_circulares.jpg\" \/>\n\t<meta property=\"og:image:width\" content=\"1200\" \/>\n\t<meta property=\"og:image:height\" content=\"744\" \/>\n\t<meta property=\"og:image:type\" content=\"image\/jpeg\" \/>\n<meta name=\"author\" content=\"Ingenyus\" \/>\n<meta name=\"twitter:card\" content=\"summary_large_image\" \/>\n<meta name=\"twitter:creator\" content=\"@CatEmalcsaUdc\" \/>\n<meta name=\"twitter:site\" content=\"@CatEmalcsaUdc\" \/>\n<meta name=\"twitter:label1\" content=\"Escrito por\" \/>\n\t<meta name=\"twitter:data1\" content=\"Ingenyus\" \/>\n\t<meta name=\"twitter:label2\" content=\"Tempo de lectura\" \/>\n\t<meta name=\"twitter:data2\" content=\"2 minutos\" \/>\n<script type=\"application\/ld+json\" class=\"yoast-schema-graph\">{\"@context\":\"https:\\\/\\\/schema.org\",\"@graph\":[{\"@type\":\"Article\",\"@id\":\"https:\\\/\\\/www.catedraemalcsa.com\\\/gl\\\/mares-circulares\\\/#article\",\"isPartOf\":{\"@id\":\"https:\\\/\\\/www.catedraemalcsa.com\\\/gl\\\/mares-circulares\\\/\"},\"author\":{\"name\":\"Ingenyus\",\"@id\":\"https:\\\/\\\/www.catedraemalcsa.com\\\/gl\\\/#\\\/schema\\\/person\\\/913b9cf40e3b6a2003592949c35d69e3\"},\"headline\":\"A C\u00e1tedra EMALCSA reforza o seu compromiso coa sustentabilidade a trav\u00e9s dunha nova acci\u00f3n de voluntariado con Mares Circulares\",\"datePublished\":\"2026-04-30T13:00:00+00:00\",\"mainEntityOfPage\":{\"@id\":\"https:\\\/\\\/www.catedraemalcsa.com\\\/gl\\\/mares-circulares\\\/\"},\"wordCount\":469,\"publisher\":{\"@id\":\"https:\\\/\\\/www.catedraemalcsa.com\\\/gl\\\/#organization\"},\"image\":{\"@id\":\"https:\\\/\\\/www.catedraemalcsa.com\\\/gl\\\/mares-circulares\\\/#primaryimage\"},\"thumbnailUrl\":\"https:\\\/\\\/www.catedraemalcsa.com\\\/wp-content\\\/uploads\\\/2026\\\/04\\\/mares_circulares.jpg\",\"articleSection\":[\"Actualidade\"],\"inLanguage\":\"gl-ES\"},{\"@type\":\"WebPage\",\"@id\":\"https:\\\/\\\/www.catedraemalcsa.com\\\/gl\\\/mares-circulares\\\/\",\"url\":\"https:\\\/\\\/www.catedraemalcsa.com\\\/gl\\\/mares-circulares\\\/\",\"name\":\"A C\u00e1tedra EMALCSA reforza o seu compromiso coa sustentabilidade a trav\u00e9s dunha nova acci\u00f3n de voluntariado con Mares Circulares - C\u00e1tedra Emalcsa - UDC\",\"isPartOf\":{\"@id\":\"https:\\\/\\\/www.catedraemalcsa.com\\\/gl\\\/#website\"},\"primaryImageOfPage\":{\"@id\":\"https:\\\/\\\/www.catedraemalcsa.com\\\/gl\\\/mares-circulares\\\/#primaryimage\"},\"image\":{\"@id\":\"https:\\\/\\\/www.catedraemalcsa.com\\\/gl\\\/mares-circulares\\\/#primaryimage\"},\"thumbnailUrl\":\"https:\\\/\\\/www.catedraemalcsa.com\\\/wp-content\\\/uploads\\\/2026\\\/04\\\/mares_circulares.jpg\",\"datePublished\":\"2026-04-30T13:00:00+00:00\",\"description\":\"O vindeiro m\u00e9rcores, participaremos nunha acci\u00f3n de voluntariado enmarcada no proxecto Mares Circulares, impulsado por Coca-Cola.\",\"breadcrumb\":{\"@id\":\"https:\\\/\\\/www.catedraemalcsa.com\\\/gl\\\/mares-circulares\\\/#breadcrumb\"},\"inLanguage\":\"gl-ES\",\"potentialAction\":[{\"@type\":\"ReadAction\",\"target\":[\"https:\\\/\\\/www.catedraemalcsa.com\\\/gl\\\/mares-circulares\\\/\"]}]},{\"@type\":\"ImageObject\",\"inLanguage\":\"gl-ES\",\"@id\":\"https:\\\/\\\/www.catedraemalcsa.com\\\/gl\\\/mares-circulares\\\/#primaryimage\",\"url\":\"https:\\\/\\\/www.catedraemalcsa.com\\\/wp-content\\\/uploads\\\/2026\\\/04\\\/mares_circulares.jpg\",\"contentUrl\":\"https:\\\/\\\/www.catedraemalcsa.com\\\/wp-content\\\/uploads\\\/2026\\\/04\\\/mares_circulares.jpg\",\"width\":1200,\"height\":744},{\"@type\":\"BreadcrumbList\",\"@id\":\"https:\\\/\\\/www.catedraemalcsa.com\\\/gl\\\/mares-circulares\\\/#breadcrumb\",\"itemListElement\":[{\"@type\":\"ListItem\",\"position\":1,\"name\":\"Portada\",\"item\":\"https:\\\/\\\/www.catedraemalcsa.com\\\/gl\\\/\"},{\"@type\":\"ListItem\",\"position\":2,\"name\":\"A C\u00e1tedra EMALCSA reforza o seu compromiso coa sustentabilidade a trav\u00e9s dunha nova acci\u00f3n de voluntariado con Mares Circulares\"}]},{\"@type\":\"WebSite\",\"@id\":\"https:\\\/\\\/www.catedraemalcsa.com\\\/gl\\\/#website\",\"url\":\"https:\\\/\\\/www.catedraemalcsa.com\\\/gl\\\/\",\"name\":\"C\u00e1tedra Emalcsa - UDC\",\"description\":\"P\u00e1gina web de la C\u00e1tedra Emalcsa - UDC en la que se tratan aspectos relacionados con la gesti\u00f3n integrada del recurso del agua.\",\"publisher\":{\"@id\":\"https:\\\/\\\/www.catedraemalcsa.com\\\/gl\\\/#organization\"},\"potentialAction\":[{\"@type\":\"SearchAction\",\"target\":{\"@type\":\"EntryPoint\",\"urlTemplate\":\"https:\\\/\\\/www.catedraemalcsa.com\\\/gl\\\/?s={search_term_string}\"},\"query-input\":{\"@type\":\"PropertyValueSpecification\",\"valueRequired\":true,\"valueName\":\"search_term_string\"}}],\"inLanguage\":\"gl-ES\"},{\"@type\":\"Organization\",\"@id\":\"https:\\\/\\\/www.catedraemalcsa.com\\\/gl\\\/#organization\",\"name\":\"C\u00e1tedra Emalcsa - UDC\",\"url\":\"https:\\\/\\\/www.catedraemalcsa.com\\\/gl\\\/\",\"logo\":{\"@type\":\"ImageObject\",\"inLanguage\":\"gl-ES\",\"@id\":\"https:\\\/\\\/www.catedraemalcsa.com\\\/gl\\\/#\\\/schema\\\/logo\\\/image\\\/\",\"url\":\"https:\\\/\\\/www.catedraemalcsa.com\\\/wp-content\\\/uploads\\\/2022\\\/10\\\/LOGOTIPO-EMALCSA.png\",\"contentUrl\":\"https:\\\/\\\/www.catedraemalcsa.com\\\/wp-content\\\/uploads\\\/2022\\\/10\\\/LOGOTIPO-EMALCSA.png\",\"width\":600,\"height\":180,\"caption\":\"C\u00e1tedra Emalcsa - UDC\"},\"image\":{\"@id\":\"https:\\\/\\\/www.catedraemalcsa.com\\\/gl\\\/#\\\/schema\\\/logo\\\/image\\\/\"},\"sameAs\":[\"https:\\\/\\\/www.facebook.com\\\/Ctedra-Emalcsa-Udc-426980904504313\\\/\",\"https:\\\/\\\/x.com\\\/CatEmalcsaUdc\",\"http:\\\/\\\/www.linkedin.com\\\/in\\\/catedra-emalcsa-udc\"]},{\"@type\":\"Person\",\"@id\":\"https:\\\/\\\/www.catedraemalcsa.com\\\/gl\\\/#\\\/schema\\\/person\\\/913b9cf40e3b6a2003592949c35d69e3\",\"name\":\"Ingenyus\",\"image\":{\"@type\":\"ImageObject\",\"inLanguage\":\"gl-ES\",\"@id\":\"https:\\\/\\\/secure.gravatar.com\\\/avatar\\\/80db74ffb4beb0be788543a1f45b29875710fd2c515220ced2e80bde3709de50?s=96&d=mm&r=g\",\"url\":\"https:\\\/\\\/secure.gravatar.com\\\/avatar\\\/80db74ffb4beb0be788543a1f45b29875710fd2c515220ced2e80bde3709de50?s=96&d=mm&r=g\",\"contentUrl\":\"https:\\\/\\\/secure.gravatar.com\\\/avatar\\\/80db74ffb4beb0be788543a1f45b29875710fd2c515220ced2e80bde3709de50?s=96&d=mm&r=g\",\"caption\":\"Ingenyus\"},\"url\":\"https:\\\/\\\/www.catedraemalcsa.com\\\/gl\\\/author\\\/ingenyus\\\/\"}]}<\/script>\n<!-- \/ Yoast SEO plugin. -->","yoast_head_json":{"title":"A C\u00e1tedra EMALCSA reforza o seu compromiso coa sustentabilidade a trav\u00e9s dunha nova acci\u00f3n de voluntariado con Mares Circulares - C\u00e1tedra Emalcsa - UDC","description":"O vindeiro m\u00e9rcores, participaremos nunha acci\u00f3n de voluntariado enmarcada no proxecto Mares Circulares, impulsado por Coca-Cola.","robots":{"index":"index","follow":"follow","max-snippet":"max-snippet:-1","max-image-preview":"max-image-preview:large","max-video-preview":"max-video-preview:-1"},"canonical":"https:\/\/www.catedraemalcsa.com\/gl\/mares-circulares\/","og_locale":"gl_ES","og_type":"article","og_title":"Mares Circulares","og_description":"El pr\u00f3ximo mi\u00e9rcoles, la C\u00e1tedra EMALCSA participar\u00e1 en una acci\u00f3n de voluntariado ambiental enmarcada en el proyecto Mares Circulares, impulsado por Coca-Cola.","og_url":"https:\/\/www.catedraemalcsa.com\/gl\/mares-circulares\/","og_site_name":"C\u00e1tedra Emalcsa - UDC","article_publisher":"https:\/\/www.facebook.com\/Ctedra-Emalcsa-Udc-426980904504313\/","article_published_time":"2026-04-30T13:00:00+00:00","og_image":[{"width":1200,"height":744,"url":"https:\/\/www.catedraemalcsa.com\/wp-content\/uploads\/2026\/04\/mares_circulares.jpg","type":"image\/jpeg"}],"author":"Ingenyus","twitter_card":"summary_large_image","twitter_creator":"@CatEmalcsaUdc","twitter_site":"@CatEmalcsaUdc","twitter_misc":{"Escrito por":"Ingenyus","Tempo de lectura":"2 minutos"},"schema":{"@context":"https:\/\/schema.org","@graph":[{"@type":"Article","@id":"https:\/\/www.catedraemalcsa.com\/gl\/mares-circulares\/#article","isPartOf":{"@id":"https:\/\/www.catedraemalcsa.com\/gl\/mares-circulares\/"},"author":{"name":"Ingenyus","@id":"https:\/\/www.catedraemalcsa.com\/gl\/#\/schema\/person\/913b9cf40e3b6a2003592949c35d69e3"},"headline":"A C\u00e1tedra EMALCSA reforza o seu compromiso coa sustentabilidade a trav\u00e9s dunha nova acci\u00f3n de voluntariado con Mares Circulares","datePublished":"2026-04-30T13:00:00+00:00","mainEntityOfPage":{"@id":"https:\/\/www.catedraemalcsa.com\/gl\/mares-circulares\/"},"wordCount":469,"publisher":{"@id":"https:\/\/www.catedraemalcsa.com\/gl\/#organization"},"image":{"@id":"https:\/\/www.catedraemalcsa.com\/gl\/mares-circulares\/#primaryimage"},"thumbnailUrl":"https:\/\/www.catedraemalcsa.com\/wp-content\/uploads\/2026\/04\/mares_circulares.jpg","articleSection":["Actualidade"],"inLanguage":"gl-ES"},{"@type":"WebPage","@id":"https:\/\/www.catedraemalcsa.com\/gl\/mares-circulares\/","url":"https:\/\/www.catedraemalcsa.com\/gl\/mares-circulares\/","name":"A C\u00e1tedra EMALCSA reforza o seu compromiso coa sustentabilidade a trav\u00e9s dunha nova acci\u00f3n de voluntariado con Mares Circulares - C\u00e1tedra Emalcsa - UDC","isPartOf":{"@id":"https:\/\/www.catedraemalcsa.com\/gl\/#website"},"primaryImageOfPage":{"@id":"https:\/\/www.catedraemalcsa.com\/gl\/mares-circulares\/#primaryimage"},"image":{"@id":"https:\/\/www.catedraemalcsa.com\/gl\/mares-circulares\/#primaryimage"},"thumbnailUrl":"https:\/\/www.catedraemalcsa.com\/wp-content\/uploads\/2026\/04\/mares_circulares.jpg","datePublished":"2026-04-30T13:00:00+00:00","description":"O vindeiro m\u00e9rcores, participaremos nunha acci\u00f3n de voluntariado enmarcada no proxecto Mares Circulares, impulsado por Coca-Cola.","breadcrumb":{"@id":"https:\/\/www.catedraemalcsa.com\/gl\/mares-circulares\/#breadcrumb"},"inLanguage":"gl-ES","potentialAction":[{"@type":"ReadAction","target":["https:\/\/www.catedraemalcsa.com\/gl\/mares-circulares\/"]}]},{"@type":"ImageObject","inLanguage":"gl-ES","@id":"https:\/\/www.catedraemalcsa.com\/gl\/mares-circulares\/#primaryimage","url":"https:\/\/www.catedraemalcsa.com\/wp-content\/uploads\/2026\/04\/mares_circulares.jpg","contentUrl":"https:\/\/www.catedraemalcsa.com\/wp-content\/uploads\/2026\/04\/mares_circulares.jpg","width":1200,"height":744},{"@type":"BreadcrumbList","@id":"https:\/\/www.catedraemalcsa.com\/gl\/mares-circulares\/#breadcrumb","itemListElement":[{"@type":"ListItem","position":1,"name":"Portada","item":"https:\/\/www.catedraemalcsa.com\/gl\/"},{"@type":"ListItem","position":2,"name":"A C\u00e1tedra EMALCSA reforza o seu compromiso coa sustentabilidade a trav\u00e9s dunha nova acci\u00f3n de voluntariado con Mares Circulares"}]},{"@type":"WebSite","@id":"https:\/\/www.catedraemalcsa.com\/gl\/#website","url":"https:\/\/www.catedraemalcsa.com\/gl\/","name":"C\u00e1tedra Emalcsa - UDC","description":"P\u00e1gina web de la C\u00e1tedra Emalcsa - UDC en la que se tratan aspectos relacionados con la gesti\u00f3n integrada del recurso del agua.","publisher":{"@id":"https:\/\/www.catedraemalcsa.com\/gl\/#organization"},"potentialAction":[{"@type":"SearchAction","target":{"@type":"EntryPoint","urlTemplate":"https:\/\/www.catedraemalcsa.com\/gl\/?s={search_term_string}"},"query-input":{"@type":"PropertyValueSpecification","valueRequired":true,"valueName":"search_term_string"}}],"inLanguage":"gl-ES"},{"@type":"Organization","@id":"https:\/\/www.catedraemalcsa.com\/gl\/#organization","name":"C\u00e1tedra Emalcsa - UDC","url":"https:\/\/www.catedraemalcsa.com\/gl\/","logo":{"@type":"ImageObject","inLanguage":"gl-ES","@id":"https:\/\/www.catedraemalcsa.com\/gl\/#\/schema\/logo\/image\/","url":"https:\/\/www.catedraemalcsa.com\/wp-content\/uploads\/2022\/10\/LOGOTIPO-EMALCSA.png","contentUrl":"https:\/\/www.catedraemalcsa.com\/wp-content\/uploads\/2022\/10\/LOGOTIPO-EMALCSA.png","width":600,"height":180,"caption":"C\u00e1tedra Emalcsa - UDC"},"image":{"@id":"https:\/\/www.catedraemalcsa.com\/gl\/#\/schema\/logo\/image\/"},"sameAs":["https:\/\/www.facebook.com\/Ctedra-Emalcsa-Udc-426980904504313\/","https:\/\/x.com\/CatEmalcsaUdc","http:\/\/www.linkedin.com\/in\/catedra-emalcsa-udc"]},{"@type":"Person","@id":"https:\/\/www.catedraemalcsa.com\/gl\/#\/schema\/person\/913b9cf40e3b6a2003592949c35d69e3","name":"Ingenyus","image":{"@type":"ImageObject","inLanguage":"gl-ES","@id":"https:\/\/secure.gravatar.com\/avatar\/80db74ffb4beb0be788543a1f45b29875710fd2c515220ced2e80bde3709de50?s=96&d=mm&r=g","url":"https:\/\/secure.gravatar.com\/avatar\/80db74ffb4beb0be788543a1f45b29875710fd2c515220ced2e80bde3709de50?s=96&d=mm&r=g","contentUrl":"https:\/\/secure.gravatar.com\/avatar\/80db74ffb4beb0be788543a1f45b29875710fd2c515220ced2e80bde3709de50?s=96&d=mm&r=g","caption":"Ingenyus"},"url":"https:\/\/www.catedraemalcsa.com\/gl\/author\/ingenyus\/"}]}},"_links":{"self":[{"href":"https:\/\/www.catedraemalcsa.com\/gl\/wp-json\/wp\/v2\/posts\/27265","targetHints":{"allow":["GET"]}}],"collection":[{"href":"https:\/\/www.catedraemalcsa.com\/gl\/wp-json\/wp\/v2\/posts"}],"about":[{"href":"https:\/\/www.catedraemalcsa.com\/gl\/wp-json\/wp\/v2\/types\/post"}],"author":[{"embeddable":true,"href":"https:\/\/www.catedraemalcsa.com\/gl\/wp-json\/wp\/v2\/users\/21"}],"replies":[{"embeddable":true,"href":"https:\/\/www.catedraemalcsa.com\/gl\/wp-json\/wp\/v2\/comments?post=27265"}],"version-history":[{"count":1,"href":"https:\/\/www.catedraemalcsa.com\/gl\/wp-json\/wp\/v2\/posts\/27265\/revisions"}],"predecessor-version":[{"id":27267,"href":"https:\/\/www.catedraemalcsa.com\/gl\/wp-json\/wp\/v2\/posts\/27265\/revisions\/27267"}],"wp:featuredmedia":[{"embeddable":true,"href":"https:\/\/www.catedraemalcsa.com\/gl\/wp-json\/wp\/v2\/media\/27263"}],"wp:attachment":[{"href":"https:\/\/www.catedraemalcsa.com\/gl\/wp-json\/wp\/v2\/media?parent=27265"}],"wp:term":[{"taxonomy":"category","embeddable":true,"href":"https:\/\/www.catedraemalcsa.com\/gl\/wp-json\/wp\/v2\/categories?post=27265"},{"taxonomy":"post_tag","embeddable":true,"href":"https:\/\/www.catedraemalcsa.com\/gl\/wp-json\/wp\/v2\/tags?post=27265"}],"curies":[{"name":"wp","href":"https:\/\/api.w.org\/{rel}","templated":true}]}}