{"id":26734,"date":"2024-11-25T13:37:06","date_gmt":"2024-11-25T12:37:06","guid":{"rendered":"https:\/\/www.catedraemalcsa.com\/?p=26734"},"modified":"2024-12-11T10:43:15","modified_gmt":"2024-12-11T09:43:15","slug":"a-catedra-emalcsa-udc-presenta-o-vindeiro-12-de-decembro-na-sala-leonardo-da-vinci-da-domus-os-resultados-das-investigacions-que-realizou-entre-2021-e-2024","status":"publish","type":"post","link":"https:\/\/www.catedraemalcsa.com\/gl\/a-catedra-emalcsa-udc-presenta-o-vindeiro-12-de-decembro-na-sala-leonardo-da-vinci-da-domus-os-resultados-das-investigacions-que-realizou-entre-2021-e-2024\/","title":{"rendered":"A C\u00e1tedra Emalcsa-UDC presenta o vindeiro 12 de decembro na Sala Leonardo da Vinci da Domus os resultados das investigaci\u00f3ns que realizou entre 2021 e 2024"},"content":{"rendered":"\n<p>O vindeiro xoves, 12 de decembro, a C\u00e1tedra Emalcsa-UDC presentar\u00e1 na Sala Nautilus da Domus os resultados das investigaci\u00f3ns que realizou entre 2021 e 2024. No evento diferentes investigadores da Universidade da Coru\u00f1a que colaboran coa C\u00e1tedra amosar\u00e1n as conclusi\u00f3ns dos traballos desenvolvidos nese periodo no marco das principais li\u00f1as de investigaci\u00f3n da C\u00e1tedra: <a href=\"https:\/\/www.catedraemalcsa.com\/gl\/plan-ado-auga-dende-a-orixe\/\">Plan AdO (Auga dende a Orixe)<\/a>, <a href=\"https:\/\/www.catedraemalcsa.com\/gl\/plan-ecad-excelencia-na-calidade-da-auga-distribuida\/\">Plan Ecad (Excelencia na Auga Distribuida)<\/a> e <a href=\"https:\/\/www.catedraemalcsa.com\/gl\/aqualab-mellora-dixital-do-sistema-urbano-de-augas\/\">AquaLab (Mellora Dixital do Sistema Urbano de Augas)<\/a>.<\/p>\n\n\n\n<p>A inscrici\u00f3n (<a href=\"https:\/\/www.fundacion.udc.es\/inscripcion.asp?id=2130&amp;idioma=GA\">neste enlace<\/a>) \u00e9 libre ata completar o aforo.<\/p>\n\n\n\n<p>Velaqu\u00ed o programa da xornada, que tam\u00e9n se poder\u00e1 seguir v\u00eda streaming <a href=\"https:\/\/www.youtube.com\/live\/kOTkLqtc2T4\">na canle de Youtube de Emalcsa<\/a>.<\/p>\n\n\n\n<p><strong>\u2014 9:00-9:30. Recepci\u00f3n de asistentes.<\/strong><\/p>\n\n\n\n<p><strong>\u2014 9:30-9.45. Apertura da xornada.<\/strong><\/p>\n\n\n\n<ul class=\"wp-block-list\">\n<li>Ricardo Cao Abad, reitor magn\u00edfico da Universidade da Coru\u00f1a.<\/li>\n\n\n\n<li>Roi Fern\u00e1ndez A\u00f1\u00f3n, director de Augas de Galicia, Xunta de Galicia.<\/li>\n\n\n\n<li>Yoya Neira Fern\u00e1ndez, concelleira de Medio Ambiente do Concello da Coru\u00f1a.<\/li>\n\n\n\n<li>Jaime Casti\u00f1eira de la Torre, director xeral de EMALCSA.<\/li>\n\n\n\n<li>Sergio Roiloa, director da C\u00e1tedra EMALCSA-UDC.<\/li>\n<\/ul>\n\n\n\n<p><\/p>\n\n\n\n<p><strong>\u2014 9:45-10:00. <em>A C\u00e1tedra EMALCSA-UDC, sete anos de colaboraci\u00f3n<\/em><\/strong> <strong><em>universidade-empresa para mellorar a xesti\u00f3n da auga<\/em>. <\/strong>Ricardo V\u00e1zquez, director I+D+i de EMALCSA.<\/p>\n\n\n\n<p><strong>\u2014 10:00-11:00. Resultados de Investigaci\u00f3n Plan AdO. Limnolox\u00eda.<\/strong><\/p>\n\n\n\n<ul class=\"wp-block-list\">\n<li>Jos\u00e9 Luis Cereijo. <em>Seguimento de par\u00e1metros de calidade da auga na bac\u00eda do r\u00edo Mero<\/em>.<\/li>\n\n\n\n<li>Rafael Carballeira. <em>Seguimento do fitoplancton no encoro de Cecebre-Abegondo<\/em>.<\/li>\n\n\n\n<li>Jordi Delgado. <em>Avaliaci\u00f3n de sedimentos e estado do encalco da Telva (Cambre)<\/em>.<\/li>\n\n\n\n<li>Mois\u00e9s Canle. Contaminantes emerxentes e micropl\u00e1sticos na bac\u00eda do Mero-Barc\u00e9s e no abastecemento da Coru\u00f1a.<\/li>\n<\/ul>\n\n\n\n<p><\/p>\n\n\n\n<p><strong>\u2014 11:00-11:30. Resultados de Investigaci\u00f3n Plan AdO. Ecolox\u00eda.<\/strong><\/p>\n\n\n\n<ul class=\"wp-block-list\">\n<li>Manel Leira. <em>Bioindicadores: a vexetaci\u00f3n acu\u00e1tica desvela a sa\u00fade ecol\u00f3xica dos r\u00edos Mero e Barc\u00e9s.<\/em><\/li>\n\n\n\n<li>Alejandro M. Abra\u00edn. <em>A distribuci\u00f3n da toupa de auga (Galemys pyrenaicus) na bac\u00eda do r\u00edo Mero. como bioindicadora da constancia de caudal ao longo do ano hidrol\u00f3xico.<\/em><\/li>\n<\/ul>\n\n\n\n<p><\/p>\n\n\n\n<p><strong>\u2014 11:30-12:00. Pausa-caf\u00e9.<\/strong><\/p>\n\n\n\n<p><strong>\u2014 12:00-12:45. Resultados de investigaci\u00f3n Plan ECAD e AquaLab.<\/strong><\/p>\n\n\n\n<ul class=\"wp-block-list\">\n<li>Ricardo Juncosa. <em>Monitorizaci\u00f3n e seguimento dos par\u00e1metros f\u00edsico-qu\u00edmicos da auga da rede de distribuci\u00f3n nun panel de tubaxes<\/em>.<\/li>\n\n\n\n<li>Hector Quinti\u00e1n. <em>Dixitalizaci\u00f3n e optimizaci\u00f3n en redes de distribuci\u00f3n de auga: MEDUSA#4<\/em>.<\/li>\n\n\n\n<li>Joaqu\u00edn Su\u00e1rez. <em>Unha proposta para a an\u00e1lise de soluci\u00f3ns de saneamento no medio rural con poboaci\u00f3n dispersa. O caso de Carral<\/em>.<\/li>\n<\/ul>\n\n\n\n<p><\/p>\n\n\n\n<p><strong>\u2014 12:45-13:00. <\/strong>Carlos Amoedo. <strong><em>Convenio de colaboraci\u00f3n: avaliaci\u00f3n e recomendaci\u00f3ns do sistema de xesti\u00f3n da auga urbano para a cidade de Santiago de Compostela<\/em>.<\/strong><\/p>\n\n\n\n<p><strong>\u2014 13:00-13:45. Mesa redonda. <\/strong><em>A I+D+i no \u00e1mbito da auga urbana en Galicia. Modera: Jer\u00f3nimo Puertas, Vicerreitor de Investigaci\u00f3n e Transferencia da Universidade da Coru\u00f1a<\/em>.<\/p>\n\n\n\n<ul class=\"wp-block-list\">\n<li>Aqualia<\/li>\n\n\n\n<li>Viaqua\/Cetaqua<\/li>\n\n\n\n<li>Espina&amp;Delfin<\/li>\n\n\n\n<li>Gestagua<\/li>\n\n\n\n<li>CRETUS (USC)<\/li>\n<\/ul>\n\n\n\n<p><\/p>\n\n\n\n<p><strong>\u2014 13:45-13:50. Balance e futuro da C\u00e1tedra. <\/strong>Mois\u00e9s Canle e Sergio Roiloa, directores da C\u00e1tedra EMALCSA-UDC no per\u00edodo 2021-2024.<\/p>\n\n\n\n<p><strong>\u2014 13:50-14:00. Peche da xornada. <\/strong>Jer\u00f3nimo Puertas, vicerreitor de Investigaci\u00f3n e Transferencia da Universidade da Coru\u00f1a.<\/p>\n\n\n\n<p><strong>\u2014 14:00-14:30. Petisco.<\/strong><\/p>\n\n\n\n<figure class=\"wp-block-image size-large\"><img fetchpriority=\"high\" decoding=\"async\" width=\"722\" height=\"1024\" src=\"https:\/\/www.catedraemalcsa.com\/wp-content\/uploads\/2024\/11\/CARTEL-3-722x1024.png\" alt=\"\" class=\"wp-image-26774\" srcset=\"https:\/\/www.catedraemalcsa.com\/wp-content\/uploads\/2024\/11\/CARTEL-3-722x1024.png 722w, https:\/\/www.catedraemalcsa.com\/wp-content\/uploads\/2024\/11\/CARTEL-3-211x300.png 211w, https:\/\/www.catedraemalcsa.com\/wp-content\/uploads\/2024\/11\/CARTEL-3-768x1090.png 768w, https:\/\/www.catedraemalcsa.com\/wp-content\/uploads\/2024\/11\/CARTEL-3-1083x1536.png 1083w, https:\/\/www.catedraemalcsa.com\/wp-content\/uploads\/2024\/11\/CARTEL-3-1443x2048.png 1443w, https:\/\/www.catedraemalcsa.com\/wp-content\/uploads\/2024\/11\/CARTEL-3-370x525.png 370w, https:\/\/www.catedraemalcsa.com\/wp-content\/uploads\/2024\/11\/CARTEL-3-840x1192.png 840w, https:\/\/www.catedraemalcsa.com\/wp-content\/uploads\/2024\/11\/CARTEL-3-410x582.png 410w\" sizes=\"(max-width: 722px) 100vw, 722px\" \/><\/figure>\n","protected":false},"excerpt":{"rendered":"<p>O vindeiro xoves, 12 de decembro, a C\u00e1tedra Emalcsa-UDC presentar\u00e1 na Sala Nautilus da Domus&hellip;<\/p>\n","protected":false},"author":13,"featured_media":26730,"comment_status":"closed","ping_status":"open","sticky":false,"template":"","format":"standard","meta":{"inline_featured_image":false,"_themeisle_gutenberg_block_has_review":false,"footnotes":""},"categories":[284],"tags":[459,604,462,564,606,607,676],"class_list":["post-26734","post","type-post","status-publish","format-standard","has-post-thumbnail","hentry","category-actualidade","tag-a-coruna-gl","tag-aqualab-2-gl","tag-catedra-emalcsa-udc-gl","tag-emalcsa-2-gl","tag-plan-ado-2-gl","tag-plan-ecad-gl","tag-universidade-da-coruna-2-gl"],"yoast_head":"<!-- This site is optimized with the Yoast SEO plugin v27.5 - https:\/\/yoast.com\/product\/yoast-seo-wordpress\/ -->\n<title>A C\u00e1tedra Emalcsa-UDC presenta o vindeiro 12 de decembro na Sala Leonardo da Vinci da Domus os resultados das investigaci\u00f3ns que realizou entre 2021 e 2024 - C\u00e1tedra Emalcsa - UDC<\/title>\n<meta name=\"robots\" content=\"index, follow, max-snippet:-1, max-image-preview:large, max-video-preview:-1\" \/>\n<link rel=\"canonical\" href=\"https:\/\/www.catedraemalcsa.com\/gl\/a-catedra-emalcsa-udc-presenta-o-vindeiro-12-de-decembro-na-sala-leonardo-da-vinci-da-domus-os-resultados-das-investigacions-que-realizou-entre-2021-e-2024\/\" \/>\n<meta property=\"og:locale\" content=\"gl_ES\" \/>\n<meta property=\"og:type\" content=\"article\" \/>\n<meta property=\"og:title\" content=\"A C\u00e1tedra Emalcsa-UDC presenta o vindeiro 12 de decembro na Sala Leonardo da Vinci da Domus os resultados das investigaci\u00f3ns que realizou entre 2021 e 2024 - C\u00e1tedra Emalcsa - UDC\" \/>\n<meta property=\"og:description\" content=\"O vindeiro xoves, 12 de decembro, a C\u00e1tedra Emalcsa-UDC presentar\u00e1 na Sala Nautilus da Domus&hellip;\" \/>\n<meta property=\"og:url\" content=\"https:\/\/www.catedraemalcsa.com\/gl\/a-catedra-emalcsa-udc-presenta-o-vindeiro-12-de-decembro-na-sala-leonardo-da-vinci-da-domus-os-resultados-das-investigacions-que-realizou-entre-2021-e-2024\/\" \/>\n<meta property=\"og:site_name\" content=\"C\u00e1tedra Emalcsa - UDC\" \/>\n<meta property=\"article:publisher\" content=\"https:\/\/www.facebook.com\/Ctedra-Emalcsa-Udc-426980904504313\/\" \/>\n<meta property=\"article:published_time\" content=\"2024-11-25T12:37:06+00:00\" \/>\n<meta property=\"article:modified_time\" content=\"2024-12-11T09:43:15+00:00\" \/>\n<meta property=\"og:image\" content=\"https:\/\/www.catedraemalcsa.com\/wp-content\/uploads\/2024\/11\/cabecero-1.png\" \/>\n\t<meta property=\"og:image:width\" content=\"1239\" \/>\n\t<meta property=\"og:image:height\" content=\"442\" \/>\n\t<meta property=\"og:image:type\" content=\"image\/png\" \/>\n<meta name=\"author\" content=\"Javier Gund\u00edn V\u00e1zquez\" \/>\n<meta name=\"twitter:card\" content=\"summary_large_image\" \/>\n<meta name=\"twitter:creator\" content=\"@CatEmalcsaUdc\" \/>\n<meta name=\"twitter:site\" content=\"@CatEmalcsaUdc\" \/>\n<meta name=\"twitter:label1\" content=\"Escrito por\" \/>\n\t<meta name=\"twitter:data1\" content=\"Javier Gund\u00edn V\u00e1zquez\" \/>\n\t<meta name=\"twitter:label2\" content=\"Tempo de lectura\" \/>\n\t<meta name=\"twitter:data2\" content=\"3 minutos\" \/>\n<script type=\"application\/ld+json\" class=\"yoast-schema-graph\">{\"@context\":\"https:\\\/\\\/schema.org\",\"@graph\":[{\"@type\":\"Article\",\"@id\":\"https:\\\/\\\/www.catedraemalcsa.com\\\/gl\\\/a-catedra-emalcsa-udc-presenta-o-vindeiro-12-de-decembro-na-sala-leonardo-da-vinci-da-domus-os-resultados-das-investigacions-que-realizou-entre-2021-e-2024\\\/#article\",\"isPartOf\":{\"@id\":\"https:\\\/\\\/www.catedraemalcsa.com\\\/gl\\\/a-catedra-emalcsa-udc-presenta-o-vindeiro-12-de-decembro-na-sala-leonardo-da-vinci-da-domus-os-resultados-das-investigacions-que-realizou-entre-2021-e-2024\\\/\"},\"author\":{\"name\":\"Javier Gund\u00edn V\u00e1zquez\",\"@id\":\"https:\\\/\\\/www.catedraemalcsa.com\\\/gl\\\/#\\\/schema\\\/person\\\/f401f8a0ff9c15269cdb84365e579cb3\"},\"headline\":\"A C\u00e1tedra Emalcsa-UDC presenta o vindeiro 12 de decembro na Sala Leonardo da Vinci da Domus os resultados das investigaci\u00f3ns que realizou entre 2021 e 2024\",\"datePublished\":\"2024-11-25T12:37:06+00:00\",\"dateModified\":\"2024-12-11T09:43:15+00:00\",\"mainEntityOfPage\":{\"@id\":\"https:\\\/\\\/www.catedraemalcsa.com\\\/gl\\\/a-catedra-emalcsa-udc-presenta-o-vindeiro-12-de-decembro-na-sala-leonardo-da-vinci-da-domus-os-resultados-das-investigacions-que-realizou-entre-2021-e-2024\\\/\"},\"wordCount\":540,\"publisher\":{\"@id\":\"https:\\\/\\\/www.catedraemalcsa.com\\\/gl\\\/#organization\"},\"image\":{\"@id\":\"https:\\\/\\\/www.catedraemalcsa.com\\\/gl\\\/a-catedra-emalcsa-udc-presenta-o-vindeiro-12-de-decembro-na-sala-leonardo-da-vinci-da-domus-os-resultados-das-investigacions-que-realizou-entre-2021-e-2024\\\/#primaryimage\"},\"thumbnailUrl\":\"https:\\\/\\\/www.catedraemalcsa.com\\\/wp-content\\\/uploads\\\/2024\\\/11\\\/cabecero-1.png\",\"keywords\":[\"A Coru\u00f1a\",\"Aqualab\",\"C\u00e1tedra Emalcsa-UDC\",\"Emalcsa\",\"Plan AdO\",\"Plan Ecad\",\"Universidade da Coru\u00f1a\"],\"articleSection\":[\"Actualidade\"],\"inLanguage\":\"gl-ES\"},{\"@type\":\"WebPage\",\"@id\":\"https:\\\/\\\/www.catedraemalcsa.com\\\/gl\\\/a-catedra-emalcsa-udc-presenta-o-vindeiro-12-de-decembro-na-sala-leonardo-da-vinci-da-domus-os-resultados-das-investigacions-que-realizou-entre-2021-e-2024\\\/\",\"url\":\"https:\\\/\\\/www.catedraemalcsa.com\\\/gl\\\/a-catedra-emalcsa-udc-presenta-o-vindeiro-12-de-decembro-na-sala-leonardo-da-vinci-da-domus-os-resultados-das-investigacions-que-realizou-entre-2021-e-2024\\\/\",\"name\":\"A C\u00e1tedra Emalcsa-UDC presenta o vindeiro 12 de decembro na Sala Leonardo da Vinci da Domus os resultados das investigaci\u00f3ns que realizou entre 2021 e 2024 - C\u00e1tedra Emalcsa - UDC\",\"isPartOf\":{\"@id\":\"https:\\\/\\\/www.catedraemalcsa.com\\\/gl\\\/#website\"},\"primaryImageOfPage\":{\"@id\":\"https:\\\/\\\/www.catedraemalcsa.com\\\/gl\\\/a-catedra-emalcsa-udc-presenta-o-vindeiro-12-de-decembro-na-sala-leonardo-da-vinci-da-domus-os-resultados-das-investigacions-que-realizou-entre-2021-e-2024\\\/#primaryimage\"},\"image\":{\"@id\":\"https:\\\/\\\/www.catedraemalcsa.com\\\/gl\\\/a-catedra-emalcsa-udc-presenta-o-vindeiro-12-de-decembro-na-sala-leonardo-da-vinci-da-domus-os-resultados-das-investigacions-que-realizou-entre-2021-e-2024\\\/#primaryimage\"},\"thumbnailUrl\":\"https:\\\/\\\/www.catedraemalcsa.com\\\/wp-content\\\/uploads\\\/2024\\\/11\\\/cabecero-1.png\",\"datePublished\":\"2024-11-25T12:37:06+00:00\",\"dateModified\":\"2024-12-11T09:43:15+00:00\",\"breadcrumb\":{\"@id\":\"https:\\\/\\\/www.catedraemalcsa.com\\\/gl\\\/a-catedra-emalcsa-udc-presenta-o-vindeiro-12-de-decembro-na-sala-leonardo-da-vinci-da-domus-os-resultados-das-investigacions-que-realizou-entre-2021-e-2024\\\/#breadcrumb\"},\"inLanguage\":\"gl-ES\",\"potentialAction\":[{\"@type\":\"ReadAction\",\"target\":[\"https:\\\/\\\/www.catedraemalcsa.com\\\/gl\\\/a-catedra-emalcsa-udc-presenta-o-vindeiro-12-de-decembro-na-sala-leonardo-da-vinci-da-domus-os-resultados-das-investigacions-que-realizou-entre-2021-e-2024\\\/\"]}]},{\"@type\":\"ImageObject\",\"inLanguage\":\"gl-ES\",\"@id\":\"https:\\\/\\\/www.catedraemalcsa.com\\\/gl\\\/a-catedra-emalcsa-udc-presenta-o-vindeiro-12-de-decembro-na-sala-leonardo-da-vinci-da-domus-os-resultados-das-investigacions-que-realizou-entre-2021-e-2024\\\/#primaryimage\",\"url\":\"https:\\\/\\\/www.catedraemalcsa.com\\\/wp-content\\\/uploads\\\/2024\\\/11\\\/cabecero-1.png\",\"contentUrl\":\"https:\\\/\\\/www.catedraemalcsa.com\\\/wp-content\\\/uploads\\\/2024\\\/11\\\/cabecero-1.png\",\"width\":1239,\"height\":442},{\"@type\":\"BreadcrumbList\",\"@id\":\"https:\\\/\\\/www.catedraemalcsa.com\\\/gl\\\/a-catedra-emalcsa-udc-presenta-o-vindeiro-12-de-decembro-na-sala-leonardo-da-vinci-da-domus-os-resultados-das-investigacions-que-realizou-entre-2021-e-2024\\\/#breadcrumb\",\"itemListElement\":[{\"@type\":\"ListItem\",\"position\":1,\"name\":\"Portada\",\"item\":\"https:\\\/\\\/www.catedraemalcsa.com\\\/gl\\\/\"},{\"@type\":\"ListItem\",\"position\":2,\"name\":\"A C\u00e1tedra Emalcsa-UDC presenta o vindeiro 12 de decembro na Sala Leonardo da Vinci da Domus os resultados das investigaci\u00f3ns que realizou entre 2021 e 2024\"}]},{\"@type\":\"WebSite\",\"@id\":\"https:\\\/\\\/www.catedraemalcsa.com\\\/gl\\\/#website\",\"url\":\"https:\\\/\\\/www.catedraemalcsa.com\\\/gl\\\/\",\"name\":\"C\u00e1tedra Emalcsa - UDC\",\"description\":\"P\u00e1gina web de la C\u00e1tedra Emalcsa - UDC en la que se tratan aspectos relacionados con la gesti\u00f3n integrada del recurso del agua.\",\"publisher\":{\"@id\":\"https:\\\/\\\/www.catedraemalcsa.com\\\/gl\\\/#organization\"},\"potentialAction\":[{\"@type\":\"SearchAction\",\"target\":{\"@type\":\"EntryPoint\",\"urlTemplate\":\"https:\\\/\\\/www.catedraemalcsa.com\\\/gl\\\/?s={search_term_string}\"},\"query-input\":{\"@type\":\"PropertyValueSpecification\",\"valueRequired\":true,\"valueName\":\"search_term_string\"}}],\"inLanguage\":\"gl-ES\"},{\"@type\":\"Organization\",\"@id\":\"https:\\\/\\\/www.catedraemalcsa.com\\\/gl\\\/#organization\",\"name\":\"C\u00e1tedra Emalcsa - UDC\",\"url\":\"https:\\\/\\\/www.catedraemalcsa.com\\\/gl\\\/\",\"logo\":{\"@type\":\"ImageObject\",\"inLanguage\":\"gl-ES\",\"@id\":\"https:\\\/\\\/www.catedraemalcsa.com\\\/gl\\\/#\\\/schema\\\/logo\\\/image\\\/\",\"url\":\"https:\\\/\\\/www.catedraemalcsa.com\\\/wp-content\\\/uploads\\\/2022\\\/10\\\/LOGOTIPO-EMALCSA.png\",\"contentUrl\":\"https:\\\/\\\/www.catedraemalcsa.com\\\/wp-content\\\/uploads\\\/2022\\\/10\\\/LOGOTIPO-EMALCSA.png\",\"width\":600,\"height\":180,\"caption\":\"C\u00e1tedra Emalcsa - UDC\"},\"image\":{\"@id\":\"https:\\\/\\\/www.catedraemalcsa.com\\\/gl\\\/#\\\/schema\\\/logo\\\/image\\\/\"},\"sameAs\":[\"https:\\\/\\\/www.facebook.com\\\/Ctedra-Emalcsa-Udc-426980904504313\\\/\",\"https:\\\/\\\/x.com\\\/CatEmalcsaUdc\",\"http:\\\/\\\/www.linkedin.com\\\/in\\\/catedra-emalcsa-udc\"]},{\"@type\":\"Person\",\"@id\":\"https:\\\/\\\/www.catedraemalcsa.com\\\/gl\\\/#\\\/schema\\\/person\\\/f401f8a0ff9c15269cdb84365e579cb3\",\"name\":\"Javier Gund\u00edn V\u00e1zquez\",\"image\":{\"@type\":\"ImageObject\",\"inLanguage\":\"gl-ES\",\"@id\":\"https:\\\/\\\/secure.gravatar.com\\\/avatar\\\/a3dae680e6d89b897149ce21fd2ce880a5982e620c2ba64ffcc5d497e3ffcdc6?s=96&d=mm&r=g\",\"url\":\"https:\\\/\\\/secure.gravatar.com\\\/avatar\\\/a3dae680e6d89b897149ce21fd2ce880a5982e620c2ba64ffcc5d497e3ffcdc6?s=96&d=mm&r=g\",\"contentUrl\":\"https:\\\/\\\/secure.gravatar.com\\\/avatar\\\/a3dae680e6d89b897149ce21fd2ce880a5982e620c2ba64ffcc5d497e3ffcdc6?s=96&d=mm&r=g\",\"caption\":\"Javier Gund\u00edn V\u00e1zquez\"},\"url\":\"https:\\\/\\\/www.catedraemalcsa.com\\\/gl\\\/author\\\/javiergundin\\\/\"}]}<\/script>\n<!-- \/ Yoast SEO plugin. -->","yoast_head_json":{"title":"A C\u00e1tedra Emalcsa-UDC presenta o vindeiro 12 de decembro na Sala Leonardo da Vinci da Domus os resultados das investigaci\u00f3ns que realizou entre 2021 e 2024 - C\u00e1tedra Emalcsa - UDC","robots":{"index":"index","follow":"follow","max-snippet":"max-snippet:-1","max-image-preview":"max-image-preview:large","max-video-preview":"max-video-preview:-1"},"canonical":"https:\/\/www.catedraemalcsa.com\/gl\/a-catedra-emalcsa-udc-presenta-o-vindeiro-12-de-decembro-na-sala-leonardo-da-vinci-da-domus-os-resultados-das-investigacions-que-realizou-entre-2021-e-2024\/","og_locale":"gl_ES","og_type":"article","og_title":"A C\u00e1tedra Emalcsa-UDC presenta o vindeiro 12 de decembro na Sala Leonardo da Vinci da Domus os resultados das investigaci\u00f3ns que realizou entre 2021 e 2024 - C\u00e1tedra Emalcsa - UDC","og_description":"O vindeiro xoves, 12 de decembro, a C\u00e1tedra Emalcsa-UDC presentar\u00e1 na Sala Nautilus da Domus&hellip;","og_url":"https:\/\/www.catedraemalcsa.com\/gl\/a-catedra-emalcsa-udc-presenta-o-vindeiro-12-de-decembro-na-sala-leonardo-da-vinci-da-domus-os-resultados-das-investigacions-que-realizou-entre-2021-e-2024\/","og_site_name":"C\u00e1tedra Emalcsa - UDC","article_publisher":"https:\/\/www.facebook.com\/Ctedra-Emalcsa-Udc-426980904504313\/","article_published_time":"2024-11-25T12:37:06+00:00","article_modified_time":"2024-12-11T09:43:15+00:00","og_image":[{"width":1239,"height":442,"url":"https:\/\/www.catedraemalcsa.com\/wp-content\/uploads\/2024\/11\/cabecero-1.png","type":"image\/png"}],"author":"Javier Gund\u00edn V\u00e1zquez","twitter_card":"summary_large_image","twitter_creator":"@CatEmalcsaUdc","twitter_site":"@CatEmalcsaUdc","twitter_misc":{"Escrito por":"Javier Gund\u00edn V\u00e1zquez","Tempo de lectura":"3 minutos"},"schema":{"@context":"https:\/\/schema.org","@graph":[{"@type":"Article","@id":"https:\/\/www.catedraemalcsa.com\/gl\/a-catedra-emalcsa-udc-presenta-o-vindeiro-12-de-decembro-na-sala-leonardo-da-vinci-da-domus-os-resultados-das-investigacions-que-realizou-entre-2021-e-2024\/#article","isPartOf":{"@id":"https:\/\/www.catedraemalcsa.com\/gl\/a-catedra-emalcsa-udc-presenta-o-vindeiro-12-de-decembro-na-sala-leonardo-da-vinci-da-domus-os-resultados-das-investigacions-que-realizou-entre-2021-e-2024\/"},"author":{"name":"Javier Gund\u00edn V\u00e1zquez","@id":"https:\/\/www.catedraemalcsa.com\/gl\/#\/schema\/person\/f401f8a0ff9c15269cdb84365e579cb3"},"headline":"A C\u00e1tedra Emalcsa-UDC presenta o vindeiro 12 de decembro na Sala Leonardo da Vinci da Domus os resultados das investigaci\u00f3ns que realizou entre 2021 e 2024","datePublished":"2024-11-25T12:37:06+00:00","dateModified":"2024-12-11T09:43:15+00:00","mainEntityOfPage":{"@id":"https:\/\/www.catedraemalcsa.com\/gl\/a-catedra-emalcsa-udc-presenta-o-vindeiro-12-de-decembro-na-sala-leonardo-da-vinci-da-domus-os-resultados-das-investigacions-que-realizou-entre-2021-e-2024\/"},"wordCount":540,"publisher":{"@id":"https:\/\/www.catedraemalcsa.com\/gl\/#organization"},"image":{"@id":"https:\/\/www.catedraemalcsa.com\/gl\/a-catedra-emalcsa-udc-presenta-o-vindeiro-12-de-decembro-na-sala-leonardo-da-vinci-da-domus-os-resultados-das-investigacions-que-realizou-entre-2021-e-2024\/#primaryimage"},"thumbnailUrl":"https:\/\/www.catedraemalcsa.com\/wp-content\/uploads\/2024\/11\/cabecero-1.png","keywords":["A Coru\u00f1a","Aqualab","C\u00e1tedra Emalcsa-UDC","Emalcsa","Plan AdO","Plan Ecad","Universidade da Coru\u00f1a"],"articleSection":["Actualidade"],"inLanguage":"gl-ES"},{"@type":"WebPage","@id":"https:\/\/www.catedraemalcsa.com\/gl\/a-catedra-emalcsa-udc-presenta-o-vindeiro-12-de-decembro-na-sala-leonardo-da-vinci-da-domus-os-resultados-das-investigacions-que-realizou-entre-2021-e-2024\/","url":"https:\/\/www.catedraemalcsa.com\/gl\/a-catedra-emalcsa-udc-presenta-o-vindeiro-12-de-decembro-na-sala-leonardo-da-vinci-da-domus-os-resultados-das-investigacions-que-realizou-entre-2021-e-2024\/","name":"A C\u00e1tedra Emalcsa-UDC presenta o vindeiro 12 de decembro na Sala Leonardo da Vinci da Domus os resultados das investigaci\u00f3ns que realizou entre 2021 e 2024 - C\u00e1tedra Emalcsa - UDC","isPartOf":{"@id":"https:\/\/www.catedraemalcsa.com\/gl\/#website"},"primaryImageOfPage":{"@id":"https:\/\/www.catedraemalcsa.com\/gl\/a-catedra-emalcsa-udc-presenta-o-vindeiro-12-de-decembro-na-sala-leonardo-da-vinci-da-domus-os-resultados-das-investigacions-que-realizou-entre-2021-e-2024\/#primaryimage"},"image":{"@id":"https:\/\/www.catedraemalcsa.com\/gl\/a-catedra-emalcsa-udc-presenta-o-vindeiro-12-de-decembro-na-sala-leonardo-da-vinci-da-domus-os-resultados-das-investigacions-que-realizou-entre-2021-e-2024\/#primaryimage"},"thumbnailUrl":"https:\/\/www.catedraemalcsa.com\/wp-content\/uploads\/2024\/11\/cabecero-1.png","datePublished":"2024-11-25T12:37:06+00:00","dateModified":"2024-12-11T09:43:15+00:00","breadcrumb":{"@id":"https:\/\/www.catedraemalcsa.com\/gl\/a-catedra-emalcsa-udc-presenta-o-vindeiro-12-de-decembro-na-sala-leonardo-da-vinci-da-domus-os-resultados-das-investigacions-que-realizou-entre-2021-e-2024\/#breadcrumb"},"inLanguage":"gl-ES","potentialAction":[{"@type":"ReadAction","target":["https:\/\/www.catedraemalcsa.com\/gl\/a-catedra-emalcsa-udc-presenta-o-vindeiro-12-de-decembro-na-sala-leonardo-da-vinci-da-domus-os-resultados-das-investigacions-que-realizou-entre-2021-e-2024\/"]}]},{"@type":"ImageObject","inLanguage":"gl-ES","@id":"https:\/\/www.catedraemalcsa.com\/gl\/a-catedra-emalcsa-udc-presenta-o-vindeiro-12-de-decembro-na-sala-leonardo-da-vinci-da-domus-os-resultados-das-investigacions-que-realizou-entre-2021-e-2024\/#primaryimage","url":"https:\/\/www.catedraemalcsa.com\/wp-content\/uploads\/2024\/11\/cabecero-1.png","contentUrl":"https:\/\/www.catedraemalcsa.com\/wp-content\/uploads\/2024\/11\/cabecero-1.png","width":1239,"height":442},{"@type":"BreadcrumbList","@id":"https:\/\/www.catedraemalcsa.com\/gl\/a-catedra-emalcsa-udc-presenta-o-vindeiro-12-de-decembro-na-sala-leonardo-da-vinci-da-domus-os-resultados-das-investigacions-que-realizou-entre-2021-e-2024\/#breadcrumb","itemListElement":[{"@type":"ListItem","position":1,"name":"Portada","item":"https:\/\/www.catedraemalcsa.com\/gl\/"},{"@type":"ListItem","position":2,"name":"A C\u00e1tedra Emalcsa-UDC presenta o vindeiro 12 de decembro na Sala Leonardo da Vinci da Domus os resultados das investigaci\u00f3ns que realizou entre 2021 e 2024"}]},{"@type":"WebSite","@id":"https:\/\/www.catedraemalcsa.com\/gl\/#website","url":"https:\/\/www.catedraemalcsa.com\/gl\/","name":"C\u00e1tedra Emalcsa - UDC","description":"P\u00e1gina web de la C\u00e1tedra Emalcsa - UDC en la que se tratan aspectos relacionados con la gesti\u00f3n integrada del recurso del agua.","publisher":{"@id":"https:\/\/www.catedraemalcsa.com\/gl\/#organization"},"potentialAction":[{"@type":"SearchAction","target":{"@type":"EntryPoint","urlTemplate":"https:\/\/www.catedraemalcsa.com\/gl\/?s={search_term_string}"},"query-input":{"@type":"PropertyValueSpecification","valueRequired":true,"valueName":"search_term_string"}}],"inLanguage":"gl-ES"},{"@type":"Organization","@id":"https:\/\/www.catedraemalcsa.com\/gl\/#organization","name":"C\u00e1tedra Emalcsa - UDC","url":"https:\/\/www.catedraemalcsa.com\/gl\/","logo":{"@type":"ImageObject","inLanguage":"gl-ES","@id":"https:\/\/www.catedraemalcsa.com\/gl\/#\/schema\/logo\/image\/","url":"https:\/\/www.catedraemalcsa.com\/wp-content\/uploads\/2022\/10\/LOGOTIPO-EMALCSA.png","contentUrl":"https:\/\/www.catedraemalcsa.com\/wp-content\/uploads\/2022\/10\/LOGOTIPO-EMALCSA.png","width":600,"height":180,"caption":"C\u00e1tedra Emalcsa - UDC"},"image":{"@id":"https:\/\/www.catedraemalcsa.com\/gl\/#\/schema\/logo\/image\/"},"sameAs":["https:\/\/www.facebook.com\/Ctedra-Emalcsa-Udc-426980904504313\/","https:\/\/x.com\/CatEmalcsaUdc","http:\/\/www.linkedin.com\/in\/catedra-emalcsa-udc"]},{"@type":"Person","@id":"https:\/\/www.catedraemalcsa.com\/gl\/#\/schema\/person\/f401f8a0ff9c15269cdb84365e579cb3","name":"Javier Gund\u00edn V\u00e1zquez","image":{"@type":"ImageObject","inLanguage":"gl-ES","@id":"https:\/\/secure.gravatar.com\/avatar\/a3dae680e6d89b897149ce21fd2ce880a5982e620c2ba64ffcc5d497e3ffcdc6?s=96&d=mm&r=g","url":"https:\/\/secure.gravatar.com\/avatar\/a3dae680e6d89b897149ce21fd2ce880a5982e620c2ba64ffcc5d497e3ffcdc6?s=96&d=mm&r=g","contentUrl":"https:\/\/secure.gravatar.com\/avatar\/a3dae680e6d89b897149ce21fd2ce880a5982e620c2ba64ffcc5d497e3ffcdc6?s=96&d=mm&r=g","caption":"Javier Gund\u00edn V\u00e1zquez"},"url":"https:\/\/www.catedraemalcsa.com\/gl\/author\/javiergundin\/"}]}},"_links":{"self":[{"href":"https:\/\/www.catedraemalcsa.com\/gl\/wp-json\/wp\/v2\/posts\/26734","targetHints":{"allow":["GET"]}}],"collection":[{"href":"https:\/\/www.catedraemalcsa.com\/gl\/wp-json\/wp\/v2\/posts"}],"about":[{"href":"https:\/\/www.catedraemalcsa.com\/gl\/wp-json\/wp\/v2\/types\/post"}],"author":[{"embeddable":true,"href":"https:\/\/www.catedraemalcsa.com\/gl\/wp-json\/wp\/v2\/users\/13"}],"replies":[{"embeddable":true,"href":"https:\/\/www.catedraemalcsa.com\/gl\/wp-json\/wp\/v2\/comments?post=26734"}],"version-history":[{"count":10,"href":"https:\/\/www.catedraemalcsa.com\/gl\/wp-json\/wp\/v2\/posts\/26734\/revisions"}],"predecessor-version":[{"id":26817,"href":"https:\/\/www.catedraemalcsa.com\/gl\/wp-json\/wp\/v2\/posts\/26734\/revisions\/26817"}],"wp:featuredmedia":[{"embeddable":true,"href":"https:\/\/www.catedraemalcsa.com\/gl\/wp-json\/wp\/v2\/media\/26730"}],"wp:attachment":[{"href":"https:\/\/www.catedraemalcsa.com\/gl\/wp-json\/wp\/v2\/media?parent=26734"}],"wp:term":[{"taxonomy":"category","embeddable":true,"href":"https:\/\/www.catedraemalcsa.com\/gl\/wp-json\/wp\/v2\/categories?post=26734"},{"taxonomy":"post_tag","embeddable":true,"href":"https:\/\/www.catedraemalcsa.com\/gl\/wp-json\/wp\/v2\/tags?post=26734"}],"curies":[{"name":"wp","href":"https:\/\/api.w.org\/{rel}","templated":true}]}}