{"id":26674,"date":"2024-09-27T10:17:05","date_gmt":"2024-09-27T08:17:05","guid":{"rendered":"https:\/\/www.catedraemalcsa.com\/la-catedra-emalcsa-udc-pone-en-valor-su-programa-de-divulgacion-ambiental-coawa-en-una-open-science-cambre-en-la-que-tambien-mostro-a-ninos-y-mayores-la-relacion-entre-agua-y-energia\/"},"modified":"2024-09-27T10:29:13","modified_gmt":"2024-09-27T08:29:13","slug":"la-catedra-emalcsa-udc-pone-en-valor-su-programa-de-divulgacion-ambiental-coawa-en-una-open-science-cambre-en-la-que-tambien-mostro-a-ninos-y-mayores-la-relacion-entre-agua-y-energia","status":"publish","type":"post","link":"https:\/\/www.catedraemalcsa.com\/gl\/la-catedra-emalcsa-udc-pone-en-valor-su-programa-de-divulgacion-ambiental-coawa-en-una-open-science-cambre-en-la-que-tambien-mostro-a-ninos-y-mayores-la-relacion-entre-agua-y-energia\/","title":{"rendered":"A C\u00e1tedra Emalcsa-UDC pon en valor o seu programa de divulgaci\u00f3n ambiental &#8216;Coawa&#8217; nunha Open Science Cambre na que tam\u00e9n amosou a nenos e maiores a relaci\u00f3n entre auga e enerx\u00eda"},"content":{"rendered":"\n<p>A C\u00e1tedra Emalcsa-UDC participou un ano m\u00e1is na Open Science Cambre, unha feira de divulgaci\u00f3n cient\u00edfica que ten como obxectivo estimular a vocaci\u00f3n cient\u00edfica entre a xente nova, espertar o gusto pola cultura cient\u00edfica entre a cidadan\u00eda, fomentar a investigaci\u00f3n e a innovaci\u00f3n responsable e amosar o aspecto l\u00fadico da ciencia.<\/p>\n\n\n\n<p>A feira, dirixida por Paula M\u00e9ndez e Aroa Silva, e organizada polo clube de ciencia do IES David Buj\u00e1n de Cambre, XentD100cia, e o Concello de Cambre, <strong>volveu ser un \u00e9xito de participaci\u00f3n e congregou a 500 mozos procedentes de diferentes puntos de Espa\u00f1a e de pa\u00edses como M\u00e9xico, Portugal ou Turqu\u00eda.<\/strong><\/p>\n\n\n\n<p><strong>Nesta s\u00e9ptima edici\u00f3n a C\u00e1tedra participou por partida dobre. Por unha banda amosou aos visitantes que pasaron pola s\u00faa tenda diferentes experimentos para explicar os distintos usos da auga como fonte de enerx\u00eda.<\/strong> O obxectivo era ensinar como as enerx\u00edas potencial e cin\u00e9tica poden mutar en outras enerx\u00edas como a hidr\u00e1ulica ou a mec\u00e1nica.<\/p>\n\n\n\n<p><strong>A noria hidr\u00e1ulica<\/strong> foi un dos experimentos empregados. Consiste nun dispositivo que aproveita a enerx\u00eda cin\u00e9tica da auga para mover unha estrutura xiratoria con paletas. Esta noria utilizouse, hist\u00f3ricamente, para moer grans e producir fari\u00f1a. <strong>Tam\u00e9n se explicou aos visitantes o xeito no que a enerx\u00eda hidr\u00e1ulica aproveita a enerx\u00eda cin\u00e9tica da auga en movemento para producir enerx\u00eda utilizable.<\/strong> Para o demostrar empregouse un sistema hidrol\u00e9ctrico no que unha turbina hidr\u00e1ulica captura a enerx\u00eda cin\u00e9tica da auga para a converter en enerx\u00eda mec\u00e1nica rotativa. Este \u00e9 o sistema que se utiliza nalg\u00fans encoros para xenerar electricidade. As\u00ed mesmo <strong>explicouse en que consiste a electr\u00f3lise da auga<\/strong>, un proceso que se emprega para producir hidr\u00f3xeno como combustible en pilas para xenerar electricidade de xeito limpo e eficiente coa auga como \u00fanico subproduto. O movemento dun pequeno veh\u00edculo serviu para o comprobar.<\/p>\n\n\n\n<div class=\"wp-block-group is-layout-constrained wp-block-group-is-layout-constrained\">\n<div id=\"wp-block-themeisle-blocks-slider-578963a0\" class=\"wp-block-themeisle-blocks-slider glide\" data-per-view=\"1\" data-gap=\"0\" data-peek=\"0\" data-autoplay=\"true\" data-height=\"500px\" data-hide-arrows=\"false\"><div class=\"glide__track\" data-glide-el=\"track\"><div class=\"glide__slides\"><div class=\"wp-block-themeisle-blocks-slider-item-wrapper glide__slide\" tabindex=\"0\"><figure><img decoding=\"async\" class=\"wp-block-themeisle-blocks-slider-item\" src=\"https:\/\/www.catedraemalcsa.com\/wp-content\/uploads\/2024\/09\/WhatsApp-Image-2024-09-22-at-11.42.33-1024x768.jpeg\" alt=\"\" title=\"\" data-id=\"26671\"\/><\/figure><\/div><div class=\"wp-block-themeisle-blocks-slider-item-wrapper glide__slide\" tabindex=\"0\"><figure><img decoding=\"async\" class=\"wp-block-themeisle-blocks-slider-item\" src=\"https:\/\/www.catedraemalcsa.com\/wp-content\/uploads\/2024\/09\/WhatsApp-Image-2024-09-22-at-11.42.35-768x1024.jpeg\" alt=\"\" title=\"\" data-id=\"26669\"\/><\/figure><\/div><div class=\"wp-block-themeisle-blocks-slider-item-wrapper glide__slide\" tabindex=\"0\"><figure><img decoding=\"async\" class=\"wp-block-themeisle-blocks-slider-item\" src=\"https:\/\/www.catedraemalcsa.com\/wp-content\/uploads\/2024\/09\/WhatsApp-Image-2024-09-22-at-10.40.51-1024x707.jpeg\" alt=\"\" title=\"\" data-id=\"26667\"\/><\/figure><\/div><\/div><div class=\"glide__bullets\" data-glide-el=\"controls[nav]\"><button class=\"glide__bullet\" data-glide-dir=\"=0\"><\/button><button class=\"glide__bullet\" data-glide-dir=\"=1\"><\/button><button class=\"glide__bullet\" data-glide-dir=\"=2\"><\/button><\/div><\/div><\/div>\n<\/div>\n\n\n\n<p>Por outra banda <strong>a C\u00e1tedra puxo en valor o seu programa de divulgaci\u00f3n ambiental <em>Coawa, a comunidade da auga<\/em><\/strong>, unha iniciativa que busca vencellar o co\u00f1ecemento e a concienciaci\u00f3n sobre as relaci\u00f3ns entre as persoas e a auga nun \u00e1mbito medioambiental pr\u00f3ximo, o relacionado co sistema de auga urbano da contorna da Coru\u00f1a, que comprende a conca do r\u00edo Mero e o abastecemento aos concellos da Coru\u00f1a, Culleredo, Cambre, Arteixo, Bergondo, Oleiros, Sada e Carral, o que sup\u00f3n abastecer a m\u00e1is de 400000 persoas.<\/p>\n\n\n\n<p>As\u00ed, <strong><a href=\"https:\/\/www.somoscoawa.com\/coawa-participa-en-la-open-science-de-cambre\/\"><em>Coawa<\/em> contou cun punto de divulgaci\u00f3n e concienciaci\u00f3n<\/a> sobre a importancia do coidado da auga dende unha visi\u00f3n integrada co medioambiente e as persoas.<\/strong> Por al\u00ed pasaron numerosos visitantes que puideron co\u00f1ecer os prop\u00f3sitos desta <a href=\"https:\/\/www.somoscoawa.com\/coawa\/\">Comunidade da Auga<\/a>, as singularidades da auga que consumimos na Coru\u00f1a e a s\u00faa contorna, as\u00ed como a importancia do entorno natural que nos arrodea. <strong>Tam\u00e9n se achegaron ao <em>stand<\/em> alumnos e profesores para co\u00f1ecer os <a href=\"https:\/\/www.somoscoawa.com\/comunidad-educativa\/\">programas formativos<\/a> para centros educativos que ofrece <em>Coawa<\/em> para este curso 24\/25, cuxo prazo de inscrici\u00f3n remata o 23 de outubro.<\/strong><\/p>\n\n\n\n<p><strong><em>Coawa<\/em> tam\u00e9n premiou o mellor proxecto de reutilizaci\u00f3n da auga nos fogares.<\/strong> O IES Saladillo de Alxeciras foi o ga\u00f1ador, polo que levou un lote de produtos de <em>Coawa<\/em>. Do mesmo xeito <strong>puxo en marcha un concurso por Instagram no que tiveron a ocasi\u00f3n de participar os visitantes que pasaron polo <em>stand<\/em>.<\/strong> Os ga\u00f1adores levaron dous lotes de produtos de <em>Coawa<\/em>.<\/p>\n\n\n\n<p>Finalmente <strong><em>Coawa<\/em> tam\u00e9n sorteou outros dous lotes dos seus produtos entre os voluntarios da Open Science Cambre para reco\u00f1ecer o seu importante traballo<\/strong>.<\/p>\n\n\n\n<div id=\"wp-block-themeisle-blocks-slider-ce66211a\" class=\"wp-block-themeisle-blocks-slider glide\" data-per-view=\"1\" data-gap=\"0\" data-peek=\"0\" data-autoplay=\"true\" data-height=\"500px\" data-hide-arrows=\"false\"><div class=\"glide__track\" data-glide-el=\"track\"><div class=\"glide__slides\"><div class=\"wp-block-themeisle-blocks-slider-item-wrapper glide__slide\" tabindex=\"0\"><figure><img decoding=\"async\" class=\"wp-block-themeisle-blocks-slider-item\" src=\"https:\/\/www.catedraemalcsa.com\/wp-content\/uploads\/2024\/09\/oscc4.webp\" alt=\"\" title=\"\" data-id=\"26680\"\/><\/figure><\/div><div class=\"wp-block-themeisle-blocks-slider-item-wrapper glide__slide\" tabindex=\"0\"><figure><img decoding=\"async\" class=\"wp-block-themeisle-blocks-slider-item\" src=\"https:\/\/www.catedraemalcsa.com\/wp-content\/uploads\/2024\/09\/osc245.webp\" alt=\"\" title=\"\" data-id=\"26678\"\/><\/figure><\/div><div class=\"wp-block-themeisle-blocks-slider-item-wrapper glide__slide\" tabindex=\"0\"><figure><img decoding=\"async\" class=\"wp-block-themeisle-blocks-slider-item\" src=\"https:\/\/www.catedraemalcsa.com\/wp-content\/uploads\/2024\/09\/WhatsApp-Image-2024-09-23-at-10.15.42-1.jpeg\" alt=\"\" title=\"\" data-id=\"26664\"\/><\/figure><\/div><div class=\"wp-block-themeisle-blocks-slider-item-wrapper glide__slide\" tabindex=\"0\"><figure><img decoding=\"async\" class=\"wp-block-themeisle-blocks-slider-item\" src=\"https:\/\/www.catedraemalcsa.com\/wp-content\/uploads\/2024\/09\/WhatsApp-Image-2024-09-23-at-10.15.42-2.jpeg\" alt=\"\" title=\"\" data-id=\"26662\"\/><\/figure><\/div><div class=\"wp-block-themeisle-blocks-slider-item-wrapper glide__slide\" tabindex=\"0\"><figure><img decoding=\"async\" class=\"wp-block-themeisle-blocks-slider-item\" src=\"https:\/\/www.catedraemalcsa.com\/wp-content\/uploads\/2024\/09\/WhatsApp-Image-2024-09-23-at-10.15.42-3.jpeg\" alt=\"\" title=\"\" data-id=\"26660\"\/><\/figure><\/div><div class=\"wp-block-themeisle-blocks-slider-item-wrapper glide__slide\" tabindex=\"0\"><figure><img decoding=\"async\" class=\"wp-block-themeisle-blocks-slider-item\" src=\"https:\/\/www.catedraemalcsa.com\/wp-content\/uploads\/2024\/09\/oscc.webp\" alt=\"\" title=\"\" data-id=\"26658\"\/><\/figure><\/div><div class=\"wp-block-themeisle-blocks-slider-item-wrapper glide__slide\" tabindex=\"0\"><figure><img decoding=\"async\" class=\"wp-block-themeisle-blocks-slider-item\" src=\"https:\/\/www.catedraemalcsa.com\/wp-content\/uploads\/2024\/09\/oscc2.webp\" alt=\"\" title=\"\" data-id=\"26656\"\/><\/figure><\/div><\/div><div class=\"glide__bullets\" data-glide-el=\"controls[nav]\"><button class=\"glide__bullet\" data-glide-dir=\"=0\"><\/button><button class=\"glide__bullet\" data-glide-dir=\"=1\"><\/button><button class=\"glide__bullet\" data-glide-dir=\"=2\"><\/button><button class=\"glide__bullet\" data-glide-dir=\"=3\"><\/button><button class=\"glide__bullet\" data-glide-dir=\"=4\"><\/button><button class=\"glide__bullet\" data-glide-dir=\"=5\"><\/button><button class=\"glide__bullet\" data-glide-dir=\"=6\"><\/button><\/div><\/div><\/div>\n","protected":false},"excerpt":{"rendered":"<p>A C\u00e1tedra Emalcsa-UDC participou un ano m\u00e1is na Open Science Cambre, unha feira de divulgaci\u00f3n&hellip;<\/p>\n","protected":false},"author":13,"featured_media":26666,"comment_status":"closed","ping_status":"open","sticky":false,"template":"","format":"standard","meta":{"inline_featured_image":false,"_themeisle_gutenberg_block_has_review":false,"footnotes":""},"categories":[284],"tags":[462,559,718],"class_list":["post-26674","post","type-post","status-publish","format-standard","has-post-thumbnail","hentry","category-actualidade","tag-catedra-emalcsa-udc-gl","tag-coawa-gl","tag-open-science-cambre-24-gl"],"yoast_head":"<!-- This site is optimized with the Yoast SEO plugin v27.5 - https:\/\/yoast.com\/product\/yoast-seo-wordpress\/ -->\n<title>A C\u00e1tedra Emalcsa-UDC pon en valor o seu programa de divulgaci\u00f3n ambiental &#039;Coawa&#039; nunha Open Science Cambre na que tam\u00e9n amosou a nenos e maiores a relaci\u00f3n entre auga e enerx\u00eda - C\u00e1tedra Emalcsa - UDC<\/title>\n<meta name=\"robots\" content=\"index, follow, max-snippet:-1, max-image-preview:large, max-video-preview:-1\" \/>\n<link rel=\"canonical\" href=\"https:\/\/www.catedraemalcsa.com\/gl\/la-catedra-emalcsa-udc-pone-en-valor-su-programa-de-divulgacion-ambiental-coawa-en-una-open-science-cambre-en-la-que-tambien-mostro-a-ninos-y-mayores-la-relacion-entre-agua-y-energia\/\" \/>\n<meta property=\"og:locale\" content=\"gl_ES\" \/>\n<meta property=\"og:type\" content=\"article\" \/>\n<meta property=\"og:title\" content=\"A C\u00e1tedra Emalcsa-UDC pon en valor o seu programa de divulgaci\u00f3n ambiental &#039;Coawa&#039; nunha Open Science Cambre na que tam\u00e9n amosou a nenos e maiores a relaci\u00f3n entre auga e enerx\u00eda - C\u00e1tedra Emalcsa - UDC\" \/>\n<meta property=\"og:description\" content=\"A C\u00e1tedra Emalcsa-UDC participou un ano m\u00e1is na Open Science Cambre, unha feira de divulgaci\u00f3n&hellip;\" \/>\n<meta property=\"og:url\" content=\"https:\/\/www.catedraemalcsa.com\/gl\/la-catedra-emalcsa-udc-pone-en-valor-su-programa-de-divulgacion-ambiental-coawa-en-una-open-science-cambre-en-la-que-tambien-mostro-a-ninos-y-mayores-la-relacion-entre-agua-y-energia\/\" \/>\n<meta property=\"og:site_name\" content=\"C\u00e1tedra Emalcsa - UDC\" \/>\n<meta property=\"article:publisher\" content=\"https:\/\/www.facebook.com\/Ctedra-Emalcsa-Udc-426980904504313\/\" \/>\n<meta property=\"article:published_time\" content=\"2024-09-27T08:17:05+00:00\" \/>\n<meta property=\"article:modified_time\" content=\"2024-09-27T08:29:13+00:00\" \/>\n<meta property=\"og:image\" content=\"https:\/\/www.catedraemalcsa.com\/wp-content\/uploads\/2024\/09\/WhatsApp-Image-2024-09-23-at-10.15.42-e1727425437144.jpeg\" \/>\n\t<meta property=\"og:image:width\" content=\"2048\" \/>\n\t<meta property=\"og:image:height\" content=\"1365\" \/>\n\t<meta property=\"og:image:type\" content=\"image\/jpeg\" \/>\n<meta name=\"author\" content=\"Javier Gund\u00edn V\u00e1zquez\" \/>\n<meta name=\"twitter:card\" content=\"summary_large_image\" \/>\n<meta name=\"twitter:creator\" content=\"@CatEmalcsaUdc\" \/>\n<meta name=\"twitter:site\" content=\"@CatEmalcsaUdc\" \/>\n<meta name=\"twitter:label1\" content=\"Escrito por\" \/>\n\t<meta name=\"twitter:data1\" content=\"Javier Gund\u00edn V\u00e1zquez\" \/>\n\t<meta name=\"twitter:label2\" content=\"Tempo de lectura\" \/>\n\t<meta name=\"twitter:data2\" content=\"5 minutos\" \/>\n<script type=\"application\/ld+json\" class=\"yoast-schema-graph\">{\"@context\":\"https:\\\/\\\/schema.org\",\"@graph\":[{\"@type\":\"Article\",\"@id\":\"https:\\\/\\\/www.catedraemalcsa.com\\\/gl\\\/la-catedra-emalcsa-udc-pone-en-valor-su-programa-de-divulgacion-ambiental-coawa-en-una-open-science-cambre-en-la-que-tambien-mostro-a-ninos-y-mayores-la-relacion-entre-agua-y-energia\\\/#article\",\"isPartOf\":{\"@id\":\"https:\\\/\\\/www.catedraemalcsa.com\\\/gl\\\/la-catedra-emalcsa-udc-pone-en-valor-su-programa-de-divulgacion-ambiental-coawa-en-una-open-science-cambre-en-la-que-tambien-mostro-a-ninos-y-mayores-la-relacion-entre-agua-y-energia\\\/\"},\"author\":{\"name\":\"Javier Gund\u00edn V\u00e1zquez\",\"@id\":\"https:\\\/\\\/www.catedraemalcsa.com\\\/gl\\\/#\\\/schema\\\/person\\\/f401f8a0ff9c15269cdb84365e579cb3\"},\"headline\":\"A C\u00e1tedra Emalcsa-UDC pon en valor o seu programa de divulgaci\u00f3n ambiental &#8216;Coawa&#8217; nunha Open Science Cambre na que tam\u00e9n amosou a nenos e maiores a relaci\u00f3n entre auga e enerx\u00eda\",\"datePublished\":\"2024-09-27T08:17:05+00:00\",\"dateModified\":\"2024-09-27T08:29:13+00:00\",\"mainEntityOfPage\":{\"@id\":\"https:\\\/\\\/www.catedraemalcsa.com\\\/gl\\\/la-catedra-emalcsa-udc-pone-en-valor-su-programa-de-divulgacion-ambiental-coawa-en-una-open-science-cambre-en-la-que-tambien-mostro-a-ninos-y-mayores-la-relacion-entre-agua-y-energia\\\/\"},\"wordCount\":667,\"publisher\":{\"@id\":\"https:\\\/\\\/www.catedraemalcsa.com\\\/gl\\\/#organization\"},\"image\":{\"@id\":\"https:\\\/\\\/www.catedraemalcsa.com\\\/gl\\\/la-catedra-emalcsa-udc-pone-en-valor-su-programa-de-divulgacion-ambiental-coawa-en-una-open-science-cambre-en-la-que-tambien-mostro-a-ninos-y-mayores-la-relacion-entre-agua-y-energia\\\/#primaryimage\"},\"thumbnailUrl\":\"https:\\\/\\\/www.catedraemalcsa.com\\\/wp-content\\\/uploads\\\/2024\\\/09\\\/WhatsApp-Image-2024-09-23-at-10.15.42-e1727425437144.jpeg\",\"keywords\":[\"C\u00e1tedra Emalcsa-UDC\",\"Coawa\",\"Open Science Cambre 24\"],\"articleSection\":[\"Actualidade\"],\"inLanguage\":\"gl-ES\"},{\"@type\":\"WebPage\",\"@id\":\"https:\\\/\\\/www.catedraemalcsa.com\\\/gl\\\/la-catedra-emalcsa-udc-pone-en-valor-su-programa-de-divulgacion-ambiental-coawa-en-una-open-science-cambre-en-la-que-tambien-mostro-a-ninos-y-mayores-la-relacion-entre-agua-y-energia\\\/\",\"url\":\"https:\\\/\\\/www.catedraemalcsa.com\\\/gl\\\/la-catedra-emalcsa-udc-pone-en-valor-su-programa-de-divulgacion-ambiental-coawa-en-una-open-science-cambre-en-la-que-tambien-mostro-a-ninos-y-mayores-la-relacion-entre-agua-y-energia\\\/\",\"name\":\"A C\u00e1tedra Emalcsa-UDC pon en valor o seu programa de divulgaci\u00f3n ambiental 'Coawa' nunha Open Science Cambre na que tam\u00e9n amosou a nenos e maiores a relaci\u00f3n entre auga e enerx\u00eda - C\u00e1tedra Emalcsa - UDC\",\"isPartOf\":{\"@id\":\"https:\\\/\\\/www.catedraemalcsa.com\\\/gl\\\/#website\"},\"primaryImageOfPage\":{\"@id\":\"https:\\\/\\\/www.catedraemalcsa.com\\\/gl\\\/la-catedra-emalcsa-udc-pone-en-valor-su-programa-de-divulgacion-ambiental-coawa-en-una-open-science-cambre-en-la-que-tambien-mostro-a-ninos-y-mayores-la-relacion-entre-agua-y-energia\\\/#primaryimage\"},\"image\":{\"@id\":\"https:\\\/\\\/www.catedraemalcsa.com\\\/gl\\\/la-catedra-emalcsa-udc-pone-en-valor-su-programa-de-divulgacion-ambiental-coawa-en-una-open-science-cambre-en-la-que-tambien-mostro-a-ninos-y-mayores-la-relacion-entre-agua-y-energia\\\/#primaryimage\"},\"thumbnailUrl\":\"https:\\\/\\\/www.catedraemalcsa.com\\\/wp-content\\\/uploads\\\/2024\\\/09\\\/WhatsApp-Image-2024-09-23-at-10.15.42-e1727425437144.jpeg\",\"datePublished\":\"2024-09-27T08:17:05+00:00\",\"dateModified\":\"2024-09-27T08:29:13+00:00\",\"breadcrumb\":{\"@id\":\"https:\\\/\\\/www.catedraemalcsa.com\\\/gl\\\/la-catedra-emalcsa-udc-pone-en-valor-su-programa-de-divulgacion-ambiental-coawa-en-una-open-science-cambre-en-la-que-tambien-mostro-a-ninos-y-mayores-la-relacion-entre-agua-y-energia\\\/#breadcrumb\"},\"inLanguage\":\"gl-ES\",\"potentialAction\":[{\"@type\":\"ReadAction\",\"target\":[\"https:\\\/\\\/www.catedraemalcsa.com\\\/gl\\\/la-catedra-emalcsa-udc-pone-en-valor-su-programa-de-divulgacion-ambiental-coawa-en-una-open-science-cambre-en-la-que-tambien-mostro-a-ninos-y-mayores-la-relacion-entre-agua-y-energia\\\/\"]}]},{\"@type\":\"ImageObject\",\"inLanguage\":\"gl-ES\",\"@id\":\"https:\\\/\\\/www.catedraemalcsa.com\\\/gl\\\/la-catedra-emalcsa-udc-pone-en-valor-su-programa-de-divulgacion-ambiental-coawa-en-una-open-science-cambre-en-la-que-tambien-mostro-a-ninos-y-mayores-la-relacion-entre-agua-y-energia\\\/#primaryimage\",\"url\":\"https:\\\/\\\/www.catedraemalcsa.com\\\/wp-content\\\/uploads\\\/2024\\\/09\\\/WhatsApp-Image-2024-09-23-at-10.15.42-e1727425437144.jpeg\",\"contentUrl\":\"https:\\\/\\\/www.catedraemalcsa.com\\\/wp-content\\\/uploads\\\/2024\\\/09\\\/WhatsApp-Image-2024-09-23-at-10.15.42-e1727425437144.jpeg\",\"width\":2048,\"height\":1365},{\"@type\":\"BreadcrumbList\",\"@id\":\"https:\\\/\\\/www.catedraemalcsa.com\\\/gl\\\/la-catedra-emalcsa-udc-pone-en-valor-su-programa-de-divulgacion-ambiental-coawa-en-una-open-science-cambre-en-la-que-tambien-mostro-a-ninos-y-mayores-la-relacion-entre-agua-y-energia\\\/#breadcrumb\",\"itemListElement\":[{\"@type\":\"ListItem\",\"position\":1,\"name\":\"Portada\",\"item\":\"https:\\\/\\\/www.catedraemalcsa.com\\\/gl\\\/\"},{\"@type\":\"ListItem\",\"position\":2,\"name\":\"A C\u00e1tedra Emalcsa-UDC pon en valor o seu programa de divulgaci\u00f3n ambiental &#8216;Coawa&#8217; nunha Open Science Cambre na que tam\u00e9n amosou a nenos e maiores a relaci\u00f3n entre auga e enerx\u00eda\"}]},{\"@type\":\"WebSite\",\"@id\":\"https:\\\/\\\/www.catedraemalcsa.com\\\/gl\\\/#website\",\"url\":\"https:\\\/\\\/www.catedraemalcsa.com\\\/gl\\\/\",\"name\":\"C\u00e1tedra Emalcsa - UDC\",\"description\":\"P\u00e1gina web de la C\u00e1tedra Emalcsa - UDC en la que se tratan aspectos relacionados con la gesti\u00f3n integrada del recurso del agua.\",\"publisher\":{\"@id\":\"https:\\\/\\\/www.catedraemalcsa.com\\\/gl\\\/#organization\"},\"potentialAction\":[{\"@type\":\"SearchAction\",\"target\":{\"@type\":\"EntryPoint\",\"urlTemplate\":\"https:\\\/\\\/www.catedraemalcsa.com\\\/gl\\\/?s={search_term_string}\"},\"query-input\":{\"@type\":\"PropertyValueSpecification\",\"valueRequired\":true,\"valueName\":\"search_term_string\"}}],\"inLanguage\":\"gl-ES\"},{\"@type\":\"Organization\",\"@id\":\"https:\\\/\\\/www.catedraemalcsa.com\\\/gl\\\/#organization\",\"name\":\"C\u00e1tedra Emalcsa - UDC\",\"url\":\"https:\\\/\\\/www.catedraemalcsa.com\\\/gl\\\/\",\"logo\":{\"@type\":\"ImageObject\",\"inLanguage\":\"gl-ES\",\"@id\":\"https:\\\/\\\/www.catedraemalcsa.com\\\/gl\\\/#\\\/schema\\\/logo\\\/image\\\/\",\"url\":\"https:\\\/\\\/www.catedraemalcsa.com\\\/wp-content\\\/uploads\\\/2022\\\/10\\\/LOGOTIPO-EMALCSA.png\",\"contentUrl\":\"https:\\\/\\\/www.catedraemalcsa.com\\\/wp-content\\\/uploads\\\/2022\\\/10\\\/LOGOTIPO-EMALCSA.png\",\"width\":600,\"height\":180,\"caption\":\"C\u00e1tedra Emalcsa - UDC\"},\"image\":{\"@id\":\"https:\\\/\\\/www.catedraemalcsa.com\\\/gl\\\/#\\\/schema\\\/logo\\\/image\\\/\"},\"sameAs\":[\"https:\\\/\\\/www.facebook.com\\\/Ctedra-Emalcsa-Udc-426980904504313\\\/\",\"https:\\\/\\\/x.com\\\/CatEmalcsaUdc\",\"http:\\\/\\\/www.linkedin.com\\\/in\\\/catedra-emalcsa-udc\"]},{\"@type\":\"Person\",\"@id\":\"https:\\\/\\\/www.catedraemalcsa.com\\\/gl\\\/#\\\/schema\\\/person\\\/f401f8a0ff9c15269cdb84365e579cb3\",\"name\":\"Javier Gund\u00edn V\u00e1zquez\",\"image\":{\"@type\":\"ImageObject\",\"inLanguage\":\"gl-ES\",\"@id\":\"https:\\\/\\\/secure.gravatar.com\\\/avatar\\\/a3dae680e6d89b897149ce21fd2ce880a5982e620c2ba64ffcc5d497e3ffcdc6?s=96&d=mm&r=g\",\"url\":\"https:\\\/\\\/secure.gravatar.com\\\/avatar\\\/a3dae680e6d89b897149ce21fd2ce880a5982e620c2ba64ffcc5d497e3ffcdc6?s=96&d=mm&r=g\",\"contentUrl\":\"https:\\\/\\\/secure.gravatar.com\\\/avatar\\\/a3dae680e6d89b897149ce21fd2ce880a5982e620c2ba64ffcc5d497e3ffcdc6?s=96&d=mm&r=g\",\"caption\":\"Javier Gund\u00edn V\u00e1zquez\"},\"url\":\"https:\\\/\\\/www.catedraemalcsa.com\\\/gl\\\/author\\\/javiergundin\\\/\"}]}<\/script>\n<!-- \/ Yoast SEO plugin. -->","yoast_head_json":{"title":"A C\u00e1tedra Emalcsa-UDC pon en valor o seu programa de divulgaci\u00f3n ambiental 'Coawa' nunha Open Science Cambre na que tam\u00e9n amosou a nenos e maiores a relaci\u00f3n entre auga e enerx\u00eda - C\u00e1tedra Emalcsa - UDC","robots":{"index":"index","follow":"follow","max-snippet":"max-snippet:-1","max-image-preview":"max-image-preview:large","max-video-preview":"max-video-preview:-1"},"canonical":"https:\/\/www.catedraemalcsa.com\/gl\/la-catedra-emalcsa-udc-pone-en-valor-su-programa-de-divulgacion-ambiental-coawa-en-una-open-science-cambre-en-la-que-tambien-mostro-a-ninos-y-mayores-la-relacion-entre-agua-y-energia\/","og_locale":"gl_ES","og_type":"article","og_title":"A C\u00e1tedra Emalcsa-UDC pon en valor o seu programa de divulgaci\u00f3n ambiental 'Coawa' nunha Open Science Cambre na que tam\u00e9n amosou a nenos e maiores a relaci\u00f3n entre auga e enerx\u00eda - C\u00e1tedra Emalcsa - UDC","og_description":"A C\u00e1tedra Emalcsa-UDC participou un ano m\u00e1is na Open Science Cambre, unha feira de divulgaci\u00f3n&hellip;","og_url":"https:\/\/www.catedraemalcsa.com\/gl\/la-catedra-emalcsa-udc-pone-en-valor-su-programa-de-divulgacion-ambiental-coawa-en-una-open-science-cambre-en-la-que-tambien-mostro-a-ninos-y-mayores-la-relacion-entre-agua-y-energia\/","og_site_name":"C\u00e1tedra Emalcsa - UDC","article_publisher":"https:\/\/www.facebook.com\/Ctedra-Emalcsa-Udc-426980904504313\/","article_published_time":"2024-09-27T08:17:05+00:00","article_modified_time":"2024-09-27T08:29:13+00:00","og_image":[{"width":2048,"height":1365,"url":"https:\/\/www.catedraemalcsa.com\/wp-content\/uploads\/2024\/09\/WhatsApp-Image-2024-09-23-at-10.15.42-e1727425437144.jpeg","type":"image\/jpeg"}],"author":"Javier Gund\u00edn V\u00e1zquez","twitter_card":"summary_large_image","twitter_creator":"@CatEmalcsaUdc","twitter_site":"@CatEmalcsaUdc","twitter_misc":{"Escrito por":"Javier Gund\u00edn V\u00e1zquez","Tempo de lectura":"5 minutos"},"schema":{"@context":"https:\/\/schema.org","@graph":[{"@type":"Article","@id":"https:\/\/www.catedraemalcsa.com\/gl\/la-catedra-emalcsa-udc-pone-en-valor-su-programa-de-divulgacion-ambiental-coawa-en-una-open-science-cambre-en-la-que-tambien-mostro-a-ninos-y-mayores-la-relacion-entre-agua-y-energia\/#article","isPartOf":{"@id":"https:\/\/www.catedraemalcsa.com\/gl\/la-catedra-emalcsa-udc-pone-en-valor-su-programa-de-divulgacion-ambiental-coawa-en-una-open-science-cambre-en-la-que-tambien-mostro-a-ninos-y-mayores-la-relacion-entre-agua-y-energia\/"},"author":{"name":"Javier Gund\u00edn V\u00e1zquez","@id":"https:\/\/www.catedraemalcsa.com\/gl\/#\/schema\/person\/f401f8a0ff9c15269cdb84365e579cb3"},"headline":"A C\u00e1tedra Emalcsa-UDC pon en valor o seu programa de divulgaci\u00f3n ambiental &#8216;Coawa&#8217; nunha Open Science Cambre na que tam\u00e9n amosou a nenos e maiores a relaci\u00f3n entre auga e enerx\u00eda","datePublished":"2024-09-27T08:17:05+00:00","dateModified":"2024-09-27T08:29:13+00:00","mainEntityOfPage":{"@id":"https:\/\/www.catedraemalcsa.com\/gl\/la-catedra-emalcsa-udc-pone-en-valor-su-programa-de-divulgacion-ambiental-coawa-en-una-open-science-cambre-en-la-que-tambien-mostro-a-ninos-y-mayores-la-relacion-entre-agua-y-energia\/"},"wordCount":667,"publisher":{"@id":"https:\/\/www.catedraemalcsa.com\/gl\/#organization"},"image":{"@id":"https:\/\/www.catedraemalcsa.com\/gl\/la-catedra-emalcsa-udc-pone-en-valor-su-programa-de-divulgacion-ambiental-coawa-en-una-open-science-cambre-en-la-que-tambien-mostro-a-ninos-y-mayores-la-relacion-entre-agua-y-energia\/#primaryimage"},"thumbnailUrl":"https:\/\/www.catedraemalcsa.com\/wp-content\/uploads\/2024\/09\/WhatsApp-Image-2024-09-23-at-10.15.42-e1727425437144.jpeg","keywords":["C\u00e1tedra Emalcsa-UDC","Coawa","Open Science Cambre 24"],"articleSection":["Actualidade"],"inLanguage":"gl-ES"},{"@type":"WebPage","@id":"https:\/\/www.catedraemalcsa.com\/gl\/la-catedra-emalcsa-udc-pone-en-valor-su-programa-de-divulgacion-ambiental-coawa-en-una-open-science-cambre-en-la-que-tambien-mostro-a-ninos-y-mayores-la-relacion-entre-agua-y-energia\/","url":"https:\/\/www.catedraemalcsa.com\/gl\/la-catedra-emalcsa-udc-pone-en-valor-su-programa-de-divulgacion-ambiental-coawa-en-una-open-science-cambre-en-la-que-tambien-mostro-a-ninos-y-mayores-la-relacion-entre-agua-y-energia\/","name":"A C\u00e1tedra Emalcsa-UDC pon en valor o seu programa de divulgaci\u00f3n ambiental 'Coawa' nunha Open Science Cambre na que tam\u00e9n amosou a nenos e maiores a relaci\u00f3n entre auga e enerx\u00eda - C\u00e1tedra Emalcsa - UDC","isPartOf":{"@id":"https:\/\/www.catedraemalcsa.com\/gl\/#website"},"primaryImageOfPage":{"@id":"https:\/\/www.catedraemalcsa.com\/gl\/la-catedra-emalcsa-udc-pone-en-valor-su-programa-de-divulgacion-ambiental-coawa-en-una-open-science-cambre-en-la-que-tambien-mostro-a-ninos-y-mayores-la-relacion-entre-agua-y-energia\/#primaryimage"},"image":{"@id":"https:\/\/www.catedraemalcsa.com\/gl\/la-catedra-emalcsa-udc-pone-en-valor-su-programa-de-divulgacion-ambiental-coawa-en-una-open-science-cambre-en-la-que-tambien-mostro-a-ninos-y-mayores-la-relacion-entre-agua-y-energia\/#primaryimage"},"thumbnailUrl":"https:\/\/www.catedraemalcsa.com\/wp-content\/uploads\/2024\/09\/WhatsApp-Image-2024-09-23-at-10.15.42-e1727425437144.jpeg","datePublished":"2024-09-27T08:17:05+00:00","dateModified":"2024-09-27T08:29:13+00:00","breadcrumb":{"@id":"https:\/\/www.catedraemalcsa.com\/gl\/la-catedra-emalcsa-udc-pone-en-valor-su-programa-de-divulgacion-ambiental-coawa-en-una-open-science-cambre-en-la-que-tambien-mostro-a-ninos-y-mayores-la-relacion-entre-agua-y-energia\/#breadcrumb"},"inLanguage":"gl-ES","potentialAction":[{"@type":"ReadAction","target":["https:\/\/www.catedraemalcsa.com\/gl\/la-catedra-emalcsa-udc-pone-en-valor-su-programa-de-divulgacion-ambiental-coawa-en-una-open-science-cambre-en-la-que-tambien-mostro-a-ninos-y-mayores-la-relacion-entre-agua-y-energia\/"]}]},{"@type":"ImageObject","inLanguage":"gl-ES","@id":"https:\/\/www.catedraemalcsa.com\/gl\/la-catedra-emalcsa-udc-pone-en-valor-su-programa-de-divulgacion-ambiental-coawa-en-una-open-science-cambre-en-la-que-tambien-mostro-a-ninos-y-mayores-la-relacion-entre-agua-y-energia\/#primaryimage","url":"https:\/\/www.catedraemalcsa.com\/wp-content\/uploads\/2024\/09\/WhatsApp-Image-2024-09-23-at-10.15.42-e1727425437144.jpeg","contentUrl":"https:\/\/www.catedraemalcsa.com\/wp-content\/uploads\/2024\/09\/WhatsApp-Image-2024-09-23-at-10.15.42-e1727425437144.jpeg","width":2048,"height":1365},{"@type":"BreadcrumbList","@id":"https:\/\/www.catedraemalcsa.com\/gl\/la-catedra-emalcsa-udc-pone-en-valor-su-programa-de-divulgacion-ambiental-coawa-en-una-open-science-cambre-en-la-que-tambien-mostro-a-ninos-y-mayores-la-relacion-entre-agua-y-energia\/#breadcrumb","itemListElement":[{"@type":"ListItem","position":1,"name":"Portada","item":"https:\/\/www.catedraemalcsa.com\/gl\/"},{"@type":"ListItem","position":2,"name":"A C\u00e1tedra Emalcsa-UDC pon en valor o seu programa de divulgaci\u00f3n ambiental &#8216;Coawa&#8217; nunha Open Science Cambre na que tam\u00e9n amosou a nenos e maiores a relaci\u00f3n entre auga e enerx\u00eda"}]},{"@type":"WebSite","@id":"https:\/\/www.catedraemalcsa.com\/gl\/#website","url":"https:\/\/www.catedraemalcsa.com\/gl\/","name":"C\u00e1tedra Emalcsa - UDC","description":"P\u00e1gina web de la C\u00e1tedra Emalcsa - UDC en la que se tratan aspectos relacionados con la gesti\u00f3n integrada del recurso del agua.","publisher":{"@id":"https:\/\/www.catedraemalcsa.com\/gl\/#organization"},"potentialAction":[{"@type":"SearchAction","target":{"@type":"EntryPoint","urlTemplate":"https:\/\/www.catedraemalcsa.com\/gl\/?s={search_term_string}"},"query-input":{"@type":"PropertyValueSpecification","valueRequired":true,"valueName":"search_term_string"}}],"inLanguage":"gl-ES"},{"@type":"Organization","@id":"https:\/\/www.catedraemalcsa.com\/gl\/#organization","name":"C\u00e1tedra Emalcsa - UDC","url":"https:\/\/www.catedraemalcsa.com\/gl\/","logo":{"@type":"ImageObject","inLanguage":"gl-ES","@id":"https:\/\/www.catedraemalcsa.com\/gl\/#\/schema\/logo\/image\/","url":"https:\/\/www.catedraemalcsa.com\/wp-content\/uploads\/2022\/10\/LOGOTIPO-EMALCSA.png","contentUrl":"https:\/\/www.catedraemalcsa.com\/wp-content\/uploads\/2022\/10\/LOGOTIPO-EMALCSA.png","width":600,"height":180,"caption":"C\u00e1tedra Emalcsa - UDC"},"image":{"@id":"https:\/\/www.catedraemalcsa.com\/gl\/#\/schema\/logo\/image\/"},"sameAs":["https:\/\/www.facebook.com\/Ctedra-Emalcsa-Udc-426980904504313\/","https:\/\/x.com\/CatEmalcsaUdc","http:\/\/www.linkedin.com\/in\/catedra-emalcsa-udc"]},{"@type":"Person","@id":"https:\/\/www.catedraemalcsa.com\/gl\/#\/schema\/person\/f401f8a0ff9c15269cdb84365e579cb3","name":"Javier Gund\u00edn V\u00e1zquez","image":{"@type":"ImageObject","inLanguage":"gl-ES","@id":"https:\/\/secure.gravatar.com\/avatar\/a3dae680e6d89b897149ce21fd2ce880a5982e620c2ba64ffcc5d497e3ffcdc6?s=96&d=mm&r=g","url":"https:\/\/secure.gravatar.com\/avatar\/a3dae680e6d89b897149ce21fd2ce880a5982e620c2ba64ffcc5d497e3ffcdc6?s=96&d=mm&r=g","contentUrl":"https:\/\/secure.gravatar.com\/avatar\/a3dae680e6d89b897149ce21fd2ce880a5982e620c2ba64ffcc5d497e3ffcdc6?s=96&d=mm&r=g","caption":"Javier Gund\u00edn V\u00e1zquez"},"url":"https:\/\/www.catedraemalcsa.com\/gl\/author\/javiergundin\/"}]}},"_links":{"self":[{"href":"https:\/\/www.catedraemalcsa.com\/gl\/wp-json\/wp\/v2\/posts\/26674","targetHints":{"allow":["GET"]}}],"collection":[{"href":"https:\/\/www.catedraemalcsa.com\/gl\/wp-json\/wp\/v2\/posts"}],"about":[{"href":"https:\/\/www.catedraemalcsa.com\/gl\/wp-json\/wp\/v2\/types\/post"}],"author":[{"embeddable":true,"href":"https:\/\/www.catedraemalcsa.com\/gl\/wp-json\/wp\/v2\/users\/13"}],"replies":[{"embeddable":true,"href":"https:\/\/www.catedraemalcsa.com\/gl\/wp-json\/wp\/v2\/comments?post=26674"}],"version-history":[{"count":3,"href":"https:\/\/www.catedraemalcsa.com\/gl\/wp-json\/wp\/v2\/posts\/26674\/revisions"}],"predecessor-version":[{"id":26683,"href":"https:\/\/www.catedraemalcsa.com\/gl\/wp-json\/wp\/v2\/posts\/26674\/revisions\/26683"}],"wp:featuredmedia":[{"embeddable":true,"href":"https:\/\/www.catedraemalcsa.com\/gl\/wp-json\/wp\/v2\/media\/26666"}],"wp:attachment":[{"href":"https:\/\/www.catedraemalcsa.com\/gl\/wp-json\/wp\/v2\/media?parent=26674"}],"wp:term":[{"taxonomy":"category","embeddable":true,"href":"https:\/\/www.catedraemalcsa.com\/gl\/wp-json\/wp\/v2\/categories?post=26674"},{"taxonomy":"post_tag","embeddable":true,"href":"https:\/\/www.catedraemalcsa.com\/gl\/wp-json\/wp\/v2\/tags?post=26674"}],"curies":[{"name":"wp","href":"https:\/\/api.w.org\/{rel}","templated":true}]}}