{"id":26149,"date":"2024-05-02T10:41:25","date_gmt":"2024-05-02T08:41:25","guid":{"rendered":"https:\/\/www.catedraemalcsa.com\/?p=26149"},"modified":"2024-05-02T10:43:25","modified_gmt":"2024-05-02T08:43:25","slug":"a-catedra-emalcsa-udc-amosara-os-usos-da-auga-para-producir-enerxia-no-xxviii-dia-da-ciencia-na-rua-que-se-celebra-o-sabado-4-de-maio-no-parque-de-santa-margarida","status":"publish","type":"post","link":"https:\/\/www.catedraemalcsa.com\/gl\/a-catedra-emalcsa-udc-amosara-os-usos-da-auga-para-producir-enerxia-no-xxviii-dia-da-ciencia-na-rua-que-se-celebra-o-sabado-4-de-maio-no-parque-de-santa-margarida\/","title":{"rendered":"A C\u00e1tedra Emalcsa-UDC amosar\u00e1 os usos da auga para producir enerx\u00eda no XXVIII D\u00eda da Ciencia na R\u00faa que se celebra o s\u00e1bado 4 de maio no Parque de Santa Margarida"},"content":{"rendered":"\n<p>Este s\u00e1bado 4 de maio o Parque de Santa Margarida converterase un ano m\u00e1is nunha especie de laboratorio xigante no que diferentes centros escolares, a maior\u00eda deles da provincia da Coru\u00f1a, e entidades relacionadas coa ciencia, amosar\u00e1n ao p\u00fablico asistente interesantes experimentos cient\u00edficos. Porque ese d\u00eda cel\u00e9brase unha nova edici\u00f3n do D\u00eda da Ciencia na R\u00faa, unha xa tradicional feira cient\u00edfica que <strong>chega \u00e1 s\u00faa XXVIII edici\u00f3n e que organizan os <a href=\"https:\/\/www.coruna.gal\/mc2\/es?argIdioma=es\">Museos Cient\u00edficos Coru\u00f1eses<\/a>, a <a href=\"https:\/\/amigoscc.es\/?lang=gl\">Asociaci\u00f3n de Amigos da Casa das Ciencias<\/a> e Emalcsa, coa colaboraci\u00f3n da <a href=\"https:\/\/www.fecyt.es\/\">Fundaci\u00f3n Espa\u00f1ola para a Ciencia e a Tecnolox\u00eda do Ministerio de Ciencia, Innovaci\u00f3n e Universidades<\/a>.<\/strong><\/p>\n\n\n\n<p>Neste evento, cuxo obxectivo \u00e9 achegar a ciencia \u00e1 cidadan\u00eda, estar\u00e1 de novo a C\u00e1tedra Emalcsa-UDC, que contar\u00e1 cunha tenda propia (n\u00famero 9) situada a car\u00f3n das escaleiras de acceso \u00e1 Casa das Ciencias entrando pola r\u00faa Padre Sarmiento. Este 2024 a C\u00e1tedra amosar\u00e1 aos visitantes diferentes experimentos para explicar de xeito l\u00fadico os usos da auga para producir enerx\u00eda.<\/p>\n\n\n\n<p><strong>Aqueles que se acheguen \u00e1 tenda da C\u00e1tedra poder\u00e1n presenciar, por exemplo, como as enerx\u00edas potencial e cin\u00e9tica se transforman noutras como a hidr\u00e1ulica, a mec\u00e1nica&#8230;; as\u00ed como o xeito no que se obt\u00e9n hidr\u00f3xeno a partir da electr\u00f3lise da auga para ser empregado como combustible.<\/strong><\/p>\n\n\n\n<p>Os visitantes que pasen pola tenda <strong>tam\u00e9n poder\u00e1n co\u00f1ecer o <a href=\"https:\/\/somoscoawa.com\/\">programa Coawa<\/a>, co que a C\u00e1tedra proponse achegar \u00e1 sociedade a importancia do mundo da auga dende unha visi\u00f3n integrada co medio ambiente e as persoas.<\/strong><\/p>\n\n\n\n<figure class=\"wp-block-image size-large\"><img fetchpriority=\"high\" decoding=\"async\" width=\"715\" height=\"1024\" src=\"https:\/\/www.catedraemalcsa.com\/wp-content\/uploads\/2024\/04\/planoDCR24-1-715x1024.png\" alt=\"\" class=\"wp-image-26153\" srcset=\"https:\/\/www.catedraemalcsa.com\/wp-content\/uploads\/2024\/04\/planoDCR24-1-715x1024.png 715w, https:\/\/www.catedraemalcsa.com\/wp-content\/uploads\/2024\/04\/planoDCR24-1-210x300.png 210w, https:\/\/www.catedraemalcsa.com\/wp-content\/uploads\/2024\/04\/planoDCR24-1-768x1099.png 768w, https:\/\/www.catedraemalcsa.com\/wp-content\/uploads\/2024\/04\/planoDCR24-1-1073x1536.png 1073w, https:\/\/www.catedraemalcsa.com\/wp-content\/uploads\/2024\/04\/planoDCR24-1-1431x2048.png 1431w, https:\/\/www.catedraemalcsa.com\/wp-content\/uploads\/2024\/04\/planoDCR24-1-370x530.png 370w, https:\/\/www.catedraemalcsa.com\/wp-content\/uploads\/2024\/04\/planoDCR24-1-840x1202.png 840w, https:\/\/www.catedraemalcsa.com\/wp-content\/uploads\/2024\/04\/planoDCR24-1-410x587.png 410w\" sizes=\"(max-width: 715px) 100vw, 715px\" \/><\/figure>\n\n\n\n<p>As\u00ed mesmo, como en edici\u00f3ns anteriores do D\u00eda da Ciencia na R\u00faa, <strong>e co obxecto de promocionar o consumo de auga da billa e a reduci\u00f3n do uso de botellas de pl\u00e1stico, Emalcsa instalar\u00e1 fontes conectadas \u00e1 redes de abastecemento na contorna da Casa das Ciencias para que os participantes na feira cient\u00edfica podan reencher botellas reutilizables sempre que o precisen.<\/strong><\/p>\n\n\n\n<p>Adem\u00e1is da da C\u00e1tedra Emalcsa-UDC, no XXVIII D\u00eda da Ciencia na R\u00faa haber\u00e1 61 tendas m\u00e1is. 48 delas estar\u00e1n ocupadas por centros educativos da Coru\u00f1a, Betanzos, Cambre, Carral, Arteixo, Cerceda, Culleredo, Coristanco, Oleiros, Ordes, Pontedeume, Outes, Arz\u00faa, Ribadeo, Mi\u00f1o, Ortigueira, As Pontes, Baio, Ribeira e Poio. <strong>Entre os experimentos que presentar\u00e1n figura un hotel de insectos, experiencias sobre hidr\u00f3xeno verde, gafas de realidade virtual para ver o interior do corpo humano ou un t\u00fanel do vento.<\/strong><\/p>\n\n\n\n<p>As outras 12 tendas pertencen \u00e1 Axencia Galega de Sangue, \u00d3rganos e Tecidos; ao Servizo Municipal de Educaci\u00f3n da Coru\u00f1a; o Centro de Investigaci\u00f3n en TIC (CITIC); a Escola de Enxe\u00f1eiros de Cami\u00f1os da Universidade da Coru\u00f1a; o Centro Interdisciplinar de Qu\u00edmica e Biolox\u00eda (CICA); a Falcultade de Ciencias da UDC; o Centro Oceanogr\u00e1fico da Coru\u00f1a; o Instituto de Investigaci\u00f3ns Biom\u00e9dicas da Coru\u00f1a (INIBIC); a Facultade de F\u00edsica da Universidade de Santiago; a Fundaci\u00f3n IMQ San Rafael; a Coru\u00f1a British International School; e a Cruz Vermella.<\/p>\n\n\n\n<p><strong>Durante o D\u00eda da Ciencia na R\u00faa, que ter\u00e1 lugar entre as 11 e as 19 horas, tam\u00e9n se celebrar\u00e1n diferentes actividades como mon\u00f3logos cient\u00edficos ou un concerto da banda municipal. Ademais, para conmemorar o gran d\u00eda da ciencia na Coru\u00f1a, a entrada aos tres Museos Cient\u00edficos (Casa das Ciencias, Domus e Aquarium Finisterrae) da cidade ser\u00e1 de balde.<\/strong><\/p>\n","protected":false},"excerpt":{"rendered":"<p>Este s\u00e1bado 4 de maio o Parque de Santa Margarida converterase un ano m\u00e1is nunha&hellip;<\/p>\n","protected":false},"author":13,"featured_media":26155,"comment_status":"closed","ping_status":"open","sticky":false,"template":"","format":"standard","meta":{"inline_featured_image":false,"_themeisle_gutenberg_block_has_review":false,"footnotes":""},"categories":[284],"tags":[559,611,564,612],"class_list":["post-26149","post","type-post","status-publish","format-standard","has-post-thumbnail","hentry","category-actualidade","tag-coawa-gl","tag-dia-da-ciencia-na-rua-2024","tag-emalcsa-2-gl","tag-museos-cientificos-coruneses-2"],"yoast_head":"<!-- This site is optimized with the Yoast SEO plugin v26.9 - https:\/\/yoast.com\/product\/yoast-seo-wordpress\/ -->\n<title>A C\u00e1tedra Emalcsa-UDC amosar\u00e1 os usos da auga para producir enerx\u00eda no XXVIII D\u00eda da Ciencia na R\u00faa que se celebra o s\u00e1bado 4 de maio no Parque de Santa Margarida - C\u00e1tedra Emalcsa - UDC<\/title>\n<meta name=\"robots\" content=\"index, follow, max-snippet:-1, max-image-preview:large, max-video-preview:-1\" \/>\n<link rel=\"canonical\" href=\"https:\/\/www.catedraemalcsa.com\/gl\/a-catedra-emalcsa-udc-amosara-os-usos-da-auga-para-producir-enerxia-no-xxviii-dia-da-ciencia-na-rua-que-se-celebra-o-sabado-4-de-maio-no-parque-de-santa-margarida\/\" \/>\n<meta property=\"og:locale\" content=\"gl_ES\" \/>\n<meta property=\"og:type\" content=\"article\" \/>\n<meta property=\"og:title\" content=\"A C\u00e1tedra Emalcsa-UDC amosar\u00e1 os usos da auga para producir enerx\u00eda no XXVIII D\u00eda da Ciencia na R\u00faa que se celebra o s\u00e1bado 4 de maio no Parque de Santa Margarida - C\u00e1tedra Emalcsa - UDC\" \/>\n<meta property=\"og:description\" content=\"Este s\u00e1bado 4 de maio o Parque de Santa Margarida converterase un ano m\u00e1is nunha&hellip;\" \/>\n<meta property=\"og:url\" content=\"https:\/\/www.catedraemalcsa.com\/gl\/a-catedra-emalcsa-udc-amosara-os-usos-da-auga-para-producir-enerxia-no-xxviii-dia-da-ciencia-na-rua-que-se-celebra-o-sabado-4-de-maio-no-parque-de-santa-margarida\/\" \/>\n<meta property=\"og:site_name\" content=\"C\u00e1tedra Emalcsa - UDC\" \/>\n<meta property=\"article:publisher\" content=\"https:\/\/www.facebook.com\/Ctedra-Emalcsa-Udc-426980904504313\/\" \/>\n<meta property=\"article:published_time\" content=\"2024-05-02T08:41:25+00:00\" \/>\n<meta property=\"article:modified_time\" content=\"2024-05-02T08:43:25+00:00\" \/>\n<meta property=\"og:image\" content=\"https:\/\/www.catedraemalcsa.com\/wp-content\/uploads\/2023\/04\/Mesa-de-trabajo-1.png\" \/>\n\t<meta property=\"og:image:width\" content=\"1500\" \/>\n\t<meta property=\"og:image:height\" content=\"949\" \/>\n\t<meta property=\"og:image:type\" content=\"image\/png\" \/>\n<meta name=\"author\" content=\"Javier Gund\u00edn V\u00e1zquez\" \/>\n<meta name=\"twitter:card\" content=\"summary_large_image\" \/>\n<meta name=\"twitter:creator\" content=\"@CatEmalcsaUdc\" \/>\n<meta name=\"twitter:site\" content=\"@CatEmalcsaUdc\" \/>\n<meta name=\"twitter:label1\" content=\"Escrito por\" \/>\n\t<meta name=\"twitter:data1\" content=\"Javier Gund\u00edn V\u00e1zquez\" \/>\n\t<meta name=\"twitter:label2\" content=\"Tempo de lectura\" \/>\n\t<meta name=\"twitter:data2\" content=\"3 minutos\" \/>\n<script type=\"application\/ld+json\" class=\"yoast-schema-graph\">{\"@context\":\"https:\/\/schema.org\",\"@graph\":[{\"@type\":\"Article\",\"@id\":\"https:\/\/www.catedraemalcsa.com\/gl\/a-catedra-emalcsa-udc-amosara-os-usos-da-auga-para-producir-enerxia-no-xxviii-dia-da-ciencia-na-rua-que-se-celebra-o-sabado-4-de-maio-no-parque-de-santa-margarida\/#article\",\"isPartOf\":{\"@id\":\"https:\/\/www.catedraemalcsa.com\/gl\/a-catedra-emalcsa-udc-amosara-os-usos-da-auga-para-producir-enerxia-no-xxviii-dia-da-ciencia-na-rua-que-se-celebra-o-sabado-4-de-maio-no-parque-de-santa-margarida\/\"},\"author\":{\"name\":\"Javier Gund\u00edn V\u00e1zquez\",\"@id\":\"https:\/\/www.catedraemalcsa.com\/gl\/#\/schema\/person\/f401f8a0ff9c15269cdb84365e579cb3\"},\"headline\":\"A C\u00e1tedra Emalcsa-UDC amosar\u00e1 os usos da auga para producir enerx\u00eda no XXVIII D\u00eda da Ciencia na R\u00faa que se celebra o s\u00e1bado 4 de maio no Parque de Santa Margarida\",\"datePublished\":\"2024-05-02T08:41:25+00:00\",\"dateModified\":\"2024-05-02T08:43:25+00:00\",\"mainEntityOfPage\":{\"@id\":\"https:\/\/www.catedraemalcsa.com\/gl\/a-catedra-emalcsa-udc-amosara-os-usos-da-auga-para-producir-enerxia-no-xxviii-dia-da-ciencia-na-rua-que-se-celebra-o-sabado-4-de-maio-no-parque-de-santa-margarida\/\"},\"wordCount\":633,\"publisher\":{\"@id\":\"https:\/\/www.catedraemalcsa.com\/gl\/#organization\"},\"image\":{\"@id\":\"https:\/\/www.catedraemalcsa.com\/gl\/a-catedra-emalcsa-udc-amosara-os-usos-da-auga-para-producir-enerxia-no-xxviii-dia-da-ciencia-na-rua-que-se-celebra-o-sabado-4-de-maio-no-parque-de-santa-margarida\/#primaryimage\"},\"thumbnailUrl\":\"https:\/\/www.catedraemalcsa.com\/wp-content\/uploads\/2024\/04\/dcrcartel.png\",\"keywords\":[\"Coawa\",\"D\u00eda da Ciencia na R\u00faa 2024\",\"Emalcsa\",\"Museos Cient\u00edficos Coru\u00f1eses\"],\"articleSection\":[\"Actualidade\"],\"inLanguage\":\"gl-ES\"},{\"@type\":\"WebPage\",\"@id\":\"https:\/\/www.catedraemalcsa.com\/gl\/a-catedra-emalcsa-udc-amosara-os-usos-da-auga-para-producir-enerxia-no-xxviii-dia-da-ciencia-na-rua-que-se-celebra-o-sabado-4-de-maio-no-parque-de-santa-margarida\/\",\"url\":\"https:\/\/www.catedraemalcsa.com\/gl\/a-catedra-emalcsa-udc-amosara-os-usos-da-auga-para-producir-enerxia-no-xxviii-dia-da-ciencia-na-rua-que-se-celebra-o-sabado-4-de-maio-no-parque-de-santa-margarida\/\",\"name\":\"A C\u00e1tedra Emalcsa-UDC amosar\u00e1 os usos da auga para producir enerx\u00eda no XXVIII D\u00eda da Ciencia na R\u00faa que se celebra o s\u00e1bado 4 de maio no Parque de Santa Margarida - C\u00e1tedra Emalcsa - UDC\",\"isPartOf\":{\"@id\":\"https:\/\/www.catedraemalcsa.com\/gl\/#website\"},\"primaryImageOfPage\":{\"@id\":\"https:\/\/www.catedraemalcsa.com\/gl\/a-catedra-emalcsa-udc-amosara-os-usos-da-auga-para-producir-enerxia-no-xxviii-dia-da-ciencia-na-rua-que-se-celebra-o-sabado-4-de-maio-no-parque-de-santa-margarida\/#primaryimage\"},\"image\":{\"@id\":\"https:\/\/www.catedraemalcsa.com\/gl\/a-catedra-emalcsa-udc-amosara-os-usos-da-auga-para-producir-enerxia-no-xxviii-dia-da-ciencia-na-rua-que-se-celebra-o-sabado-4-de-maio-no-parque-de-santa-margarida\/#primaryimage\"},\"thumbnailUrl\":\"https:\/\/www.catedraemalcsa.com\/wp-content\/uploads\/2024\/04\/dcrcartel.png\",\"datePublished\":\"2024-05-02T08:41:25+00:00\",\"dateModified\":\"2024-05-02T08:43:25+00:00\",\"breadcrumb\":{\"@id\":\"https:\/\/www.catedraemalcsa.com\/gl\/a-catedra-emalcsa-udc-amosara-os-usos-da-auga-para-producir-enerxia-no-xxviii-dia-da-ciencia-na-rua-que-se-celebra-o-sabado-4-de-maio-no-parque-de-santa-margarida\/#breadcrumb\"},\"inLanguage\":\"gl-ES\",\"potentialAction\":[{\"@type\":\"ReadAction\",\"target\":[\"https:\/\/www.catedraemalcsa.com\/gl\/a-catedra-emalcsa-udc-amosara-os-usos-da-auga-para-producir-enerxia-no-xxviii-dia-da-ciencia-na-rua-que-se-celebra-o-sabado-4-de-maio-no-parque-de-santa-margarida\/\"]}]},{\"@type\":\"ImageObject\",\"inLanguage\":\"gl-ES\",\"@id\":\"https:\/\/www.catedraemalcsa.com\/gl\/a-catedra-emalcsa-udc-amosara-os-usos-da-auga-para-producir-enerxia-no-xxviii-dia-da-ciencia-na-rua-que-se-celebra-o-sabado-4-de-maio-no-parque-de-santa-margarida\/#primaryimage\",\"url\":\"https:\/\/www.catedraemalcsa.com\/wp-content\/uploads\/2024\/04\/dcrcartel.png\",\"contentUrl\":\"https:\/\/www.catedraemalcsa.com\/wp-content\/uploads\/2024\/04\/dcrcartel.png\",\"width\":1200,\"height\":675},{\"@type\":\"BreadcrumbList\",\"@id\":\"https:\/\/www.catedraemalcsa.com\/gl\/a-catedra-emalcsa-udc-amosara-os-usos-da-auga-para-producir-enerxia-no-xxviii-dia-da-ciencia-na-rua-que-se-celebra-o-sabado-4-de-maio-no-parque-de-santa-margarida\/#breadcrumb\",\"itemListElement\":[{\"@type\":\"ListItem\",\"position\":1,\"name\":\"Portada\",\"item\":\"https:\/\/www.catedraemalcsa.com\/gl\/\"},{\"@type\":\"ListItem\",\"position\":2,\"name\":\"A C\u00e1tedra Emalcsa-UDC amosar\u00e1 os usos da auga para producir enerx\u00eda no XXVIII D\u00eda da Ciencia na R\u00faa que se celebra o s\u00e1bado 4 de maio no Parque de Santa Margarida\"}]},{\"@type\":\"WebSite\",\"@id\":\"https:\/\/www.catedraemalcsa.com\/gl\/#website\",\"url\":\"https:\/\/www.catedraemalcsa.com\/gl\/\",\"name\":\"C\u00e1tedra Emalcsa - UDC\",\"description\":\"P\u00e1gina web de la C\u00e1tedra Emalcsa - UDC en la que se tratan aspectos relacionados con la gesti\u00f3n integrada del recurso del agua.\",\"publisher\":{\"@id\":\"https:\/\/www.catedraemalcsa.com\/gl\/#organization\"},\"potentialAction\":[{\"@type\":\"SearchAction\",\"target\":{\"@type\":\"EntryPoint\",\"urlTemplate\":\"https:\/\/www.catedraemalcsa.com\/gl\/?s={search_term_string}\"},\"query-input\":{\"@type\":\"PropertyValueSpecification\",\"valueRequired\":true,\"valueName\":\"search_term_string\"}}],\"inLanguage\":\"gl-ES\"},{\"@type\":\"Organization\",\"@id\":\"https:\/\/www.catedraemalcsa.com\/gl\/#organization\",\"name\":\"C\u00e1tedra Emalcsa - UDC\",\"url\":\"https:\/\/www.catedraemalcsa.com\/gl\/\",\"logo\":{\"@type\":\"ImageObject\",\"inLanguage\":\"gl-ES\",\"@id\":\"https:\/\/www.catedraemalcsa.com\/gl\/#\/schema\/logo\/image\/\",\"url\":\"https:\/\/www.catedraemalcsa.com\/wp-content\/uploads\/2022\/10\/LOGOTIPO-EMALCSA.png\",\"contentUrl\":\"https:\/\/www.catedraemalcsa.com\/wp-content\/uploads\/2022\/10\/LOGOTIPO-EMALCSA.png\",\"width\":600,\"height\":180,\"caption\":\"C\u00e1tedra Emalcsa - UDC\"},\"image\":{\"@id\":\"https:\/\/www.catedraemalcsa.com\/gl\/#\/schema\/logo\/image\/\"},\"sameAs\":[\"https:\/\/www.facebook.com\/Ctedra-Emalcsa-Udc-426980904504313\/\",\"https:\/\/x.com\/CatEmalcsaUdc\",\"http:\/\/www.linkedin.com\/in\/catedra-emalcsa-udc\"]},{\"@type\":\"Person\",\"@id\":\"https:\/\/www.catedraemalcsa.com\/gl\/#\/schema\/person\/f401f8a0ff9c15269cdb84365e579cb3\",\"name\":\"Javier Gund\u00edn V\u00e1zquez\",\"image\":{\"@type\":\"ImageObject\",\"inLanguage\":\"gl-ES\",\"@id\":\"https:\/\/www.catedraemalcsa.com\/gl\/#\/schema\/person\/image\/\",\"url\":\"https:\/\/secure.gravatar.com\/avatar\/a3dae680e6d89b897149ce21fd2ce880a5982e620c2ba64ffcc5d497e3ffcdc6?s=96&d=mm&r=g\",\"contentUrl\":\"https:\/\/secure.gravatar.com\/avatar\/a3dae680e6d89b897149ce21fd2ce880a5982e620c2ba64ffcc5d497e3ffcdc6?s=96&d=mm&r=g\",\"caption\":\"Javier Gund\u00edn V\u00e1zquez\"},\"url\":\"https:\/\/www.catedraemalcsa.com\/gl\/author\/javiergundin\/\"}]}<\/script>\n<!-- \/ Yoast SEO plugin. -->","yoast_head_json":{"title":"A C\u00e1tedra Emalcsa-UDC amosar\u00e1 os usos da auga para producir enerx\u00eda no XXVIII D\u00eda da Ciencia na R\u00faa que se celebra o s\u00e1bado 4 de maio no Parque de Santa Margarida - C\u00e1tedra Emalcsa - UDC","robots":{"index":"index","follow":"follow","max-snippet":"max-snippet:-1","max-image-preview":"max-image-preview:large","max-video-preview":"max-video-preview:-1"},"canonical":"https:\/\/www.catedraemalcsa.com\/gl\/a-catedra-emalcsa-udc-amosara-os-usos-da-auga-para-producir-enerxia-no-xxviii-dia-da-ciencia-na-rua-que-se-celebra-o-sabado-4-de-maio-no-parque-de-santa-margarida\/","og_locale":"gl_ES","og_type":"article","og_title":"A C\u00e1tedra Emalcsa-UDC amosar\u00e1 os usos da auga para producir enerx\u00eda no XXVIII D\u00eda da Ciencia na R\u00faa que se celebra o s\u00e1bado 4 de maio no Parque de Santa Margarida - C\u00e1tedra Emalcsa - UDC","og_description":"Este s\u00e1bado 4 de maio o Parque de Santa Margarida converterase un ano m\u00e1is nunha&hellip;","og_url":"https:\/\/www.catedraemalcsa.com\/gl\/a-catedra-emalcsa-udc-amosara-os-usos-da-auga-para-producir-enerxia-no-xxviii-dia-da-ciencia-na-rua-que-se-celebra-o-sabado-4-de-maio-no-parque-de-santa-margarida\/","og_site_name":"C\u00e1tedra Emalcsa - UDC","article_publisher":"https:\/\/www.facebook.com\/Ctedra-Emalcsa-Udc-426980904504313\/","article_published_time":"2024-05-02T08:41:25+00:00","article_modified_time":"2024-05-02T08:43:25+00:00","og_image":[{"width":1500,"height":949,"url":"https:\/\/www.catedraemalcsa.com\/wp-content\/uploads\/2023\/04\/Mesa-de-trabajo-1.png","type":"image\/png"}],"author":"Javier Gund\u00edn V\u00e1zquez","twitter_card":"summary_large_image","twitter_creator":"@CatEmalcsaUdc","twitter_site":"@CatEmalcsaUdc","twitter_misc":{"Escrito por":"Javier Gund\u00edn V\u00e1zquez","Tempo de lectura":"3 minutos"},"schema":{"@context":"https:\/\/schema.org","@graph":[{"@type":"Article","@id":"https:\/\/www.catedraemalcsa.com\/gl\/a-catedra-emalcsa-udc-amosara-os-usos-da-auga-para-producir-enerxia-no-xxviii-dia-da-ciencia-na-rua-que-se-celebra-o-sabado-4-de-maio-no-parque-de-santa-margarida\/#article","isPartOf":{"@id":"https:\/\/www.catedraemalcsa.com\/gl\/a-catedra-emalcsa-udc-amosara-os-usos-da-auga-para-producir-enerxia-no-xxviii-dia-da-ciencia-na-rua-que-se-celebra-o-sabado-4-de-maio-no-parque-de-santa-margarida\/"},"author":{"name":"Javier Gund\u00edn V\u00e1zquez","@id":"https:\/\/www.catedraemalcsa.com\/gl\/#\/schema\/person\/f401f8a0ff9c15269cdb84365e579cb3"},"headline":"A C\u00e1tedra Emalcsa-UDC amosar\u00e1 os usos da auga para producir enerx\u00eda no XXVIII D\u00eda da Ciencia na R\u00faa que se celebra o s\u00e1bado 4 de maio no Parque de Santa Margarida","datePublished":"2024-05-02T08:41:25+00:00","dateModified":"2024-05-02T08:43:25+00:00","mainEntityOfPage":{"@id":"https:\/\/www.catedraemalcsa.com\/gl\/a-catedra-emalcsa-udc-amosara-os-usos-da-auga-para-producir-enerxia-no-xxviii-dia-da-ciencia-na-rua-que-se-celebra-o-sabado-4-de-maio-no-parque-de-santa-margarida\/"},"wordCount":633,"publisher":{"@id":"https:\/\/www.catedraemalcsa.com\/gl\/#organization"},"image":{"@id":"https:\/\/www.catedraemalcsa.com\/gl\/a-catedra-emalcsa-udc-amosara-os-usos-da-auga-para-producir-enerxia-no-xxviii-dia-da-ciencia-na-rua-que-se-celebra-o-sabado-4-de-maio-no-parque-de-santa-margarida\/#primaryimage"},"thumbnailUrl":"https:\/\/www.catedraemalcsa.com\/wp-content\/uploads\/2024\/04\/dcrcartel.png","keywords":["Coawa","D\u00eda da Ciencia na R\u00faa 2024","Emalcsa","Museos Cient\u00edficos Coru\u00f1eses"],"articleSection":["Actualidade"],"inLanguage":"gl-ES"},{"@type":"WebPage","@id":"https:\/\/www.catedraemalcsa.com\/gl\/a-catedra-emalcsa-udc-amosara-os-usos-da-auga-para-producir-enerxia-no-xxviii-dia-da-ciencia-na-rua-que-se-celebra-o-sabado-4-de-maio-no-parque-de-santa-margarida\/","url":"https:\/\/www.catedraemalcsa.com\/gl\/a-catedra-emalcsa-udc-amosara-os-usos-da-auga-para-producir-enerxia-no-xxviii-dia-da-ciencia-na-rua-que-se-celebra-o-sabado-4-de-maio-no-parque-de-santa-margarida\/","name":"A C\u00e1tedra Emalcsa-UDC amosar\u00e1 os usos da auga para producir enerx\u00eda no XXVIII D\u00eda da Ciencia na R\u00faa que se celebra o s\u00e1bado 4 de maio no Parque de Santa Margarida - C\u00e1tedra Emalcsa - UDC","isPartOf":{"@id":"https:\/\/www.catedraemalcsa.com\/gl\/#website"},"primaryImageOfPage":{"@id":"https:\/\/www.catedraemalcsa.com\/gl\/a-catedra-emalcsa-udc-amosara-os-usos-da-auga-para-producir-enerxia-no-xxviii-dia-da-ciencia-na-rua-que-se-celebra-o-sabado-4-de-maio-no-parque-de-santa-margarida\/#primaryimage"},"image":{"@id":"https:\/\/www.catedraemalcsa.com\/gl\/a-catedra-emalcsa-udc-amosara-os-usos-da-auga-para-producir-enerxia-no-xxviii-dia-da-ciencia-na-rua-que-se-celebra-o-sabado-4-de-maio-no-parque-de-santa-margarida\/#primaryimage"},"thumbnailUrl":"https:\/\/www.catedraemalcsa.com\/wp-content\/uploads\/2024\/04\/dcrcartel.png","datePublished":"2024-05-02T08:41:25+00:00","dateModified":"2024-05-02T08:43:25+00:00","breadcrumb":{"@id":"https:\/\/www.catedraemalcsa.com\/gl\/a-catedra-emalcsa-udc-amosara-os-usos-da-auga-para-producir-enerxia-no-xxviii-dia-da-ciencia-na-rua-que-se-celebra-o-sabado-4-de-maio-no-parque-de-santa-margarida\/#breadcrumb"},"inLanguage":"gl-ES","potentialAction":[{"@type":"ReadAction","target":["https:\/\/www.catedraemalcsa.com\/gl\/a-catedra-emalcsa-udc-amosara-os-usos-da-auga-para-producir-enerxia-no-xxviii-dia-da-ciencia-na-rua-que-se-celebra-o-sabado-4-de-maio-no-parque-de-santa-margarida\/"]}]},{"@type":"ImageObject","inLanguage":"gl-ES","@id":"https:\/\/www.catedraemalcsa.com\/gl\/a-catedra-emalcsa-udc-amosara-os-usos-da-auga-para-producir-enerxia-no-xxviii-dia-da-ciencia-na-rua-que-se-celebra-o-sabado-4-de-maio-no-parque-de-santa-margarida\/#primaryimage","url":"https:\/\/www.catedraemalcsa.com\/wp-content\/uploads\/2024\/04\/dcrcartel.png","contentUrl":"https:\/\/www.catedraemalcsa.com\/wp-content\/uploads\/2024\/04\/dcrcartel.png","width":1200,"height":675},{"@type":"BreadcrumbList","@id":"https:\/\/www.catedraemalcsa.com\/gl\/a-catedra-emalcsa-udc-amosara-os-usos-da-auga-para-producir-enerxia-no-xxviii-dia-da-ciencia-na-rua-que-se-celebra-o-sabado-4-de-maio-no-parque-de-santa-margarida\/#breadcrumb","itemListElement":[{"@type":"ListItem","position":1,"name":"Portada","item":"https:\/\/www.catedraemalcsa.com\/gl\/"},{"@type":"ListItem","position":2,"name":"A C\u00e1tedra Emalcsa-UDC amosar\u00e1 os usos da auga para producir enerx\u00eda no XXVIII D\u00eda da Ciencia na R\u00faa que se celebra o s\u00e1bado 4 de maio no Parque de Santa Margarida"}]},{"@type":"WebSite","@id":"https:\/\/www.catedraemalcsa.com\/gl\/#website","url":"https:\/\/www.catedraemalcsa.com\/gl\/","name":"C\u00e1tedra Emalcsa - UDC","description":"P\u00e1gina web de la C\u00e1tedra Emalcsa - UDC en la que se tratan aspectos relacionados con la gesti\u00f3n integrada del recurso del agua.","publisher":{"@id":"https:\/\/www.catedraemalcsa.com\/gl\/#organization"},"potentialAction":[{"@type":"SearchAction","target":{"@type":"EntryPoint","urlTemplate":"https:\/\/www.catedraemalcsa.com\/gl\/?s={search_term_string}"},"query-input":{"@type":"PropertyValueSpecification","valueRequired":true,"valueName":"search_term_string"}}],"inLanguage":"gl-ES"},{"@type":"Organization","@id":"https:\/\/www.catedraemalcsa.com\/gl\/#organization","name":"C\u00e1tedra Emalcsa - UDC","url":"https:\/\/www.catedraemalcsa.com\/gl\/","logo":{"@type":"ImageObject","inLanguage":"gl-ES","@id":"https:\/\/www.catedraemalcsa.com\/gl\/#\/schema\/logo\/image\/","url":"https:\/\/www.catedraemalcsa.com\/wp-content\/uploads\/2022\/10\/LOGOTIPO-EMALCSA.png","contentUrl":"https:\/\/www.catedraemalcsa.com\/wp-content\/uploads\/2022\/10\/LOGOTIPO-EMALCSA.png","width":600,"height":180,"caption":"C\u00e1tedra Emalcsa - UDC"},"image":{"@id":"https:\/\/www.catedraemalcsa.com\/gl\/#\/schema\/logo\/image\/"},"sameAs":["https:\/\/www.facebook.com\/Ctedra-Emalcsa-Udc-426980904504313\/","https:\/\/x.com\/CatEmalcsaUdc","http:\/\/www.linkedin.com\/in\/catedra-emalcsa-udc"]},{"@type":"Person","@id":"https:\/\/www.catedraemalcsa.com\/gl\/#\/schema\/person\/f401f8a0ff9c15269cdb84365e579cb3","name":"Javier Gund\u00edn V\u00e1zquez","image":{"@type":"ImageObject","inLanguage":"gl-ES","@id":"https:\/\/www.catedraemalcsa.com\/gl\/#\/schema\/person\/image\/","url":"https:\/\/secure.gravatar.com\/avatar\/a3dae680e6d89b897149ce21fd2ce880a5982e620c2ba64ffcc5d497e3ffcdc6?s=96&d=mm&r=g","contentUrl":"https:\/\/secure.gravatar.com\/avatar\/a3dae680e6d89b897149ce21fd2ce880a5982e620c2ba64ffcc5d497e3ffcdc6?s=96&d=mm&r=g","caption":"Javier Gund\u00edn V\u00e1zquez"},"url":"https:\/\/www.catedraemalcsa.com\/gl\/author\/javiergundin\/"}]}},"_links":{"self":[{"href":"https:\/\/www.catedraemalcsa.com\/gl\/wp-json\/wp\/v2\/posts\/26149","targetHints":{"allow":["GET"]}}],"collection":[{"href":"https:\/\/www.catedraemalcsa.com\/gl\/wp-json\/wp\/v2\/posts"}],"about":[{"href":"https:\/\/www.catedraemalcsa.com\/gl\/wp-json\/wp\/v2\/types\/post"}],"author":[{"embeddable":true,"href":"https:\/\/www.catedraemalcsa.com\/gl\/wp-json\/wp\/v2\/users\/13"}],"replies":[{"embeddable":true,"href":"https:\/\/www.catedraemalcsa.com\/gl\/wp-json\/wp\/v2\/comments?post=26149"}],"version-history":[{"count":2,"href":"https:\/\/www.catedraemalcsa.com\/gl\/wp-json\/wp\/v2\/posts\/26149\/revisions"}],"predecessor-version":[{"id":26161,"href":"https:\/\/www.catedraemalcsa.com\/gl\/wp-json\/wp\/v2\/posts\/26149\/revisions\/26161"}],"wp:featuredmedia":[{"embeddable":true,"href":"https:\/\/www.catedraemalcsa.com\/gl\/wp-json\/wp\/v2\/media\/26155"}],"wp:attachment":[{"href":"https:\/\/www.catedraemalcsa.com\/gl\/wp-json\/wp\/v2\/media?parent=26149"}],"wp:term":[{"taxonomy":"category","embeddable":true,"href":"https:\/\/www.catedraemalcsa.com\/gl\/wp-json\/wp\/v2\/categories?post=26149"},{"taxonomy":"post_tag","embeddable":true,"href":"https:\/\/www.catedraemalcsa.com\/gl\/wp-json\/wp\/v2\/tags?post=26149"}],"curies":[{"name":"wp","href":"https:\/\/api.w.org\/{rel}","templated":true}]}}