{"id":25820,"date":"2024-02-23T16:42:58","date_gmt":"2024-02-23T15:42:58","guid":{"rendered":"https:\/\/www.catedraemalcsa.com\/la-catedra-emalcsa-udc-comparte-su-programa-de-divulgacion-coawa-con-los-ayuntamientos-del-area-corunesa\/"},"modified":"2024-02-23T16:54:42","modified_gmt":"2024-02-23T15:54:42","slug":"la-catedra-emalcsa-udc-comparte-su-programa-de-divulgacion-coawa-con-los-ayuntamientos-del-area-corunesa","status":"publish","type":"post","link":"https:\/\/www.catedraemalcsa.com\/gl\/la-catedra-emalcsa-udc-comparte-su-programa-de-divulgacion-coawa-con-los-ayuntamientos-del-area-corunesa\/","title":{"rendered":"A C\u00e1tedra Emalcsa-UDC comparte o seu programa de divulgaci\u00f3n Coawa cos concellos da \u00e1rea coru\u00f1esa"},"content":{"rendered":"\n<p>O 23 de febreiro celebrouse na sede da C\u00e1tedra Emalcsa-UDC un encontro entre os distintos representantes das conceller\u00edas de educaci\u00f3n e medioambiente dos sete concellos que compo\u00f1en, xunto ao da Coru\u00f1a, o sistema de abastecemento de auga da \u00e1rea coru\u00f1esa para co\u00f1ecer os programas formativos de &#8216;Coawa, a comunidade da auga&#8217; e explorar e traballar en v\u00edas de colaboraci\u00f3n.<\/p>\n\n\n\n<p>Coa iniciativa &#8216;Coawa&#8217; a C\u00e1tedra Emalcsa-UDC achega, \u00e1s aulas dos centros educativos de Primaria e Secundaria pertencentes aos concellos da conca do r\u00edo Mero, distintos programas formativos c\u00f3s que os alumnos acadar\u00e1n unha visi\u00f3n integradora do sistema de auga urbano co medio natural e as personas, compo\u00f1endo os tres eixos fundamentais de colaboraci\u00f3n incluidos nos obxectivos de COAWA.<\/p>\n\n\n\n<blockquote class=\"wp-block-quote is-layout-flow wp-block-quote-is-layout-flow\">\n<p><strong>Representantes das conceller\u00edas de educaci\u00f3n e medioambiente de Arteixo, Bergondo, Cambre, Carral, Culleredo, Oleiros e Sada acudiron a unha xornada onde se presentou o proxecto de divulgaci\u00f3n \u2018Coawa, a comunidade da auga\u2019, impulsado pola C\u00e1tedra Emalcsa-UDC<\/strong><\/p>\n<\/blockquote>\n\n\n\n<p>Os alumnos participantes co\u00f1ecer\u00e1n os procesos que segue a auga at\u00e9 chegar \u00e1s s\u00faas casas en relaci\u00f3n coa contorna natural cercana e as interacci\u00f3ns entre \u00e1mbolos dous elementos como xeito de mellorar a nosa relaci\u00f3n con el mesmo. Este co\u00f1ecemento ac\u00e1dase a trav\u00e9s de actividades presenciais (cos programas <em>Co\u00f1ece a ETAP da Telva<\/em> e <em>Roteiros Naturalistas na Contorna do Encoro de Cecebre<\/em>), e de obradoiros na aula (co obradoiro sobre o ciclo da auga, en colaboraci\u00f3n coa Reserva da Biosfera Mari\u00f1as Coru\u00f1esas e Terras do Mandeo, denominado <em>A Auga non Para<\/em> e o concurso de debuxo naturalista <em>Debuxando a Natureza<\/em>, en colaboraci\u00f3n co Grupo Naturalista H\u00e1bitat). Ademais, COAWA aporta unha comunidade onde os t\u00e9cnicos dos distintos concellos poden explorar formas de mellorar o co\u00f1ecemento xeral dos cidad\u00e1ns do sistema de auga urbano e a s\u00faa relaci\u00f3n coa natureza dun xeito integrado e sostible, cumprindo sempre os ODS como marco de desenvolvemento.<\/p>\n\n\n\n<blockquote class=\"wp-block-quote is-layout-flow wp-block-quote-is-layout-flow\">\n<p><strong>No evento present\u00e1ronse os programas formativos de Coawa para este curso 2023\/2024, que contar\u00e1n coa participaci\u00f3n activa de 10.400 alumnos de toda a \u00e1rea coru\u00f1esa. O acto serv\u00edu de base para explorar xeitos de colaboraci\u00f3n no mesmo de todos os concellos vencellados ao sistema de abastecemento dependente da conca do r\u00edo Mero<\/strong><\/p>\n<\/blockquote>\n\n\n\n<p>&#8220;COAWA \u00e9 a resposta da C\u00e1tedra ao compromiso das instituci\u00f3ns que a crearon de mellorar o co\u00f1ecemento do medio que da soporte ao sistema de abastecemento, en clave supramunicipal, dende unha base cient\u00edfica e cunha visi\u00f3n integradora&#8221;, valorou Mois\u00e9s Canle, director da C\u00e1tedra EMALCSA-UDC. Pola s\u00faa banda Jaime Casti\u00f1eira, director xeral de EMALCSA, comentou: &#8220;\u00c9 fundamental a participaci\u00f3n de todos os concellos que forman parte do sistema de abastecemento dependente da conca do r\u00edo Mero para poder co\u00f1ecer e divulgar sobre a importancia da relaci\u00f3n entre a auga, o medioambiente e as personas. S\u00f3 deste xeito, formando aos m\u00e1is pequenos, acadaremos uns bos usuarios de presente e futuro, e unha axeitada conservaci\u00f3n dos nosos recursos nun contexto de loita contra o cambio clim\u00e1tico e as ameazas de contaminaci\u00f3n e perda da biodiversidade&#8221;.<\/p>\n\n\n\n<p>Esta xornada de encontro e posta en com\u00fan abre v\u00edas de colaboraci\u00f3n para cumplir cun dos obxectivos fundamentais desta &#8216;comunidade da auga&#8217;, como \u00e9 a implicaci\u00f3n de todos os axentes sociais no co\u00f1ecemento e a optimizaci\u00f3n da relaci\u00f3n coa auga. Nos vindeiros meses COAWA continuar\u00e1 co seu labor de difusi\u00f3n do programa e a integraci\u00f3n de colaboradores nos diferentes eidos da sociedade.<\/p>\n","protected":false},"excerpt":{"rendered":"<p>O 23 de febreiro celebrouse na sede da C\u00e1tedra Emalcsa-UDC un encontro entre os distintos&hellip;<\/p>\n","protected":false},"author":13,"featured_media":25817,"comment_status":"closed","ping_status":"open","sticky":false,"template":"","format":"standard","meta":{"inline_featured_image":false,"_themeisle_gutenberg_block_has_review":false,"footnotes":""},"categories":[284],"tags":[462,558,559,560,561],"class_list":["post-25820","post","type-post","status-publish","format-standard","has-post-thumbnail","hentry","category-actualidade","tag-catedra-emalcsa-udc-gl","tag-cecebre-2-gl","tag-coawa-gl","tag-jaime-castineira-gl","tag-moises-canle-gl"],"yoast_head":"<!-- This site is optimized with the Yoast SEO plugin v27.5 - https:\/\/yoast.com\/product\/yoast-seo-wordpress\/ -->\n<title>A C\u00e1tedra Emalcsa-UDC comparte o seu programa de divulgaci\u00f3n Coawa cos concellos da \u00e1rea coru\u00f1esa - C\u00e1tedra Emalcsa - UDC<\/title>\n<meta name=\"robots\" content=\"index, follow, max-snippet:-1, max-image-preview:large, max-video-preview:-1\" \/>\n<link rel=\"canonical\" href=\"https:\/\/www.catedraemalcsa.com\/gl\/la-catedra-emalcsa-udc-comparte-su-programa-de-divulgacion-coawa-con-los-ayuntamientos-del-area-corunesa\/\" \/>\n<meta property=\"og:locale\" content=\"gl_ES\" \/>\n<meta property=\"og:type\" content=\"article\" \/>\n<meta property=\"og:title\" content=\"A C\u00e1tedra Emalcsa-UDC comparte o seu programa de divulgaci\u00f3n Coawa cos concellos da \u00e1rea coru\u00f1esa - C\u00e1tedra Emalcsa - UDC\" \/>\n<meta property=\"og:description\" content=\"O 23 de febreiro celebrouse na sede da C\u00e1tedra Emalcsa-UDC un encontro entre os distintos&hellip;\" \/>\n<meta property=\"og:url\" content=\"https:\/\/www.catedraemalcsa.com\/gl\/la-catedra-emalcsa-udc-comparte-su-programa-de-divulgacion-coawa-con-los-ayuntamientos-del-area-corunesa\/\" \/>\n<meta property=\"og:site_name\" content=\"C\u00e1tedra Emalcsa - UDC\" \/>\n<meta property=\"article:publisher\" content=\"https:\/\/www.facebook.com\/Ctedra-Emalcsa-Udc-426980904504313\/\" \/>\n<meta property=\"article:published_time\" content=\"2024-02-23T15:42:58+00:00\" \/>\n<meta property=\"article:modified_time\" content=\"2024-02-23T15:54:42+00:00\" \/>\n<meta property=\"og:image\" content=\"https:\/\/www.catedraemalcsa.com\/wp-content\/uploads\/2024\/02\/Presentacion-COAWA-scaled.jpg\" \/>\n\t<meta property=\"og:image:width\" content=\"2560\" \/>\n\t<meta property=\"og:image:height\" content=\"1920\" \/>\n\t<meta property=\"og:image:type\" content=\"image\/jpeg\" \/>\n<meta name=\"author\" content=\"Javier Gund\u00edn V\u00e1zquez\" \/>\n<meta name=\"twitter:card\" content=\"summary_large_image\" \/>\n<meta name=\"twitter:creator\" content=\"@CatEmalcsaUdc\" \/>\n<meta name=\"twitter:site\" content=\"@CatEmalcsaUdc\" \/>\n<meta name=\"twitter:label1\" content=\"Escrito por\" \/>\n\t<meta name=\"twitter:data1\" content=\"Javier Gund\u00edn V\u00e1zquez\" \/>\n\t<meta name=\"twitter:label2\" content=\"Tempo de lectura\" \/>\n\t<meta name=\"twitter:data2\" content=\"3 minutos\" \/>\n<script type=\"application\/ld+json\" class=\"yoast-schema-graph\">{\"@context\":\"https:\\\/\\\/schema.org\",\"@graph\":[{\"@type\":\"Article\",\"@id\":\"https:\\\/\\\/www.catedraemalcsa.com\\\/gl\\\/la-catedra-emalcsa-udc-comparte-su-programa-de-divulgacion-coawa-con-los-ayuntamientos-del-area-corunesa\\\/#article\",\"isPartOf\":{\"@id\":\"https:\\\/\\\/www.catedraemalcsa.com\\\/gl\\\/la-catedra-emalcsa-udc-comparte-su-programa-de-divulgacion-coawa-con-los-ayuntamientos-del-area-corunesa\\\/\"},\"author\":{\"name\":\"Javier Gund\u00edn V\u00e1zquez\",\"@id\":\"https:\\\/\\\/www.catedraemalcsa.com\\\/gl\\\/#\\\/schema\\\/person\\\/f401f8a0ff9c15269cdb84365e579cb3\"},\"headline\":\"A C\u00e1tedra Emalcsa-UDC comparte o seu programa de divulgaci\u00f3n Coawa cos concellos da \u00e1rea coru\u00f1esa\",\"datePublished\":\"2024-02-23T15:42:58+00:00\",\"dateModified\":\"2024-02-23T15:54:42+00:00\",\"mainEntityOfPage\":{\"@id\":\"https:\\\/\\\/www.catedraemalcsa.com\\\/gl\\\/la-catedra-emalcsa-udc-comparte-su-programa-de-divulgacion-coawa-con-los-ayuntamientos-del-area-corunesa\\\/\"},\"wordCount\":635,\"publisher\":{\"@id\":\"https:\\\/\\\/www.catedraemalcsa.com\\\/gl\\\/#organization\"},\"image\":{\"@id\":\"https:\\\/\\\/www.catedraemalcsa.com\\\/gl\\\/la-catedra-emalcsa-udc-comparte-su-programa-de-divulgacion-coawa-con-los-ayuntamientos-del-area-corunesa\\\/#primaryimage\"},\"thumbnailUrl\":\"https:\\\/\\\/www.catedraemalcsa.com\\\/wp-content\\\/uploads\\\/2024\\\/02\\\/Presentacion-COAWA-scaled.jpg\",\"keywords\":[\"C\u00e1tedra Emalcsa-UDC\",\"Cecebre\",\"Coawa\",\"Jaime Casti\u00f1eira\",\"Mois\u00e9s Canle\"],\"articleSection\":[\"Actualidade\"],\"inLanguage\":\"gl-ES\"},{\"@type\":\"WebPage\",\"@id\":\"https:\\\/\\\/www.catedraemalcsa.com\\\/gl\\\/la-catedra-emalcsa-udc-comparte-su-programa-de-divulgacion-coawa-con-los-ayuntamientos-del-area-corunesa\\\/\",\"url\":\"https:\\\/\\\/www.catedraemalcsa.com\\\/gl\\\/la-catedra-emalcsa-udc-comparte-su-programa-de-divulgacion-coawa-con-los-ayuntamientos-del-area-corunesa\\\/\",\"name\":\"A C\u00e1tedra Emalcsa-UDC comparte o seu programa de divulgaci\u00f3n Coawa cos concellos da \u00e1rea coru\u00f1esa - C\u00e1tedra Emalcsa - UDC\",\"isPartOf\":{\"@id\":\"https:\\\/\\\/www.catedraemalcsa.com\\\/gl\\\/#website\"},\"primaryImageOfPage\":{\"@id\":\"https:\\\/\\\/www.catedraemalcsa.com\\\/gl\\\/la-catedra-emalcsa-udc-comparte-su-programa-de-divulgacion-coawa-con-los-ayuntamientos-del-area-corunesa\\\/#primaryimage\"},\"image\":{\"@id\":\"https:\\\/\\\/www.catedraemalcsa.com\\\/gl\\\/la-catedra-emalcsa-udc-comparte-su-programa-de-divulgacion-coawa-con-los-ayuntamientos-del-area-corunesa\\\/#primaryimage\"},\"thumbnailUrl\":\"https:\\\/\\\/www.catedraemalcsa.com\\\/wp-content\\\/uploads\\\/2024\\\/02\\\/Presentacion-COAWA-scaled.jpg\",\"datePublished\":\"2024-02-23T15:42:58+00:00\",\"dateModified\":\"2024-02-23T15:54:42+00:00\",\"breadcrumb\":{\"@id\":\"https:\\\/\\\/www.catedraemalcsa.com\\\/gl\\\/la-catedra-emalcsa-udc-comparte-su-programa-de-divulgacion-coawa-con-los-ayuntamientos-del-area-corunesa\\\/#breadcrumb\"},\"inLanguage\":\"gl-ES\",\"potentialAction\":[{\"@type\":\"ReadAction\",\"target\":[\"https:\\\/\\\/www.catedraemalcsa.com\\\/gl\\\/la-catedra-emalcsa-udc-comparte-su-programa-de-divulgacion-coawa-con-los-ayuntamientos-del-area-corunesa\\\/\"]}]},{\"@type\":\"ImageObject\",\"inLanguage\":\"gl-ES\",\"@id\":\"https:\\\/\\\/www.catedraemalcsa.com\\\/gl\\\/la-catedra-emalcsa-udc-comparte-su-programa-de-divulgacion-coawa-con-los-ayuntamientos-del-area-corunesa\\\/#primaryimage\",\"url\":\"https:\\\/\\\/www.catedraemalcsa.com\\\/wp-content\\\/uploads\\\/2024\\\/02\\\/Presentacion-COAWA-scaled.jpg\",\"contentUrl\":\"https:\\\/\\\/www.catedraemalcsa.com\\\/wp-content\\\/uploads\\\/2024\\\/02\\\/Presentacion-COAWA-scaled.jpg\",\"width\":2560,\"height\":1920},{\"@type\":\"BreadcrumbList\",\"@id\":\"https:\\\/\\\/www.catedraemalcsa.com\\\/gl\\\/la-catedra-emalcsa-udc-comparte-su-programa-de-divulgacion-coawa-con-los-ayuntamientos-del-area-corunesa\\\/#breadcrumb\",\"itemListElement\":[{\"@type\":\"ListItem\",\"position\":1,\"name\":\"Portada\",\"item\":\"https:\\\/\\\/www.catedraemalcsa.com\\\/gl\\\/\"},{\"@type\":\"ListItem\",\"position\":2,\"name\":\"A C\u00e1tedra Emalcsa-UDC comparte o seu programa de divulgaci\u00f3n Coawa cos concellos da \u00e1rea coru\u00f1esa\"}]},{\"@type\":\"WebSite\",\"@id\":\"https:\\\/\\\/www.catedraemalcsa.com\\\/gl\\\/#website\",\"url\":\"https:\\\/\\\/www.catedraemalcsa.com\\\/gl\\\/\",\"name\":\"C\u00e1tedra Emalcsa - UDC\",\"description\":\"P\u00e1gina web de la C\u00e1tedra Emalcsa - UDC en la que se tratan aspectos relacionados con la gesti\u00f3n integrada del recurso del agua.\",\"publisher\":{\"@id\":\"https:\\\/\\\/www.catedraemalcsa.com\\\/gl\\\/#organization\"},\"potentialAction\":[{\"@type\":\"SearchAction\",\"target\":{\"@type\":\"EntryPoint\",\"urlTemplate\":\"https:\\\/\\\/www.catedraemalcsa.com\\\/gl\\\/?s={search_term_string}\"},\"query-input\":{\"@type\":\"PropertyValueSpecification\",\"valueRequired\":true,\"valueName\":\"search_term_string\"}}],\"inLanguage\":\"gl-ES\"},{\"@type\":\"Organization\",\"@id\":\"https:\\\/\\\/www.catedraemalcsa.com\\\/gl\\\/#organization\",\"name\":\"C\u00e1tedra Emalcsa - UDC\",\"url\":\"https:\\\/\\\/www.catedraemalcsa.com\\\/gl\\\/\",\"logo\":{\"@type\":\"ImageObject\",\"inLanguage\":\"gl-ES\",\"@id\":\"https:\\\/\\\/www.catedraemalcsa.com\\\/gl\\\/#\\\/schema\\\/logo\\\/image\\\/\",\"url\":\"https:\\\/\\\/www.catedraemalcsa.com\\\/wp-content\\\/uploads\\\/2022\\\/10\\\/LOGOTIPO-EMALCSA.png\",\"contentUrl\":\"https:\\\/\\\/www.catedraemalcsa.com\\\/wp-content\\\/uploads\\\/2022\\\/10\\\/LOGOTIPO-EMALCSA.png\",\"width\":600,\"height\":180,\"caption\":\"C\u00e1tedra Emalcsa - UDC\"},\"image\":{\"@id\":\"https:\\\/\\\/www.catedraemalcsa.com\\\/gl\\\/#\\\/schema\\\/logo\\\/image\\\/\"},\"sameAs\":[\"https:\\\/\\\/www.facebook.com\\\/Ctedra-Emalcsa-Udc-426980904504313\\\/\",\"https:\\\/\\\/x.com\\\/CatEmalcsaUdc\",\"http:\\\/\\\/www.linkedin.com\\\/in\\\/catedra-emalcsa-udc\"]},{\"@type\":\"Person\",\"@id\":\"https:\\\/\\\/www.catedraemalcsa.com\\\/gl\\\/#\\\/schema\\\/person\\\/f401f8a0ff9c15269cdb84365e579cb3\",\"name\":\"Javier Gund\u00edn V\u00e1zquez\",\"image\":{\"@type\":\"ImageObject\",\"inLanguage\":\"gl-ES\",\"@id\":\"https:\\\/\\\/secure.gravatar.com\\\/avatar\\\/a3dae680e6d89b897149ce21fd2ce880a5982e620c2ba64ffcc5d497e3ffcdc6?s=96&d=mm&r=g\",\"url\":\"https:\\\/\\\/secure.gravatar.com\\\/avatar\\\/a3dae680e6d89b897149ce21fd2ce880a5982e620c2ba64ffcc5d497e3ffcdc6?s=96&d=mm&r=g\",\"contentUrl\":\"https:\\\/\\\/secure.gravatar.com\\\/avatar\\\/a3dae680e6d89b897149ce21fd2ce880a5982e620c2ba64ffcc5d497e3ffcdc6?s=96&d=mm&r=g\",\"caption\":\"Javier Gund\u00edn V\u00e1zquez\"},\"url\":\"https:\\\/\\\/www.catedraemalcsa.com\\\/gl\\\/author\\\/javiergundin\\\/\"}]}<\/script>\n<!-- \/ Yoast SEO plugin. -->","yoast_head_json":{"title":"A C\u00e1tedra Emalcsa-UDC comparte o seu programa de divulgaci\u00f3n Coawa cos concellos da \u00e1rea coru\u00f1esa - C\u00e1tedra Emalcsa - UDC","robots":{"index":"index","follow":"follow","max-snippet":"max-snippet:-1","max-image-preview":"max-image-preview:large","max-video-preview":"max-video-preview:-1"},"canonical":"https:\/\/www.catedraemalcsa.com\/gl\/la-catedra-emalcsa-udc-comparte-su-programa-de-divulgacion-coawa-con-los-ayuntamientos-del-area-corunesa\/","og_locale":"gl_ES","og_type":"article","og_title":"A C\u00e1tedra Emalcsa-UDC comparte o seu programa de divulgaci\u00f3n Coawa cos concellos da \u00e1rea coru\u00f1esa - C\u00e1tedra Emalcsa - UDC","og_description":"O 23 de febreiro celebrouse na sede da C\u00e1tedra Emalcsa-UDC un encontro entre os distintos&hellip;","og_url":"https:\/\/www.catedraemalcsa.com\/gl\/la-catedra-emalcsa-udc-comparte-su-programa-de-divulgacion-coawa-con-los-ayuntamientos-del-area-corunesa\/","og_site_name":"C\u00e1tedra Emalcsa - UDC","article_publisher":"https:\/\/www.facebook.com\/Ctedra-Emalcsa-Udc-426980904504313\/","article_published_time":"2024-02-23T15:42:58+00:00","article_modified_time":"2024-02-23T15:54:42+00:00","og_image":[{"width":2560,"height":1920,"url":"https:\/\/www.catedraemalcsa.com\/wp-content\/uploads\/2024\/02\/Presentacion-COAWA-scaled.jpg","type":"image\/jpeg"}],"author":"Javier Gund\u00edn V\u00e1zquez","twitter_card":"summary_large_image","twitter_creator":"@CatEmalcsaUdc","twitter_site":"@CatEmalcsaUdc","twitter_misc":{"Escrito por":"Javier Gund\u00edn V\u00e1zquez","Tempo de lectura":"3 minutos"},"schema":{"@context":"https:\/\/schema.org","@graph":[{"@type":"Article","@id":"https:\/\/www.catedraemalcsa.com\/gl\/la-catedra-emalcsa-udc-comparte-su-programa-de-divulgacion-coawa-con-los-ayuntamientos-del-area-corunesa\/#article","isPartOf":{"@id":"https:\/\/www.catedraemalcsa.com\/gl\/la-catedra-emalcsa-udc-comparte-su-programa-de-divulgacion-coawa-con-los-ayuntamientos-del-area-corunesa\/"},"author":{"name":"Javier Gund\u00edn V\u00e1zquez","@id":"https:\/\/www.catedraemalcsa.com\/gl\/#\/schema\/person\/f401f8a0ff9c15269cdb84365e579cb3"},"headline":"A C\u00e1tedra Emalcsa-UDC comparte o seu programa de divulgaci\u00f3n Coawa cos concellos da \u00e1rea coru\u00f1esa","datePublished":"2024-02-23T15:42:58+00:00","dateModified":"2024-02-23T15:54:42+00:00","mainEntityOfPage":{"@id":"https:\/\/www.catedraemalcsa.com\/gl\/la-catedra-emalcsa-udc-comparte-su-programa-de-divulgacion-coawa-con-los-ayuntamientos-del-area-corunesa\/"},"wordCount":635,"publisher":{"@id":"https:\/\/www.catedraemalcsa.com\/gl\/#organization"},"image":{"@id":"https:\/\/www.catedraemalcsa.com\/gl\/la-catedra-emalcsa-udc-comparte-su-programa-de-divulgacion-coawa-con-los-ayuntamientos-del-area-corunesa\/#primaryimage"},"thumbnailUrl":"https:\/\/www.catedraemalcsa.com\/wp-content\/uploads\/2024\/02\/Presentacion-COAWA-scaled.jpg","keywords":["C\u00e1tedra Emalcsa-UDC","Cecebre","Coawa","Jaime Casti\u00f1eira","Mois\u00e9s Canle"],"articleSection":["Actualidade"],"inLanguage":"gl-ES"},{"@type":"WebPage","@id":"https:\/\/www.catedraemalcsa.com\/gl\/la-catedra-emalcsa-udc-comparte-su-programa-de-divulgacion-coawa-con-los-ayuntamientos-del-area-corunesa\/","url":"https:\/\/www.catedraemalcsa.com\/gl\/la-catedra-emalcsa-udc-comparte-su-programa-de-divulgacion-coawa-con-los-ayuntamientos-del-area-corunesa\/","name":"A C\u00e1tedra Emalcsa-UDC comparte o seu programa de divulgaci\u00f3n Coawa cos concellos da \u00e1rea coru\u00f1esa - C\u00e1tedra Emalcsa - UDC","isPartOf":{"@id":"https:\/\/www.catedraemalcsa.com\/gl\/#website"},"primaryImageOfPage":{"@id":"https:\/\/www.catedraemalcsa.com\/gl\/la-catedra-emalcsa-udc-comparte-su-programa-de-divulgacion-coawa-con-los-ayuntamientos-del-area-corunesa\/#primaryimage"},"image":{"@id":"https:\/\/www.catedraemalcsa.com\/gl\/la-catedra-emalcsa-udc-comparte-su-programa-de-divulgacion-coawa-con-los-ayuntamientos-del-area-corunesa\/#primaryimage"},"thumbnailUrl":"https:\/\/www.catedraemalcsa.com\/wp-content\/uploads\/2024\/02\/Presentacion-COAWA-scaled.jpg","datePublished":"2024-02-23T15:42:58+00:00","dateModified":"2024-02-23T15:54:42+00:00","breadcrumb":{"@id":"https:\/\/www.catedraemalcsa.com\/gl\/la-catedra-emalcsa-udc-comparte-su-programa-de-divulgacion-coawa-con-los-ayuntamientos-del-area-corunesa\/#breadcrumb"},"inLanguage":"gl-ES","potentialAction":[{"@type":"ReadAction","target":["https:\/\/www.catedraemalcsa.com\/gl\/la-catedra-emalcsa-udc-comparte-su-programa-de-divulgacion-coawa-con-los-ayuntamientos-del-area-corunesa\/"]}]},{"@type":"ImageObject","inLanguage":"gl-ES","@id":"https:\/\/www.catedraemalcsa.com\/gl\/la-catedra-emalcsa-udc-comparte-su-programa-de-divulgacion-coawa-con-los-ayuntamientos-del-area-corunesa\/#primaryimage","url":"https:\/\/www.catedraemalcsa.com\/wp-content\/uploads\/2024\/02\/Presentacion-COAWA-scaled.jpg","contentUrl":"https:\/\/www.catedraemalcsa.com\/wp-content\/uploads\/2024\/02\/Presentacion-COAWA-scaled.jpg","width":2560,"height":1920},{"@type":"BreadcrumbList","@id":"https:\/\/www.catedraemalcsa.com\/gl\/la-catedra-emalcsa-udc-comparte-su-programa-de-divulgacion-coawa-con-los-ayuntamientos-del-area-corunesa\/#breadcrumb","itemListElement":[{"@type":"ListItem","position":1,"name":"Portada","item":"https:\/\/www.catedraemalcsa.com\/gl\/"},{"@type":"ListItem","position":2,"name":"A C\u00e1tedra Emalcsa-UDC comparte o seu programa de divulgaci\u00f3n Coawa cos concellos da \u00e1rea coru\u00f1esa"}]},{"@type":"WebSite","@id":"https:\/\/www.catedraemalcsa.com\/gl\/#website","url":"https:\/\/www.catedraemalcsa.com\/gl\/","name":"C\u00e1tedra Emalcsa - UDC","description":"P\u00e1gina web de la C\u00e1tedra Emalcsa - UDC en la que se tratan aspectos relacionados con la gesti\u00f3n integrada del recurso del agua.","publisher":{"@id":"https:\/\/www.catedraemalcsa.com\/gl\/#organization"},"potentialAction":[{"@type":"SearchAction","target":{"@type":"EntryPoint","urlTemplate":"https:\/\/www.catedraemalcsa.com\/gl\/?s={search_term_string}"},"query-input":{"@type":"PropertyValueSpecification","valueRequired":true,"valueName":"search_term_string"}}],"inLanguage":"gl-ES"},{"@type":"Organization","@id":"https:\/\/www.catedraemalcsa.com\/gl\/#organization","name":"C\u00e1tedra Emalcsa - UDC","url":"https:\/\/www.catedraemalcsa.com\/gl\/","logo":{"@type":"ImageObject","inLanguage":"gl-ES","@id":"https:\/\/www.catedraemalcsa.com\/gl\/#\/schema\/logo\/image\/","url":"https:\/\/www.catedraemalcsa.com\/wp-content\/uploads\/2022\/10\/LOGOTIPO-EMALCSA.png","contentUrl":"https:\/\/www.catedraemalcsa.com\/wp-content\/uploads\/2022\/10\/LOGOTIPO-EMALCSA.png","width":600,"height":180,"caption":"C\u00e1tedra Emalcsa - UDC"},"image":{"@id":"https:\/\/www.catedraemalcsa.com\/gl\/#\/schema\/logo\/image\/"},"sameAs":["https:\/\/www.facebook.com\/Ctedra-Emalcsa-Udc-426980904504313\/","https:\/\/x.com\/CatEmalcsaUdc","http:\/\/www.linkedin.com\/in\/catedra-emalcsa-udc"]},{"@type":"Person","@id":"https:\/\/www.catedraemalcsa.com\/gl\/#\/schema\/person\/f401f8a0ff9c15269cdb84365e579cb3","name":"Javier Gund\u00edn V\u00e1zquez","image":{"@type":"ImageObject","inLanguage":"gl-ES","@id":"https:\/\/secure.gravatar.com\/avatar\/a3dae680e6d89b897149ce21fd2ce880a5982e620c2ba64ffcc5d497e3ffcdc6?s=96&d=mm&r=g","url":"https:\/\/secure.gravatar.com\/avatar\/a3dae680e6d89b897149ce21fd2ce880a5982e620c2ba64ffcc5d497e3ffcdc6?s=96&d=mm&r=g","contentUrl":"https:\/\/secure.gravatar.com\/avatar\/a3dae680e6d89b897149ce21fd2ce880a5982e620c2ba64ffcc5d497e3ffcdc6?s=96&d=mm&r=g","caption":"Javier Gund\u00edn V\u00e1zquez"},"url":"https:\/\/www.catedraemalcsa.com\/gl\/author\/javiergundin\/"}]}},"_links":{"self":[{"href":"https:\/\/www.catedraemalcsa.com\/gl\/wp-json\/wp\/v2\/posts\/25820","targetHints":{"allow":["GET"]}}],"collection":[{"href":"https:\/\/www.catedraemalcsa.com\/gl\/wp-json\/wp\/v2\/posts"}],"about":[{"href":"https:\/\/www.catedraemalcsa.com\/gl\/wp-json\/wp\/v2\/types\/post"}],"author":[{"embeddable":true,"href":"https:\/\/www.catedraemalcsa.com\/gl\/wp-json\/wp\/v2\/users\/13"}],"replies":[{"embeddable":true,"href":"https:\/\/www.catedraemalcsa.com\/gl\/wp-json\/wp\/v2\/comments?post=25820"}],"version-history":[{"count":1,"href":"https:\/\/www.catedraemalcsa.com\/gl\/wp-json\/wp\/v2\/posts\/25820\/revisions"}],"predecessor-version":[{"id":25822,"href":"https:\/\/www.catedraemalcsa.com\/gl\/wp-json\/wp\/v2\/posts\/25820\/revisions\/25822"}],"wp:featuredmedia":[{"embeddable":true,"href":"https:\/\/www.catedraemalcsa.com\/gl\/wp-json\/wp\/v2\/media\/25817"}],"wp:attachment":[{"href":"https:\/\/www.catedraemalcsa.com\/gl\/wp-json\/wp\/v2\/media?parent=25820"}],"wp:term":[{"taxonomy":"category","embeddable":true,"href":"https:\/\/www.catedraemalcsa.com\/gl\/wp-json\/wp\/v2\/categories?post=25820"},{"taxonomy":"post_tag","embeddable":true,"href":"https:\/\/www.catedraemalcsa.com\/gl\/wp-json\/wp\/v2\/tags?post=25820"}],"curies":[{"name":"wp","href":"https:\/\/api.w.org\/{rel}","templated":true}]}}