{"id":25791,"date":"2024-02-02T10:21:03","date_gmt":"2024-02-02T09:21:03","guid":{"rendered":"https:\/\/www.catedraemalcsa.com\/?p=25791"},"modified":"2024-02-02T10:42:29","modified_gmt":"2024-02-02T09:42:29","slug":"sergio-roiloa-profesor-do-area-de-ecoloxia-da-udc-defende-a-necesidade-de-transmitir-a-sociedade-a-importancia-que-tenen-as-zonas-humidas-para-contribuir-a-sua-conservacion-e-xestion-sostible","status":"publish","type":"post","link":"https:\/\/www.catedraemalcsa.com\/gl\/sergio-roiloa-profesor-do-area-de-ecoloxia-da-udc-defende-a-necesidade-de-transmitir-a-sociedade-a-importancia-que-tenen-as-zonas-humidas-para-contribuir-a-sua-conservacion-e-xestion-sostible\/","title":{"rendered":"Sergio Roiloa, profesor do \u00e1rea de Ecolox\u00eda da UDC, defende a necesidade de transmitir \u00e1 sociedade a importancia que te\u00f1en as zonas h\u00famidas para contribu\u00edr \u00e1 s\u00faa conservaci\u00f3n e xesti\u00f3n sostible"},"content":{"rendered":"\n<p><em>As zonas h\u00famidas e o benestar humano<\/em> \u00e9 o tema do <a href=\"https:\/\/www.worldwetlandsday.org\/es\/home\">D\u00eda Mundial das Zonas H\u00famidas 2024<\/a>. O obxectivo \u00e9 subli\u00f1ar que o benestar humano est\u00e1 irrevocablemente vencellado ao estado das zonas h\u00famidas do mundo. Dependemos destes ecosistemas que sustentan a vida. Mais deben estar sans para que podan seguir a nos proporcionar auga e alimentos, apoiando a biodiversidade, proporcinando medios de vida, protex\u00e9ndonos contra fen\u00f3menos meteorol\u00f3xicos extremos e mitigando o Cambio Clim\u00e1tico.<\/p>\n\n\n\n<p>O profesor da \u00e1rea de Ecolox\u00eda da Universidade da Coru\u00f1a, Sergio Rodr\u00edguez Rioloa, defende no artigo que podedes ler deseguido a necesidade de transmitir \u00e1 sociedade a importancia que te\u00f1en as zonas h\u00famidas para, deste xeito, contribu\u00edr \u00e1 s\u00faa conservaci\u00f3n e xesti\u00f3n sostible. A C\u00e1tedra Emalcsa-UDC asume este compromiso de concienciaci\u00f3n social a trav\u00e9s das actividades, como os roteiros naturalistas, enmarcadas no seu <a href=\"https:\/\/somoscoawa.com\/\">Programa Coawa<\/a>, ou os traballos da s\u00faa li\u00f1a de investigaci\u00f3n <a href=\"https:\/\/www.catedraemalcsa.com\/gl\/plan-ado-auga-dende-a-orixe\/\">AdO (Auga dende Orixe)<\/a>. <\/p>\n\n\n\n<p><\/p>\n\n\n\n<blockquote class=\"wp-block-quote trx_addons_blockquote_style_1 is-style-default is-layout-flow wp-block-quote-is-layout-flow\">\n<h3 class=\"wp-block-heading has-text-align-center\">Proteger los humedales: una prioridad para luchar contra el Cambio Clim\u00e1tico<\/h3>\n\n\n\n<h5 class=\"wp-block-heading has-text-align-center\"><strong>Sergio Rodr\u00edguez Roiloa<\/strong><\/h5>\n\n\n\n<h5 class=\"wp-block-heading has-text-align-center\"><em>Profesor del \u00e1rea de Ecolog\u00eda de la Universidade da Coru\u00f1<em>a<\/em><\/em><\/h5>\n\n\n\n<p>Como cada a\u00f1o, el dos de febrero se celebra el D\u00eda Mundial de los Humedales, conmemorando la fecha de la Convenci\u00f3n de Ramsar de 1971, y con el objetivo de divulgar su importancia y promover su conservaci\u00f3n. Este a\u00f1o 2024 la tem\u00e1tica elegida es <em>Los humedales y el bienestar humano<\/em>, en clara referencia a la importancia de estos ecosistemas para la salud del planeta, y por lo tanto para el ser humano. En este sentido, algunas estimaciones se\u00f1alan que alrededor de mil millones de personas dependen de los humedales para su subsistencia, de los cuales obtienen numerosos recursos. <\/p>\n\n\n\n<p>Por suerte, la visi\u00f3n de los humedales como ambientes improductivos e insalubres parece quedar atr\u00e1s y hoy en d\u00eda son reconocidos como sistemas de enorme valor ecol\u00f3gico. Sin embargo, todav\u00eda est\u00e1n sometidos a presiones antr\u00f3picas que amenazan su conservaci\u00f3n, y la p\u00e9rdida y degradaci\u00f3n de estos ecosistemas sigue en aumento a un ritmo inasumible. As\u00ed, acciones de drenaje, dragados o rellenos todav\u00eda son comunes con diferentes fines de explotaci\u00f3n (agricultura, navegaci\u00f3n, urbanismo, etc.), provocando la desaparici\u00f3n de los humedales. <\/p>\n\n\n\n<p>De manera similar, los procesos de contaminaci\u00f3n, la presencia de especies invasoras, alteraciones hidrol\u00f3gicas, o la erosi\u00f3n de los suelos, pueden indirectamente alterar la funcionalidad de estos ecosistemas. Es necesario, por lo tanto, transmitir a la sociedad la importancia de los humedales, para as\u00ed contribuir a su conservaci\u00f3n y gesti\u00f3n sostenible. <\/p>\n\n\n\n<blockquote class=\"wp-block-quote is-layout-flow wp-block-quote-is-layout-flow\">\n<p><strong><strong>Los humedales suministran una enorme variedad de servicios ecosist\u00e9micos: albergan una gran diversidad de especies adaptadas a las condiciones particulares de estos ambientes, amortiguan inundaciones y juegan un papel importante en la depuraci\u00f3n del agua<\/strong><\/strong><\/p>\n<\/blockquote>\n\n\n\n<p>Los humedales engloban un amplio abanico de sistemas, incluyendo marino-costeros y continentales, entre los que podemos encontrar: marismas, pantanos, estuarios, turberas o manglares que, a su vez, se pueden subdividir seg\u00fan diferentes factores como la salinidad o el grado y frecuencia de inundaci\u00f3n al que est\u00e1n sometidos. Algunos de estos ecosistemas, como las marismas, presentan niveles de producci\u00f3n primaria neta pr\u00f3ximos a los que podemos encontrar en los bosques tropicales lluviosos, en t\u00e9rminos relativos. <\/p>\n\n\n\n<p>Los humedales suministran una enorme variedad de servicios ecosist\u00e9micos: albergan una gran diversidad de especies adaptadas a las condiciones tan particulares de estos ambientes, amortiguan inundaciones, y juegan un papel importante en la depuraci\u00f3n del agua. Los del \u00e1mbito marino-costero, adem\u00e1s, protegen de la subida del nivel del mar, y aten\u00faan la erosi\u00f3n de la costa motivada por fen\u00f3menos de oleaje extremo. <\/p>\n\n\n\n<p>Sin duda, otro papel clave que juegan los humedales a escala global es su gran capacidad para secuestrar el CO2 atmosf\u00e9rico y as\u00ed contribuir a mitigar el cambio clim\u00e1tico. En este sentido, la conservaci\u00f3n de los humedales juega un doble papel en la lucha contra el cambio clim\u00e1tico. Por una parte, contribuyen a captar carbono e incrementar el stock almacenado, y por otra evita que \u00e9stos se puedan convertir en una fuente de carbono si llegasen a degradarse. Los humedales costeros, como las marismas, los manglares y las praderas intermareales son especialmente productivos y acumulan carbono no solo en su biomasa sino tambi\u00e9n en el suelo, donde se pueden inmovilizar grandes cantidades. Este importante papel de los humedales en la mitigaci\u00f3n del cambio clim\u00e1tico debe verse como una oportunidad para que la conservaci\u00f3n de estos ecosistemas pase a ser una prioridad. <\/p>\n\n\n\n<p>La necesidad de conservar los humedales no es cuestionable. Se deben reducir sus amenazas, dise\u00f1ar manuales de buenas pr\u00e1cticas que eviten su degradaci\u00f3n, y acometer acciones de restauraci\u00f3n. Es necesaria la acci\u00f3n de las administraciones, pero tambi\u00e9n la implicaci\u00f3n y concienciaci\u00f3n de la sociedad, que permita un manejo integral de estos ecosistemas.<\/p>\n<\/blockquote>\n\n\n\n<p><em>*A C\u00e1tedra Emalcsa non se identifica necesariamente coas visi\u00f3ns expostas polos autores dos artigos que publica. A nosa intenci\u00f3n \u00e9 ser un medio para a difusi\u00f3n, o di\u00e1logo, o debate e o avance <\/em>no<em> co\u00f1ecemento.<\/em><\/p>\n","protected":false},"excerpt":{"rendered":"<p>As zonas h\u00famidas e o benestar humano \u00e9 o tema do D\u00eda Mundial das Zonas&hellip;<\/p>\n","protected":false},"author":13,"featured_media":25796,"comment_status":"closed","ping_status":"open","sticky":false,"template":"","format":"standard","meta":{"inline_featured_image":false,"_themeisle_gutenberg_block_has_review":false,"footnotes":""},"categories":[289],"tags":[435,462,545,433,544,502],"class_list":["post-25791","post","type-post","status-publish","format-standard","has-post-thumbnail","hentry","category-opinion-gl","tag-cambio-climatico-2","tag-catedra-emalcsa-udc-gl","tag-dia-mundial-das-zonas-humidas-2024","tag-lei-do-clima-de-galicia","tag-sergio-roiloa","tag-zonas-humidas"],"yoast_head":"<!-- This site is optimized with the Yoast SEO plugin v27.5 - https:\/\/yoast.com\/product\/yoast-seo-wordpress\/ -->\n<title>Sergio Roiloa, profesor do \u00e1rea de Ecolox\u00eda da UDC, defende a necesidade de transmitir \u00e1 sociedade a importancia que te\u00f1en as zonas h\u00famidas para contribu\u00edr \u00e1 s\u00faa conservaci\u00f3n e xesti\u00f3n sostible - C\u00e1tedra Emalcsa - UDC<\/title>\n<meta name=\"robots\" content=\"index, follow, max-snippet:-1, max-image-preview:large, max-video-preview:-1\" \/>\n<link rel=\"canonical\" href=\"https:\/\/www.catedraemalcsa.com\/gl\/sergio-roiloa-profesor-do-area-de-ecoloxia-da-udc-defende-a-necesidade-de-transmitir-a-sociedade-a-importancia-que-tenen-as-zonas-humidas-para-contribuir-a-sua-conservacion-e-xestion-sostible\/\" \/>\n<meta property=\"og:locale\" content=\"gl_ES\" \/>\n<meta property=\"og:type\" content=\"article\" \/>\n<meta property=\"og:title\" content=\"Sergio Roiloa, profesor do \u00e1rea de Ecolox\u00eda da UDC, defende a necesidade de transmitir \u00e1 sociedade a importancia que te\u00f1en as zonas h\u00famidas para contribu\u00edr \u00e1 s\u00faa conservaci\u00f3n e xesti\u00f3n sostible - C\u00e1tedra Emalcsa - UDC\" \/>\n<meta property=\"og:description\" content=\"As zonas h\u00famidas e o benestar humano \u00e9 o tema do D\u00eda Mundial das Zonas&hellip;\" \/>\n<meta property=\"og:url\" content=\"https:\/\/www.catedraemalcsa.com\/gl\/sergio-roiloa-profesor-do-area-de-ecoloxia-da-udc-defende-a-necesidade-de-transmitir-a-sociedade-a-importancia-que-tenen-as-zonas-humidas-para-contribuir-a-sua-conservacion-e-xestion-sostible\/\" \/>\n<meta property=\"og:site_name\" content=\"C\u00e1tedra Emalcsa - UDC\" \/>\n<meta property=\"article:publisher\" content=\"https:\/\/www.facebook.com\/Ctedra-Emalcsa-Udc-426980904504313\/\" \/>\n<meta property=\"article:published_time\" content=\"2024-02-02T09:21:03+00:00\" \/>\n<meta property=\"article:modified_time\" content=\"2024-02-02T09:42:29+00:00\" \/>\n<meta property=\"og:image\" content=\"https:\/\/www.catedraemalcsa.com\/wp-content\/uploads\/2024\/02\/cecebrehumedales.png\" \/>\n\t<meta property=\"og:image:width\" content=\"1024\" \/>\n\t<meta property=\"og:image:height\" content=\"580\" \/>\n\t<meta property=\"og:image:type\" content=\"image\/png\" \/>\n<meta name=\"author\" content=\"Javier Gund\u00edn V\u00e1zquez\" \/>\n<meta name=\"twitter:card\" content=\"summary_large_image\" \/>\n<meta name=\"twitter:creator\" content=\"@CatEmalcsaUdc\" \/>\n<meta name=\"twitter:site\" content=\"@CatEmalcsaUdc\" \/>\n<meta name=\"twitter:label1\" content=\"Escrito por\" \/>\n\t<meta name=\"twitter:data1\" content=\"Javier Gund\u00edn V\u00e1zquez\" \/>\n\t<meta name=\"twitter:label2\" content=\"Tempo de lectura\" \/>\n\t<meta name=\"twitter:data2\" content=\"4 minutos\" \/>\n<script type=\"application\/ld+json\" class=\"yoast-schema-graph\">{\"@context\":\"https:\\\/\\\/schema.org\",\"@graph\":[{\"@type\":\"Article\",\"@id\":\"https:\\\/\\\/www.catedraemalcsa.com\\\/gl\\\/sergio-roiloa-profesor-do-area-de-ecoloxia-da-udc-defende-a-necesidade-de-transmitir-a-sociedade-a-importancia-que-tenen-as-zonas-humidas-para-contribuir-a-sua-conservacion-e-xestion-sostible\\\/#article\",\"isPartOf\":{\"@id\":\"https:\\\/\\\/www.catedraemalcsa.com\\\/gl\\\/sergio-roiloa-profesor-do-area-de-ecoloxia-da-udc-defende-a-necesidade-de-transmitir-a-sociedade-a-importancia-que-tenen-as-zonas-humidas-para-contribuir-a-sua-conservacion-e-xestion-sostible\\\/\"},\"author\":{\"name\":\"Javier Gund\u00edn V\u00e1zquez\",\"@id\":\"https:\\\/\\\/www.catedraemalcsa.com\\\/gl\\\/#\\\/schema\\\/person\\\/f401f8a0ff9c15269cdb84365e579cb3\"},\"headline\":\"Sergio Roiloa, profesor do \u00e1rea de Ecolox\u00eda da UDC, defende a necesidade de transmitir \u00e1 sociedade a importancia que te\u00f1en as zonas h\u00famidas para contribu\u00edr \u00e1 s\u00faa conservaci\u00f3n e xesti\u00f3n sostible\",\"datePublished\":\"2024-02-02T09:21:03+00:00\",\"dateModified\":\"2024-02-02T09:42:29+00:00\",\"mainEntityOfPage\":{\"@id\":\"https:\\\/\\\/www.catedraemalcsa.com\\\/gl\\\/sergio-roiloa-profesor-do-area-de-ecoloxia-da-udc-defende-a-necesidade-de-transmitir-a-sociedade-a-importancia-que-tenen-as-zonas-humidas-para-contribuir-a-sua-conservacion-e-xestion-sostible\\\/\"},\"wordCount\":919,\"publisher\":{\"@id\":\"https:\\\/\\\/www.catedraemalcsa.com\\\/gl\\\/#organization\"},\"image\":{\"@id\":\"https:\\\/\\\/www.catedraemalcsa.com\\\/gl\\\/sergio-roiloa-profesor-do-area-de-ecoloxia-da-udc-defende-a-necesidade-de-transmitir-a-sociedade-a-importancia-que-tenen-as-zonas-humidas-para-contribuir-a-sua-conservacion-e-xestion-sostible\\\/#primaryimage\"},\"thumbnailUrl\":\"https:\\\/\\\/www.catedraemalcsa.com\\\/wp-content\\\/uploads\\\/2024\\\/02\\\/cecebrehumedales.png\",\"keywords\":[\"Cambio Clim\u00e1tico\",\"C\u00e1tedra Emalcsa-UDC\",\"D\u00eda Mundial das Zonas H\u00famidas 2024\",\"Lei do Clima de Galicia\",\"Sergio Roiloa\",\"zonas h\u00famidas\"],\"articleSection\":[\"Opini\u00f3n\"],\"inLanguage\":\"gl-ES\"},{\"@type\":\"WebPage\",\"@id\":\"https:\\\/\\\/www.catedraemalcsa.com\\\/gl\\\/sergio-roiloa-profesor-do-area-de-ecoloxia-da-udc-defende-a-necesidade-de-transmitir-a-sociedade-a-importancia-que-tenen-as-zonas-humidas-para-contribuir-a-sua-conservacion-e-xestion-sostible\\\/\",\"url\":\"https:\\\/\\\/www.catedraemalcsa.com\\\/gl\\\/sergio-roiloa-profesor-do-area-de-ecoloxia-da-udc-defende-a-necesidade-de-transmitir-a-sociedade-a-importancia-que-tenen-as-zonas-humidas-para-contribuir-a-sua-conservacion-e-xestion-sostible\\\/\",\"name\":\"Sergio Roiloa, profesor do \u00e1rea de Ecolox\u00eda da UDC, defende a necesidade de transmitir \u00e1 sociedade a importancia que te\u00f1en as zonas h\u00famidas para contribu\u00edr \u00e1 s\u00faa conservaci\u00f3n e xesti\u00f3n sostible - C\u00e1tedra Emalcsa - UDC\",\"isPartOf\":{\"@id\":\"https:\\\/\\\/www.catedraemalcsa.com\\\/gl\\\/#website\"},\"primaryImageOfPage\":{\"@id\":\"https:\\\/\\\/www.catedraemalcsa.com\\\/gl\\\/sergio-roiloa-profesor-do-area-de-ecoloxia-da-udc-defende-a-necesidade-de-transmitir-a-sociedade-a-importancia-que-tenen-as-zonas-humidas-para-contribuir-a-sua-conservacion-e-xestion-sostible\\\/#primaryimage\"},\"image\":{\"@id\":\"https:\\\/\\\/www.catedraemalcsa.com\\\/gl\\\/sergio-roiloa-profesor-do-area-de-ecoloxia-da-udc-defende-a-necesidade-de-transmitir-a-sociedade-a-importancia-que-tenen-as-zonas-humidas-para-contribuir-a-sua-conservacion-e-xestion-sostible\\\/#primaryimage\"},\"thumbnailUrl\":\"https:\\\/\\\/www.catedraemalcsa.com\\\/wp-content\\\/uploads\\\/2024\\\/02\\\/cecebrehumedales.png\",\"datePublished\":\"2024-02-02T09:21:03+00:00\",\"dateModified\":\"2024-02-02T09:42:29+00:00\",\"breadcrumb\":{\"@id\":\"https:\\\/\\\/www.catedraemalcsa.com\\\/gl\\\/sergio-roiloa-profesor-do-area-de-ecoloxia-da-udc-defende-a-necesidade-de-transmitir-a-sociedade-a-importancia-que-tenen-as-zonas-humidas-para-contribuir-a-sua-conservacion-e-xestion-sostible\\\/#breadcrumb\"},\"inLanguage\":\"gl-ES\",\"potentialAction\":[{\"@type\":\"ReadAction\",\"target\":[\"https:\\\/\\\/www.catedraemalcsa.com\\\/gl\\\/sergio-roiloa-profesor-do-area-de-ecoloxia-da-udc-defende-a-necesidade-de-transmitir-a-sociedade-a-importancia-que-tenen-as-zonas-humidas-para-contribuir-a-sua-conservacion-e-xestion-sostible\\\/\"]}]},{\"@type\":\"ImageObject\",\"inLanguage\":\"gl-ES\",\"@id\":\"https:\\\/\\\/www.catedraemalcsa.com\\\/gl\\\/sergio-roiloa-profesor-do-area-de-ecoloxia-da-udc-defende-a-necesidade-de-transmitir-a-sociedade-a-importancia-que-tenen-as-zonas-humidas-para-contribuir-a-sua-conservacion-e-xestion-sostible\\\/#primaryimage\",\"url\":\"https:\\\/\\\/www.catedraemalcsa.com\\\/wp-content\\\/uploads\\\/2024\\\/02\\\/cecebrehumedales.png\",\"contentUrl\":\"https:\\\/\\\/www.catedraemalcsa.com\\\/wp-content\\\/uploads\\\/2024\\\/02\\\/cecebrehumedales.png\",\"width\":1024,\"height\":580},{\"@type\":\"BreadcrumbList\",\"@id\":\"https:\\\/\\\/www.catedraemalcsa.com\\\/gl\\\/sergio-roiloa-profesor-do-area-de-ecoloxia-da-udc-defende-a-necesidade-de-transmitir-a-sociedade-a-importancia-que-tenen-as-zonas-humidas-para-contribuir-a-sua-conservacion-e-xestion-sostible\\\/#breadcrumb\",\"itemListElement\":[{\"@type\":\"ListItem\",\"position\":1,\"name\":\"Portada\",\"item\":\"https:\\\/\\\/www.catedraemalcsa.com\\\/gl\\\/\"},{\"@type\":\"ListItem\",\"position\":2,\"name\":\"Sergio Roiloa, profesor do \u00e1rea de Ecolox\u00eda da UDC, defende a necesidade de transmitir \u00e1 sociedade a importancia que te\u00f1en as zonas h\u00famidas para contribu\u00edr \u00e1 s\u00faa conservaci\u00f3n e xesti\u00f3n sostible\"}]},{\"@type\":\"WebSite\",\"@id\":\"https:\\\/\\\/www.catedraemalcsa.com\\\/gl\\\/#website\",\"url\":\"https:\\\/\\\/www.catedraemalcsa.com\\\/gl\\\/\",\"name\":\"C\u00e1tedra Emalcsa - UDC\",\"description\":\"P\u00e1gina web de la C\u00e1tedra Emalcsa - UDC en la que se tratan aspectos relacionados con la gesti\u00f3n integrada del recurso del agua.\",\"publisher\":{\"@id\":\"https:\\\/\\\/www.catedraemalcsa.com\\\/gl\\\/#organization\"},\"potentialAction\":[{\"@type\":\"SearchAction\",\"target\":{\"@type\":\"EntryPoint\",\"urlTemplate\":\"https:\\\/\\\/www.catedraemalcsa.com\\\/gl\\\/?s={search_term_string}\"},\"query-input\":{\"@type\":\"PropertyValueSpecification\",\"valueRequired\":true,\"valueName\":\"search_term_string\"}}],\"inLanguage\":\"gl-ES\"},{\"@type\":\"Organization\",\"@id\":\"https:\\\/\\\/www.catedraemalcsa.com\\\/gl\\\/#organization\",\"name\":\"C\u00e1tedra Emalcsa - UDC\",\"url\":\"https:\\\/\\\/www.catedraemalcsa.com\\\/gl\\\/\",\"logo\":{\"@type\":\"ImageObject\",\"inLanguage\":\"gl-ES\",\"@id\":\"https:\\\/\\\/www.catedraemalcsa.com\\\/gl\\\/#\\\/schema\\\/logo\\\/image\\\/\",\"url\":\"https:\\\/\\\/www.catedraemalcsa.com\\\/wp-content\\\/uploads\\\/2022\\\/10\\\/LOGOTIPO-EMALCSA.png\",\"contentUrl\":\"https:\\\/\\\/www.catedraemalcsa.com\\\/wp-content\\\/uploads\\\/2022\\\/10\\\/LOGOTIPO-EMALCSA.png\",\"width\":600,\"height\":180,\"caption\":\"C\u00e1tedra Emalcsa - UDC\"},\"image\":{\"@id\":\"https:\\\/\\\/www.catedraemalcsa.com\\\/gl\\\/#\\\/schema\\\/logo\\\/image\\\/\"},\"sameAs\":[\"https:\\\/\\\/www.facebook.com\\\/Ctedra-Emalcsa-Udc-426980904504313\\\/\",\"https:\\\/\\\/x.com\\\/CatEmalcsaUdc\",\"http:\\\/\\\/www.linkedin.com\\\/in\\\/catedra-emalcsa-udc\"]},{\"@type\":\"Person\",\"@id\":\"https:\\\/\\\/www.catedraemalcsa.com\\\/gl\\\/#\\\/schema\\\/person\\\/f401f8a0ff9c15269cdb84365e579cb3\",\"name\":\"Javier Gund\u00edn V\u00e1zquez\",\"image\":{\"@type\":\"ImageObject\",\"inLanguage\":\"gl-ES\",\"@id\":\"https:\\\/\\\/secure.gravatar.com\\\/avatar\\\/a3dae680e6d89b897149ce21fd2ce880a5982e620c2ba64ffcc5d497e3ffcdc6?s=96&d=mm&r=g\",\"url\":\"https:\\\/\\\/secure.gravatar.com\\\/avatar\\\/a3dae680e6d89b897149ce21fd2ce880a5982e620c2ba64ffcc5d497e3ffcdc6?s=96&d=mm&r=g\",\"contentUrl\":\"https:\\\/\\\/secure.gravatar.com\\\/avatar\\\/a3dae680e6d89b897149ce21fd2ce880a5982e620c2ba64ffcc5d497e3ffcdc6?s=96&d=mm&r=g\",\"caption\":\"Javier Gund\u00edn V\u00e1zquez\"},\"url\":\"https:\\\/\\\/www.catedraemalcsa.com\\\/gl\\\/author\\\/javiergundin\\\/\"}]}<\/script>\n<!-- \/ Yoast SEO plugin. -->","yoast_head_json":{"title":"Sergio Roiloa, profesor do \u00e1rea de Ecolox\u00eda da UDC, defende a necesidade de transmitir \u00e1 sociedade a importancia que te\u00f1en as zonas h\u00famidas para contribu\u00edr \u00e1 s\u00faa conservaci\u00f3n e xesti\u00f3n sostible - C\u00e1tedra Emalcsa - UDC","robots":{"index":"index","follow":"follow","max-snippet":"max-snippet:-1","max-image-preview":"max-image-preview:large","max-video-preview":"max-video-preview:-1"},"canonical":"https:\/\/www.catedraemalcsa.com\/gl\/sergio-roiloa-profesor-do-area-de-ecoloxia-da-udc-defende-a-necesidade-de-transmitir-a-sociedade-a-importancia-que-tenen-as-zonas-humidas-para-contribuir-a-sua-conservacion-e-xestion-sostible\/","og_locale":"gl_ES","og_type":"article","og_title":"Sergio Roiloa, profesor do \u00e1rea de Ecolox\u00eda da UDC, defende a necesidade de transmitir \u00e1 sociedade a importancia que te\u00f1en as zonas h\u00famidas para contribu\u00edr \u00e1 s\u00faa conservaci\u00f3n e xesti\u00f3n sostible - C\u00e1tedra Emalcsa - UDC","og_description":"As zonas h\u00famidas e o benestar humano \u00e9 o tema do D\u00eda Mundial das Zonas&hellip;","og_url":"https:\/\/www.catedraemalcsa.com\/gl\/sergio-roiloa-profesor-do-area-de-ecoloxia-da-udc-defende-a-necesidade-de-transmitir-a-sociedade-a-importancia-que-tenen-as-zonas-humidas-para-contribuir-a-sua-conservacion-e-xestion-sostible\/","og_site_name":"C\u00e1tedra Emalcsa - UDC","article_publisher":"https:\/\/www.facebook.com\/Ctedra-Emalcsa-Udc-426980904504313\/","article_published_time":"2024-02-02T09:21:03+00:00","article_modified_time":"2024-02-02T09:42:29+00:00","og_image":[{"width":1024,"height":580,"url":"https:\/\/www.catedraemalcsa.com\/wp-content\/uploads\/2024\/02\/cecebrehumedales.png","type":"image\/png"}],"author":"Javier Gund\u00edn V\u00e1zquez","twitter_card":"summary_large_image","twitter_creator":"@CatEmalcsaUdc","twitter_site":"@CatEmalcsaUdc","twitter_misc":{"Escrito por":"Javier Gund\u00edn V\u00e1zquez","Tempo de lectura":"4 minutos"},"schema":{"@context":"https:\/\/schema.org","@graph":[{"@type":"Article","@id":"https:\/\/www.catedraemalcsa.com\/gl\/sergio-roiloa-profesor-do-area-de-ecoloxia-da-udc-defende-a-necesidade-de-transmitir-a-sociedade-a-importancia-que-tenen-as-zonas-humidas-para-contribuir-a-sua-conservacion-e-xestion-sostible\/#article","isPartOf":{"@id":"https:\/\/www.catedraemalcsa.com\/gl\/sergio-roiloa-profesor-do-area-de-ecoloxia-da-udc-defende-a-necesidade-de-transmitir-a-sociedade-a-importancia-que-tenen-as-zonas-humidas-para-contribuir-a-sua-conservacion-e-xestion-sostible\/"},"author":{"name":"Javier Gund\u00edn V\u00e1zquez","@id":"https:\/\/www.catedraemalcsa.com\/gl\/#\/schema\/person\/f401f8a0ff9c15269cdb84365e579cb3"},"headline":"Sergio Roiloa, profesor do \u00e1rea de Ecolox\u00eda da UDC, defende a necesidade de transmitir \u00e1 sociedade a importancia que te\u00f1en as zonas h\u00famidas para contribu\u00edr \u00e1 s\u00faa conservaci\u00f3n e xesti\u00f3n sostible","datePublished":"2024-02-02T09:21:03+00:00","dateModified":"2024-02-02T09:42:29+00:00","mainEntityOfPage":{"@id":"https:\/\/www.catedraemalcsa.com\/gl\/sergio-roiloa-profesor-do-area-de-ecoloxia-da-udc-defende-a-necesidade-de-transmitir-a-sociedade-a-importancia-que-tenen-as-zonas-humidas-para-contribuir-a-sua-conservacion-e-xestion-sostible\/"},"wordCount":919,"publisher":{"@id":"https:\/\/www.catedraemalcsa.com\/gl\/#organization"},"image":{"@id":"https:\/\/www.catedraemalcsa.com\/gl\/sergio-roiloa-profesor-do-area-de-ecoloxia-da-udc-defende-a-necesidade-de-transmitir-a-sociedade-a-importancia-que-tenen-as-zonas-humidas-para-contribuir-a-sua-conservacion-e-xestion-sostible\/#primaryimage"},"thumbnailUrl":"https:\/\/www.catedraemalcsa.com\/wp-content\/uploads\/2024\/02\/cecebrehumedales.png","keywords":["Cambio Clim\u00e1tico","C\u00e1tedra Emalcsa-UDC","D\u00eda Mundial das Zonas H\u00famidas 2024","Lei do Clima de Galicia","Sergio Roiloa","zonas h\u00famidas"],"articleSection":["Opini\u00f3n"],"inLanguage":"gl-ES"},{"@type":"WebPage","@id":"https:\/\/www.catedraemalcsa.com\/gl\/sergio-roiloa-profesor-do-area-de-ecoloxia-da-udc-defende-a-necesidade-de-transmitir-a-sociedade-a-importancia-que-tenen-as-zonas-humidas-para-contribuir-a-sua-conservacion-e-xestion-sostible\/","url":"https:\/\/www.catedraemalcsa.com\/gl\/sergio-roiloa-profesor-do-area-de-ecoloxia-da-udc-defende-a-necesidade-de-transmitir-a-sociedade-a-importancia-que-tenen-as-zonas-humidas-para-contribuir-a-sua-conservacion-e-xestion-sostible\/","name":"Sergio Roiloa, profesor do \u00e1rea de Ecolox\u00eda da UDC, defende a necesidade de transmitir \u00e1 sociedade a importancia que te\u00f1en as zonas h\u00famidas para contribu\u00edr \u00e1 s\u00faa conservaci\u00f3n e xesti\u00f3n sostible - C\u00e1tedra Emalcsa - UDC","isPartOf":{"@id":"https:\/\/www.catedraemalcsa.com\/gl\/#website"},"primaryImageOfPage":{"@id":"https:\/\/www.catedraemalcsa.com\/gl\/sergio-roiloa-profesor-do-area-de-ecoloxia-da-udc-defende-a-necesidade-de-transmitir-a-sociedade-a-importancia-que-tenen-as-zonas-humidas-para-contribuir-a-sua-conservacion-e-xestion-sostible\/#primaryimage"},"image":{"@id":"https:\/\/www.catedraemalcsa.com\/gl\/sergio-roiloa-profesor-do-area-de-ecoloxia-da-udc-defende-a-necesidade-de-transmitir-a-sociedade-a-importancia-que-tenen-as-zonas-humidas-para-contribuir-a-sua-conservacion-e-xestion-sostible\/#primaryimage"},"thumbnailUrl":"https:\/\/www.catedraemalcsa.com\/wp-content\/uploads\/2024\/02\/cecebrehumedales.png","datePublished":"2024-02-02T09:21:03+00:00","dateModified":"2024-02-02T09:42:29+00:00","breadcrumb":{"@id":"https:\/\/www.catedraemalcsa.com\/gl\/sergio-roiloa-profesor-do-area-de-ecoloxia-da-udc-defende-a-necesidade-de-transmitir-a-sociedade-a-importancia-que-tenen-as-zonas-humidas-para-contribuir-a-sua-conservacion-e-xestion-sostible\/#breadcrumb"},"inLanguage":"gl-ES","potentialAction":[{"@type":"ReadAction","target":["https:\/\/www.catedraemalcsa.com\/gl\/sergio-roiloa-profesor-do-area-de-ecoloxia-da-udc-defende-a-necesidade-de-transmitir-a-sociedade-a-importancia-que-tenen-as-zonas-humidas-para-contribuir-a-sua-conservacion-e-xestion-sostible\/"]}]},{"@type":"ImageObject","inLanguage":"gl-ES","@id":"https:\/\/www.catedraemalcsa.com\/gl\/sergio-roiloa-profesor-do-area-de-ecoloxia-da-udc-defende-a-necesidade-de-transmitir-a-sociedade-a-importancia-que-tenen-as-zonas-humidas-para-contribuir-a-sua-conservacion-e-xestion-sostible\/#primaryimage","url":"https:\/\/www.catedraemalcsa.com\/wp-content\/uploads\/2024\/02\/cecebrehumedales.png","contentUrl":"https:\/\/www.catedraemalcsa.com\/wp-content\/uploads\/2024\/02\/cecebrehumedales.png","width":1024,"height":580},{"@type":"BreadcrumbList","@id":"https:\/\/www.catedraemalcsa.com\/gl\/sergio-roiloa-profesor-do-area-de-ecoloxia-da-udc-defende-a-necesidade-de-transmitir-a-sociedade-a-importancia-que-tenen-as-zonas-humidas-para-contribuir-a-sua-conservacion-e-xestion-sostible\/#breadcrumb","itemListElement":[{"@type":"ListItem","position":1,"name":"Portada","item":"https:\/\/www.catedraemalcsa.com\/gl\/"},{"@type":"ListItem","position":2,"name":"Sergio Roiloa, profesor do \u00e1rea de Ecolox\u00eda da UDC, defende a necesidade de transmitir \u00e1 sociedade a importancia que te\u00f1en as zonas h\u00famidas para contribu\u00edr \u00e1 s\u00faa conservaci\u00f3n e xesti\u00f3n sostible"}]},{"@type":"WebSite","@id":"https:\/\/www.catedraemalcsa.com\/gl\/#website","url":"https:\/\/www.catedraemalcsa.com\/gl\/","name":"C\u00e1tedra Emalcsa - UDC","description":"P\u00e1gina web de la C\u00e1tedra Emalcsa - UDC en la que se tratan aspectos relacionados con la gesti\u00f3n integrada del recurso del agua.","publisher":{"@id":"https:\/\/www.catedraemalcsa.com\/gl\/#organization"},"potentialAction":[{"@type":"SearchAction","target":{"@type":"EntryPoint","urlTemplate":"https:\/\/www.catedraemalcsa.com\/gl\/?s={search_term_string}"},"query-input":{"@type":"PropertyValueSpecification","valueRequired":true,"valueName":"search_term_string"}}],"inLanguage":"gl-ES"},{"@type":"Organization","@id":"https:\/\/www.catedraemalcsa.com\/gl\/#organization","name":"C\u00e1tedra Emalcsa - UDC","url":"https:\/\/www.catedraemalcsa.com\/gl\/","logo":{"@type":"ImageObject","inLanguage":"gl-ES","@id":"https:\/\/www.catedraemalcsa.com\/gl\/#\/schema\/logo\/image\/","url":"https:\/\/www.catedraemalcsa.com\/wp-content\/uploads\/2022\/10\/LOGOTIPO-EMALCSA.png","contentUrl":"https:\/\/www.catedraemalcsa.com\/wp-content\/uploads\/2022\/10\/LOGOTIPO-EMALCSA.png","width":600,"height":180,"caption":"C\u00e1tedra Emalcsa - UDC"},"image":{"@id":"https:\/\/www.catedraemalcsa.com\/gl\/#\/schema\/logo\/image\/"},"sameAs":["https:\/\/www.facebook.com\/Ctedra-Emalcsa-Udc-426980904504313\/","https:\/\/x.com\/CatEmalcsaUdc","http:\/\/www.linkedin.com\/in\/catedra-emalcsa-udc"]},{"@type":"Person","@id":"https:\/\/www.catedraemalcsa.com\/gl\/#\/schema\/person\/f401f8a0ff9c15269cdb84365e579cb3","name":"Javier Gund\u00edn V\u00e1zquez","image":{"@type":"ImageObject","inLanguage":"gl-ES","@id":"https:\/\/secure.gravatar.com\/avatar\/a3dae680e6d89b897149ce21fd2ce880a5982e620c2ba64ffcc5d497e3ffcdc6?s=96&d=mm&r=g","url":"https:\/\/secure.gravatar.com\/avatar\/a3dae680e6d89b897149ce21fd2ce880a5982e620c2ba64ffcc5d497e3ffcdc6?s=96&d=mm&r=g","contentUrl":"https:\/\/secure.gravatar.com\/avatar\/a3dae680e6d89b897149ce21fd2ce880a5982e620c2ba64ffcc5d497e3ffcdc6?s=96&d=mm&r=g","caption":"Javier Gund\u00edn V\u00e1zquez"},"url":"https:\/\/www.catedraemalcsa.com\/gl\/author\/javiergundin\/"}]}},"_links":{"self":[{"href":"https:\/\/www.catedraemalcsa.com\/gl\/wp-json\/wp\/v2\/posts\/25791","targetHints":{"allow":["GET"]}}],"collection":[{"href":"https:\/\/www.catedraemalcsa.com\/gl\/wp-json\/wp\/v2\/posts"}],"about":[{"href":"https:\/\/www.catedraemalcsa.com\/gl\/wp-json\/wp\/v2\/types\/post"}],"author":[{"embeddable":true,"href":"https:\/\/www.catedraemalcsa.com\/gl\/wp-json\/wp\/v2\/users\/13"}],"replies":[{"embeddable":true,"href":"https:\/\/www.catedraemalcsa.com\/gl\/wp-json\/wp\/v2\/comments?post=25791"}],"version-history":[{"count":1,"href":"https:\/\/www.catedraemalcsa.com\/gl\/wp-json\/wp\/v2\/posts\/25791\/revisions"}],"predecessor-version":[{"id":25797,"href":"https:\/\/www.catedraemalcsa.com\/gl\/wp-json\/wp\/v2\/posts\/25791\/revisions\/25797"}],"wp:featuredmedia":[{"embeddable":true,"href":"https:\/\/www.catedraemalcsa.com\/gl\/wp-json\/wp\/v2\/media\/25796"}],"wp:attachment":[{"href":"https:\/\/www.catedraemalcsa.com\/gl\/wp-json\/wp\/v2\/media?parent=25791"}],"wp:term":[{"taxonomy":"category","embeddable":true,"href":"https:\/\/www.catedraemalcsa.com\/gl\/wp-json\/wp\/v2\/categories?post=25791"},{"taxonomy":"post_tag","embeddable":true,"href":"https:\/\/www.catedraemalcsa.com\/gl\/wp-json\/wp\/v2\/tags?post=25791"}],"curies":[{"name":"wp","href":"https:\/\/api.w.org\/{rel}","templated":true}]}}