{"id":25660,"date":"2023-11-30T12:03:30","date_gmt":"2023-11-30T11:03:30","guid":{"rendered":"https:\/\/www.catedraemalcsa.com\/?p=25660"},"modified":"2023-11-30T12:06:36","modified_gmt":"2023-11-30T11:06:36","slug":"o-proxecto-coawa-a-comunidade-da-auga-promovido-pola-catedra-emalcsa-udc-foi-un-dos-candidatos-aos-premios-aproema-que-se-fallaron-este-martes","status":"publish","type":"post","link":"https:\/\/www.catedraemalcsa.com\/gl\/o-proxecto-coawa-a-comunidade-da-auga-promovido-pola-catedra-emalcsa-udc-foi-un-dos-candidatos-aos-premios-aproema-que-se-fallaron-este-martes\/","title":{"rendered":"O Proxecto &#8216;Coawa, a comunidade da auga&#8217; promovido pola C\u00e1tedra Emalcsa-UDC foi un dos candidatos aos Premios Aproema que se fallaron este martes"},"content":{"rendered":"\n<p>O <em>Proxecto Coawa, a comunidade da auga<\/em> que promove a C\u00e1tedra Emalcsa-UDC foi un dos candidatos aos <a href=\"https:\/\/www.ecoticias.com\/medio-ambiente\/vi-edicion-de-los-premios-medio-ambiente-aproema\">Premios da Asociaci\u00f3n Profesional de Empresas Medioambientais de Galicia (Aproema) que se fallaron este martes en Vigo.<\/a> <strong>Estes galard\u00f3ns te\u00f1en como obxectivo reco\u00f1ecer aos mellores proxectos sostibles desenvolvidos en Galicia.<\/strong><\/p>\n\n\n\n<p><strong><em>Coawa, a comunidade da auga<\/em> presentaba o seu proxecto de divulgaci\u00f3n e concienciaci\u00f3n sobre a conservaci\u00f3n da auga e o seu entorno, unha iniciativa que, este ano, levar\u00e1 a co\u00f1ecer a contorna do encoro de Cecebre e a conca do r\u00edo Mero a m\u00e1is de 15.000 alumnos da Coru\u00f1a e a s\u00faa \u00e1rea metropolitana.<\/strong> Os representantes de <em>Coawa<\/em> que acudiron a Vigo tiveron a oportunidade de compartir espazo con importantes proxectos medioambientais relacionados coa auga como a iniciativa <em>Mares Circulares<\/em> de Coca Cola Europacific Partners, premiada na categor\u00eda de empresas. O obxectivo deste proxecto \u00e9 limpar as costas e os fondos mari\u00f1os, sensibilizar \u00e1 cidadan\u00eda e fomentar a econom\u00eda circular apoiando soluci\u00f3ns e tecnolox\u00edas innovadoras para rematar co lixo marino. Ou coa Corporaci\u00f3n Hijos de Rivera, que levou o reco\u00f1ecemento \u00e1 excelencia ambiental polo seu liderado na prevenci\u00f3n e control do seu impacto ambiental, aspecto moi relacionado coa responsable xesti\u00f3n da s\u00faa principal materia prima: a auga.<\/p>\n\n\n\n<p>O resto de premiados nestes galard\u00f3ns que Aproema concede cada dous anos foron: o Concello de Carballo (categor\u00eda entidades p\u00fablicas), Asociaci\u00f3n Nacional de Empresas Distribuidoras de Electrodom\u00e9sticos (categor\u00eda entidades privadas), Franciscanas Ourense (categor\u00eda centros acad\u00e9micos) e Insertega Reciclaje T\u00e9xtil (acc\u00e9sit na categor\u00eda empresas).<\/p>\n\n\n\n<h5 id=\"wp-block-themeisle-blocks-advanced-heading-f637653b\" class=\"wp-block-themeisle-blocks-advanced-heading wp-block-themeisle-blocks-advanced-heading-f637653b\"><em>Coawa<\/em>, un proxecto divulgativo e plural no que te\u00f1en cabida empresas, instituci\u00f3ns e calquera persoa interesada<\/h5>\n\n\n\n<p><strong><a href=\"https:\/\/somoscoawa.com\/\">Coawa, a comunidade da auga<\/a> naceu hai uns meses a partir da experiencia previa de Emalcsa e co desexo de se converter, a trav\u00e9s da creaci\u00f3n de comunidade, nun proxecto divulgativo plural no que te\u00f1an cabida outras empresas e instituci\u00f3ns, as\u00ed como calquera persoa interesada. Impulsado e desenvolvido agora pola C\u00e1tedra Emalcsa-UDC, o seu obxectivo principal \u00e9 crear unha comunidade na que todos os axentes sociais (centros educativos, entidades, empresas, familias&#8230;) participen cunha meta com\u00fan: co\u00f1ecer, preservar e optimizar a nosa relaci\u00f3n coa auga.<\/strong> Gran parte da actividade desta comunidade dir\u00edxese aos centros educativos da Coru\u00f1a e a s\u00faa \u00e1rea metropolitana.<\/p>\n\n\n\n<p><strong><em>Coawa<\/em> pon a disposici\u00f3n dos alumnos dos distintos niveis educativos visitas experiencias como Co\u00f1ece a ETAP da Telva<\/strong> (onde ver\u00e1n o proceso de purificaci\u00f3n da auga que consumen) e <strong>Rutas na Natureza<\/strong> (onde poder\u00e1n co\u00f1ecer a flora e m\u00e1is a fauna que habita na contorno do encoro de Cecebre), ademais de <strong>programas para desenvolver na aula como A auga non para<\/strong> (concurso de preguntas e respostas sobre o ciclo da auga para 5\u00ba e 6\u00ba de Primaria, <a href=\"https:\/\/emalcsa.es\/index.php\/es\/nodo\/id\/1434\">galardoado pola Fundaci\u00f3n Bot\u00edn nos seus Premios \u00e1 Xesti\u00f3n Sostible da Auga no ano 2021<\/a>) <strong>e Debuxando a Natureza<\/strong> (concurso de debuxo naturalista onde ter\u00e1n que relacionar as especies co seu entorno).<\/p>\n","protected":false},"excerpt":{"rendered":"<p>O Proxecto Coawa, a comunidade da auga que promove a C\u00e1tedra Emalcsa-UDC foi un dos&hellip;<\/p>\n","protected":false},"author":13,"featured_media":25662,"comment_status":"closed","ping_status":"open","sticky":false,"template":"","format":"standard","meta":{"inline_featured_image":false,"_themeisle_gutenberg_block_has_review":false,"footnotes":""},"categories":[284],"tags":[362,462,368,472,508,507,388],"class_list":["post-25660","post","type-post","status-publish","format-standard","has-post-thumbnail","hentry","category-actualidade","tag-catedra-emalcsa-udc-2","tag-catedra-emalcsa-udc-gl","tag-cecebre","tag-coawa-2","tag-concienciacion-2","tag-divulgacion-2","tag-emalcsa"],"yoast_head":"<!-- This site is optimized with the Yoast SEO plugin v26.9 - https:\/\/yoast.com\/product\/yoast-seo-wordpress\/ -->\n<title>O Proxecto &#039;Coawa, a comunidade da auga&#039; promovido pola C\u00e1tedra Emalcsa-UDC foi un dos candidatos aos Premios Aproema que se fallaron este martes - C\u00e1tedra Emalcsa - UDC<\/title>\n<meta name=\"robots\" content=\"index, follow, max-snippet:-1, max-image-preview:large, max-video-preview:-1\" \/>\n<link rel=\"canonical\" href=\"https:\/\/www.catedraemalcsa.com\/gl\/o-proxecto-coawa-a-comunidade-da-auga-promovido-pola-catedra-emalcsa-udc-foi-un-dos-candidatos-aos-premios-aproema-que-se-fallaron-este-martes\/\" \/>\n<meta property=\"og:locale\" content=\"gl_ES\" \/>\n<meta property=\"og:type\" content=\"article\" \/>\n<meta property=\"og:title\" content=\"O Proxecto &#039;Coawa, a comunidade da auga&#039; promovido pola C\u00e1tedra Emalcsa-UDC foi un dos candidatos aos Premios Aproema que se fallaron este martes - C\u00e1tedra Emalcsa - UDC\" \/>\n<meta property=\"og:description\" content=\"O Proxecto Coawa, a comunidade da auga que promove a C\u00e1tedra Emalcsa-UDC foi un dos&hellip;\" \/>\n<meta property=\"og:url\" content=\"https:\/\/www.catedraemalcsa.com\/gl\/o-proxecto-coawa-a-comunidade-da-auga-promovido-pola-catedra-emalcsa-udc-foi-un-dos-candidatos-aos-premios-aproema-que-se-fallaron-este-martes\/\" \/>\n<meta property=\"og:site_name\" content=\"C\u00e1tedra Emalcsa - UDC\" \/>\n<meta property=\"article:publisher\" content=\"https:\/\/www.facebook.com\/Ctedra-Emalcsa-Udc-426980904504313\/\" \/>\n<meta property=\"article:published_time\" content=\"2023-11-30T11:03:30+00:00\" \/>\n<meta property=\"article:modified_time\" content=\"2023-11-30T11:06:36+00:00\" \/>\n<meta property=\"og:image\" content=\"https:\/\/www.catedraemalcsa.com\/wp-content\/uploads\/2023\/04\/Mesa-de-trabajo-1.png\" \/>\n\t<meta property=\"og:image:width\" content=\"1500\" \/>\n\t<meta property=\"og:image:height\" content=\"949\" \/>\n\t<meta property=\"og:image:type\" content=\"image\/png\" \/>\n<meta name=\"author\" content=\"Javier Gund\u00edn V\u00e1zquez\" \/>\n<meta name=\"twitter:card\" content=\"summary_large_image\" \/>\n<meta name=\"twitter:creator\" content=\"@CatEmalcsaUdc\" \/>\n<meta name=\"twitter:site\" content=\"@CatEmalcsaUdc\" \/>\n<meta name=\"twitter:label1\" content=\"Escrito por\" \/>\n\t<meta name=\"twitter:data1\" content=\"Javier Gund\u00edn V\u00e1zquez\" \/>\n\t<meta name=\"twitter:label2\" content=\"Tempo de lectura\" \/>\n\t<meta name=\"twitter:data2\" content=\"3 minutos\" \/>\n<script type=\"application\/ld+json\" class=\"yoast-schema-graph\">{\"@context\":\"https:\/\/schema.org\",\"@graph\":[{\"@type\":\"Article\",\"@id\":\"https:\/\/www.catedraemalcsa.com\/gl\/o-proxecto-coawa-a-comunidade-da-auga-promovido-pola-catedra-emalcsa-udc-foi-un-dos-candidatos-aos-premios-aproema-que-se-fallaron-este-martes\/#article\",\"isPartOf\":{\"@id\":\"https:\/\/www.catedraemalcsa.com\/gl\/o-proxecto-coawa-a-comunidade-da-auga-promovido-pola-catedra-emalcsa-udc-foi-un-dos-candidatos-aos-premios-aproema-que-se-fallaron-este-martes\/\"},\"author\":{\"name\":\"Javier Gund\u00edn V\u00e1zquez\",\"@id\":\"https:\/\/www.catedraemalcsa.com\/gl\/#\/schema\/person\/f401f8a0ff9c15269cdb84365e579cb3\"},\"headline\":\"O Proxecto &#8216;Coawa, a comunidade da auga&#8217; promovido pola C\u00e1tedra Emalcsa-UDC foi un dos candidatos aos Premios Aproema que se fallaron este martes\",\"datePublished\":\"2023-11-30T11:03:30+00:00\",\"dateModified\":\"2023-11-30T11:06:36+00:00\",\"mainEntityOfPage\":{\"@id\":\"https:\/\/www.catedraemalcsa.com\/gl\/o-proxecto-coawa-a-comunidade-da-auga-promovido-pola-catedra-emalcsa-udc-foi-un-dos-candidatos-aos-premios-aproema-que-se-fallaron-este-martes\/\"},\"wordCount\":547,\"publisher\":{\"@id\":\"https:\/\/www.catedraemalcsa.com\/gl\/#organization\"},\"image\":{\"@id\":\"https:\/\/www.catedraemalcsa.com\/gl\/o-proxecto-coawa-a-comunidade-da-auga-promovido-pola-catedra-emalcsa-udc-foi-un-dos-candidatos-aos-premios-aproema-que-se-fallaron-este-martes\/#primaryimage\"},\"thumbnailUrl\":\"https:\/\/www.catedraemalcsa.com\/wp-content\/uploads\/2023\/11\/coawaaproema.jpg\",\"keywords\":[\"C\u00e1tedra Emalcsa-UDC\",\"C\u00e1tedra Emalcsa-UDC\",\"Cecebre\",\"Coawa\",\"Concienciaci\u00f3n\",\"Divulgaci\u00f3n\",\"Emalcsa\"],\"articleSection\":[\"Actualidade\"],\"inLanguage\":\"gl-ES\"},{\"@type\":\"WebPage\",\"@id\":\"https:\/\/www.catedraemalcsa.com\/gl\/o-proxecto-coawa-a-comunidade-da-auga-promovido-pola-catedra-emalcsa-udc-foi-un-dos-candidatos-aos-premios-aproema-que-se-fallaron-este-martes\/\",\"url\":\"https:\/\/www.catedraemalcsa.com\/gl\/o-proxecto-coawa-a-comunidade-da-auga-promovido-pola-catedra-emalcsa-udc-foi-un-dos-candidatos-aos-premios-aproema-que-se-fallaron-este-martes\/\",\"name\":\"O Proxecto 'Coawa, a comunidade da auga' promovido pola C\u00e1tedra Emalcsa-UDC foi un dos candidatos aos Premios Aproema que se fallaron este martes - C\u00e1tedra Emalcsa - UDC\",\"isPartOf\":{\"@id\":\"https:\/\/www.catedraemalcsa.com\/gl\/#website\"},\"primaryImageOfPage\":{\"@id\":\"https:\/\/www.catedraemalcsa.com\/gl\/o-proxecto-coawa-a-comunidade-da-auga-promovido-pola-catedra-emalcsa-udc-foi-un-dos-candidatos-aos-premios-aproema-que-se-fallaron-este-martes\/#primaryimage\"},\"image\":{\"@id\":\"https:\/\/www.catedraemalcsa.com\/gl\/o-proxecto-coawa-a-comunidade-da-auga-promovido-pola-catedra-emalcsa-udc-foi-un-dos-candidatos-aos-premios-aproema-que-se-fallaron-este-martes\/#primaryimage\"},\"thumbnailUrl\":\"https:\/\/www.catedraemalcsa.com\/wp-content\/uploads\/2023\/11\/coawaaproema.jpg\",\"datePublished\":\"2023-11-30T11:03:30+00:00\",\"dateModified\":\"2023-11-30T11:06:36+00:00\",\"breadcrumb\":{\"@id\":\"https:\/\/www.catedraemalcsa.com\/gl\/o-proxecto-coawa-a-comunidade-da-auga-promovido-pola-catedra-emalcsa-udc-foi-un-dos-candidatos-aos-premios-aproema-que-se-fallaron-este-martes\/#breadcrumb\"},\"inLanguage\":\"gl-ES\",\"potentialAction\":[{\"@type\":\"ReadAction\",\"target\":[\"https:\/\/www.catedraemalcsa.com\/gl\/o-proxecto-coawa-a-comunidade-da-auga-promovido-pola-catedra-emalcsa-udc-foi-un-dos-candidatos-aos-premios-aproema-que-se-fallaron-este-martes\/\"]}]},{\"@type\":\"ImageObject\",\"inLanguage\":\"gl-ES\",\"@id\":\"https:\/\/www.catedraemalcsa.com\/gl\/o-proxecto-coawa-a-comunidade-da-auga-promovido-pola-catedra-emalcsa-udc-foi-un-dos-candidatos-aos-premios-aproema-que-se-fallaron-este-martes\/#primaryimage\",\"url\":\"https:\/\/www.catedraemalcsa.com\/wp-content\/uploads\/2023\/11\/coawaaproema.jpg\",\"contentUrl\":\"https:\/\/www.catedraemalcsa.com\/wp-content\/uploads\/2023\/11\/coawaaproema.jpg\",\"width\":2048,\"height\":1536},{\"@type\":\"BreadcrumbList\",\"@id\":\"https:\/\/www.catedraemalcsa.com\/gl\/o-proxecto-coawa-a-comunidade-da-auga-promovido-pola-catedra-emalcsa-udc-foi-un-dos-candidatos-aos-premios-aproema-que-se-fallaron-este-martes\/#breadcrumb\",\"itemListElement\":[{\"@type\":\"ListItem\",\"position\":1,\"name\":\"Portada\",\"item\":\"https:\/\/www.catedraemalcsa.com\/gl\/\"},{\"@type\":\"ListItem\",\"position\":2,\"name\":\"O Proxecto &#8216;Coawa, a comunidade da auga&#8217; promovido pola C\u00e1tedra Emalcsa-UDC foi un dos candidatos aos Premios Aproema que se fallaron este martes\"}]},{\"@type\":\"WebSite\",\"@id\":\"https:\/\/www.catedraemalcsa.com\/gl\/#website\",\"url\":\"https:\/\/www.catedraemalcsa.com\/gl\/\",\"name\":\"C\u00e1tedra Emalcsa - UDC\",\"description\":\"P\u00e1gina web de la C\u00e1tedra Emalcsa - UDC en la que se tratan aspectos relacionados con la gesti\u00f3n integrada del recurso del agua.\",\"publisher\":{\"@id\":\"https:\/\/www.catedraemalcsa.com\/gl\/#organization\"},\"potentialAction\":[{\"@type\":\"SearchAction\",\"target\":{\"@type\":\"EntryPoint\",\"urlTemplate\":\"https:\/\/www.catedraemalcsa.com\/gl\/?s={search_term_string}\"},\"query-input\":{\"@type\":\"PropertyValueSpecification\",\"valueRequired\":true,\"valueName\":\"search_term_string\"}}],\"inLanguage\":\"gl-ES\"},{\"@type\":\"Organization\",\"@id\":\"https:\/\/www.catedraemalcsa.com\/gl\/#organization\",\"name\":\"C\u00e1tedra Emalcsa - UDC\",\"url\":\"https:\/\/www.catedraemalcsa.com\/gl\/\",\"logo\":{\"@type\":\"ImageObject\",\"inLanguage\":\"gl-ES\",\"@id\":\"https:\/\/www.catedraemalcsa.com\/gl\/#\/schema\/logo\/image\/\",\"url\":\"https:\/\/www.catedraemalcsa.com\/wp-content\/uploads\/2022\/10\/LOGOTIPO-EMALCSA.png\",\"contentUrl\":\"https:\/\/www.catedraemalcsa.com\/wp-content\/uploads\/2022\/10\/LOGOTIPO-EMALCSA.png\",\"width\":600,\"height\":180,\"caption\":\"C\u00e1tedra Emalcsa - UDC\"},\"image\":{\"@id\":\"https:\/\/www.catedraemalcsa.com\/gl\/#\/schema\/logo\/image\/\"},\"sameAs\":[\"https:\/\/www.facebook.com\/Ctedra-Emalcsa-Udc-426980904504313\/\",\"https:\/\/x.com\/CatEmalcsaUdc\",\"http:\/\/www.linkedin.com\/in\/catedra-emalcsa-udc\"]},{\"@type\":\"Person\",\"@id\":\"https:\/\/www.catedraemalcsa.com\/gl\/#\/schema\/person\/f401f8a0ff9c15269cdb84365e579cb3\",\"name\":\"Javier Gund\u00edn V\u00e1zquez\",\"image\":{\"@type\":\"ImageObject\",\"inLanguage\":\"gl-ES\",\"@id\":\"https:\/\/www.catedraemalcsa.com\/gl\/#\/schema\/person\/image\/\",\"url\":\"https:\/\/secure.gravatar.com\/avatar\/a3dae680e6d89b897149ce21fd2ce880a5982e620c2ba64ffcc5d497e3ffcdc6?s=96&d=mm&r=g\",\"contentUrl\":\"https:\/\/secure.gravatar.com\/avatar\/a3dae680e6d89b897149ce21fd2ce880a5982e620c2ba64ffcc5d497e3ffcdc6?s=96&d=mm&r=g\",\"caption\":\"Javier Gund\u00edn V\u00e1zquez\"},\"url\":\"https:\/\/www.catedraemalcsa.com\/gl\/author\/javiergundin\/\"}]}<\/script>\n<!-- \/ Yoast SEO plugin. -->","yoast_head_json":{"title":"O Proxecto 'Coawa, a comunidade da auga' promovido pola C\u00e1tedra Emalcsa-UDC foi un dos candidatos aos Premios Aproema que se fallaron este martes - C\u00e1tedra Emalcsa - UDC","robots":{"index":"index","follow":"follow","max-snippet":"max-snippet:-1","max-image-preview":"max-image-preview:large","max-video-preview":"max-video-preview:-1"},"canonical":"https:\/\/www.catedraemalcsa.com\/gl\/o-proxecto-coawa-a-comunidade-da-auga-promovido-pola-catedra-emalcsa-udc-foi-un-dos-candidatos-aos-premios-aproema-que-se-fallaron-este-martes\/","og_locale":"gl_ES","og_type":"article","og_title":"O Proxecto 'Coawa, a comunidade da auga' promovido pola C\u00e1tedra Emalcsa-UDC foi un dos candidatos aos Premios Aproema que se fallaron este martes - C\u00e1tedra Emalcsa - UDC","og_description":"O Proxecto Coawa, a comunidade da auga que promove a C\u00e1tedra Emalcsa-UDC foi un dos&hellip;","og_url":"https:\/\/www.catedraemalcsa.com\/gl\/o-proxecto-coawa-a-comunidade-da-auga-promovido-pola-catedra-emalcsa-udc-foi-un-dos-candidatos-aos-premios-aproema-que-se-fallaron-este-martes\/","og_site_name":"C\u00e1tedra Emalcsa - UDC","article_publisher":"https:\/\/www.facebook.com\/Ctedra-Emalcsa-Udc-426980904504313\/","article_published_time":"2023-11-30T11:03:30+00:00","article_modified_time":"2023-11-30T11:06:36+00:00","og_image":[{"width":1500,"height":949,"url":"https:\/\/www.catedraemalcsa.com\/wp-content\/uploads\/2023\/04\/Mesa-de-trabajo-1.png","type":"image\/png"}],"author":"Javier Gund\u00edn V\u00e1zquez","twitter_card":"summary_large_image","twitter_creator":"@CatEmalcsaUdc","twitter_site":"@CatEmalcsaUdc","twitter_misc":{"Escrito por":"Javier Gund\u00edn V\u00e1zquez","Tempo de lectura":"3 minutos"},"schema":{"@context":"https:\/\/schema.org","@graph":[{"@type":"Article","@id":"https:\/\/www.catedraemalcsa.com\/gl\/o-proxecto-coawa-a-comunidade-da-auga-promovido-pola-catedra-emalcsa-udc-foi-un-dos-candidatos-aos-premios-aproema-que-se-fallaron-este-martes\/#article","isPartOf":{"@id":"https:\/\/www.catedraemalcsa.com\/gl\/o-proxecto-coawa-a-comunidade-da-auga-promovido-pola-catedra-emalcsa-udc-foi-un-dos-candidatos-aos-premios-aproema-que-se-fallaron-este-martes\/"},"author":{"name":"Javier Gund\u00edn V\u00e1zquez","@id":"https:\/\/www.catedraemalcsa.com\/gl\/#\/schema\/person\/f401f8a0ff9c15269cdb84365e579cb3"},"headline":"O Proxecto &#8216;Coawa, a comunidade da auga&#8217; promovido pola C\u00e1tedra Emalcsa-UDC foi un dos candidatos aos Premios Aproema que se fallaron este martes","datePublished":"2023-11-30T11:03:30+00:00","dateModified":"2023-11-30T11:06:36+00:00","mainEntityOfPage":{"@id":"https:\/\/www.catedraemalcsa.com\/gl\/o-proxecto-coawa-a-comunidade-da-auga-promovido-pola-catedra-emalcsa-udc-foi-un-dos-candidatos-aos-premios-aproema-que-se-fallaron-este-martes\/"},"wordCount":547,"publisher":{"@id":"https:\/\/www.catedraemalcsa.com\/gl\/#organization"},"image":{"@id":"https:\/\/www.catedraemalcsa.com\/gl\/o-proxecto-coawa-a-comunidade-da-auga-promovido-pola-catedra-emalcsa-udc-foi-un-dos-candidatos-aos-premios-aproema-que-se-fallaron-este-martes\/#primaryimage"},"thumbnailUrl":"https:\/\/www.catedraemalcsa.com\/wp-content\/uploads\/2023\/11\/coawaaproema.jpg","keywords":["C\u00e1tedra Emalcsa-UDC","C\u00e1tedra Emalcsa-UDC","Cecebre","Coawa","Concienciaci\u00f3n","Divulgaci\u00f3n","Emalcsa"],"articleSection":["Actualidade"],"inLanguage":"gl-ES"},{"@type":"WebPage","@id":"https:\/\/www.catedraemalcsa.com\/gl\/o-proxecto-coawa-a-comunidade-da-auga-promovido-pola-catedra-emalcsa-udc-foi-un-dos-candidatos-aos-premios-aproema-que-se-fallaron-este-martes\/","url":"https:\/\/www.catedraemalcsa.com\/gl\/o-proxecto-coawa-a-comunidade-da-auga-promovido-pola-catedra-emalcsa-udc-foi-un-dos-candidatos-aos-premios-aproema-que-se-fallaron-este-martes\/","name":"O Proxecto 'Coawa, a comunidade da auga' promovido pola C\u00e1tedra Emalcsa-UDC foi un dos candidatos aos Premios Aproema que se fallaron este martes - C\u00e1tedra Emalcsa - UDC","isPartOf":{"@id":"https:\/\/www.catedraemalcsa.com\/gl\/#website"},"primaryImageOfPage":{"@id":"https:\/\/www.catedraemalcsa.com\/gl\/o-proxecto-coawa-a-comunidade-da-auga-promovido-pola-catedra-emalcsa-udc-foi-un-dos-candidatos-aos-premios-aproema-que-se-fallaron-este-martes\/#primaryimage"},"image":{"@id":"https:\/\/www.catedraemalcsa.com\/gl\/o-proxecto-coawa-a-comunidade-da-auga-promovido-pola-catedra-emalcsa-udc-foi-un-dos-candidatos-aos-premios-aproema-que-se-fallaron-este-martes\/#primaryimage"},"thumbnailUrl":"https:\/\/www.catedraemalcsa.com\/wp-content\/uploads\/2023\/11\/coawaaproema.jpg","datePublished":"2023-11-30T11:03:30+00:00","dateModified":"2023-11-30T11:06:36+00:00","breadcrumb":{"@id":"https:\/\/www.catedraemalcsa.com\/gl\/o-proxecto-coawa-a-comunidade-da-auga-promovido-pola-catedra-emalcsa-udc-foi-un-dos-candidatos-aos-premios-aproema-que-se-fallaron-este-martes\/#breadcrumb"},"inLanguage":"gl-ES","potentialAction":[{"@type":"ReadAction","target":["https:\/\/www.catedraemalcsa.com\/gl\/o-proxecto-coawa-a-comunidade-da-auga-promovido-pola-catedra-emalcsa-udc-foi-un-dos-candidatos-aos-premios-aproema-que-se-fallaron-este-martes\/"]}]},{"@type":"ImageObject","inLanguage":"gl-ES","@id":"https:\/\/www.catedraemalcsa.com\/gl\/o-proxecto-coawa-a-comunidade-da-auga-promovido-pola-catedra-emalcsa-udc-foi-un-dos-candidatos-aos-premios-aproema-que-se-fallaron-este-martes\/#primaryimage","url":"https:\/\/www.catedraemalcsa.com\/wp-content\/uploads\/2023\/11\/coawaaproema.jpg","contentUrl":"https:\/\/www.catedraemalcsa.com\/wp-content\/uploads\/2023\/11\/coawaaproema.jpg","width":2048,"height":1536},{"@type":"BreadcrumbList","@id":"https:\/\/www.catedraemalcsa.com\/gl\/o-proxecto-coawa-a-comunidade-da-auga-promovido-pola-catedra-emalcsa-udc-foi-un-dos-candidatos-aos-premios-aproema-que-se-fallaron-este-martes\/#breadcrumb","itemListElement":[{"@type":"ListItem","position":1,"name":"Portada","item":"https:\/\/www.catedraemalcsa.com\/gl\/"},{"@type":"ListItem","position":2,"name":"O Proxecto &#8216;Coawa, a comunidade da auga&#8217; promovido pola C\u00e1tedra Emalcsa-UDC foi un dos candidatos aos Premios Aproema que se fallaron este martes"}]},{"@type":"WebSite","@id":"https:\/\/www.catedraemalcsa.com\/gl\/#website","url":"https:\/\/www.catedraemalcsa.com\/gl\/","name":"C\u00e1tedra Emalcsa - UDC","description":"P\u00e1gina web de la C\u00e1tedra Emalcsa - UDC en la que se tratan aspectos relacionados con la gesti\u00f3n integrada del recurso del agua.","publisher":{"@id":"https:\/\/www.catedraemalcsa.com\/gl\/#organization"},"potentialAction":[{"@type":"SearchAction","target":{"@type":"EntryPoint","urlTemplate":"https:\/\/www.catedraemalcsa.com\/gl\/?s={search_term_string}"},"query-input":{"@type":"PropertyValueSpecification","valueRequired":true,"valueName":"search_term_string"}}],"inLanguage":"gl-ES"},{"@type":"Organization","@id":"https:\/\/www.catedraemalcsa.com\/gl\/#organization","name":"C\u00e1tedra Emalcsa - UDC","url":"https:\/\/www.catedraemalcsa.com\/gl\/","logo":{"@type":"ImageObject","inLanguage":"gl-ES","@id":"https:\/\/www.catedraemalcsa.com\/gl\/#\/schema\/logo\/image\/","url":"https:\/\/www.catedraemalcsa.com\/wp-content\/uploads\/2022\/10\/LOGOTIPO-EMALCSA.png","contentUrl":"https:\/\/www.catedraemalcsa.com\/wp-content\/uploads\/2022\/10\/LOGOTIPO-EMALCSA.png","width":600,"height":180,"caption":"C\u00e1tedra Emalcsa - UDC"},"image":{"@id":"https:\/\/www.catedraemalcsa.com\/gl\/#\/schema\/logo\/image\/"},"sameAs":["https:\/\/www.facebook.com\/Ctedra-Emalcsa-Udc-426980904504313\/","https:\/\/x.com\/CatEmalcsaUdc","http:\/\/www.linkedin.com\/in\/catedra-emalcsa-udc"]},{"@type":"Person","@id":"https:\/\/www.catedraemalcsa.com\/gl\/#\/schema\/person\/f401f8a0ff9c15269cdb84365e579cb3","name":"Javier Gund\u00edn V\u00e1zquez","image":{"@type":"ImageObject","inLanguage":"gl-ES","@id":"https:\/\/www.catedraemalcsa.com\/gl\/#\/schema\/person\/image\/","url":"https:\/\/secure.gravatar.com\/avatar\/a3dae680e6d89b897149ce21fd2ce880a5982e620c2ba64ffcc5d497e3ffcdc6?s=96&d=mm&r=g","contentUrl":"https:\/\/secure.gravatar.com\/avatar\/a3dae680e6d89b897149ce21fd2ce880a5982e620c2ba64ffcc5d497e3ffcdc6?s=96&d=mm&r=g","caption":"Javier Gund\u00edn V\u00e1zquez"},"url":"https:\/\/www.catedraemalcsa.com\/gl\/author\/javiergundin\/"}]}},"_links":{"self":[{"href":"https:\/\/www.catedraemalcsa.com\/gl\/wp-json\/wp\/v2\/posts\/25660","targetHints":{"allow":["GET"]}}],"collection":[{"href":"https:\/\/www.catedraemalcsa.com\/gl\/wp-json\/wp\/v2\/posts"}],"about":[{"href":"https:\/\/www.catedraemalcsa.com\/gl\/wp-json\/wp\/v2\/types\/post"}],"author":[{"embeddable":true,"href":"https:\/\/www.catedraemalcsa.com\/gl\/wp-json\/wp\/v2\/users\/13"}],"replies":[{"embeddable":true,"href":"https:\/\/www.catedraemalcsa.com\/gl\/wp-json\/wp\/v2\/comments?post=25660"}],"version-history":[{"count":5,"href":"https:\/\/www.catedraemalcsa.com\/gl\/wp-json\/wp\/v2\/posts\/25660\/revisions"}],"predecessor-version":[{"id":25669,"href":"https:\/\/www.catedraemalcsa.com\/gl\/wp-json\/wp\/v2\/posts\/25660\/revisions\/25669"}],"wp:featuredmedia":[{"embeddable":true,"href":"https:\/\/www.catedraemalcsa.com\/gl\/wp-json\/wp\/v2\/media\/25662"}],"wp:attachment":[{"href":"https:\/\/www.catedraemalcsa.com\/gl\/wp-json\/wp\/v2\/media?parent=25660"}],"wp:term":[{"taxonomy":"category","embeddable":true,"href":"https:\/\/www.catedraemalcsa.com\/gl\/wp-json\/wp\/v2\/categories?post=25660"},{"taxonomy":"post_tag","embeddable":true,"href":"https:\/\/www.catedraemalcsa.com\/gl\/wp-json\/wp\/v2\/tags?post=25660"}],"curies":[{"name":"wp","href":"https:\/\/api.w.org\/{rel}","templated":true}]}}