{"id":25617,"date":"2023-10-24T17:01:02","date_gmt":"2023-10-24T15:01:02","guid":{"rendered":"https:\/\/www.catedraemalcsa.com\/?p=25617"},"modified":"2023-10-24T16:58:03","modified_gmt":"2023-10-24T14:58:03","slug":"o-investigador-da-udc-armand-hernandez-explica-os-motivos-polos-que-a-actividade-humana-influe-no-cambio-climatico-e-ve-crucial-a-inversion-en-conecemento-para-mitigar-o-quecemento-global","status":"publish","type":"post","link":"https:\/\/www.catedraemalcsa.com\/gl\/o-investigador-da-udc-armand-hernandez-explica-os-motivos-polos-que-a-actividade-humana-influe-no-cambio-climatico-e-ve-crucial-a-inversion-en-conecemento-para-mitigar-o-quecemento-global\/","title":{"rendered":"O investigador da UDC, Armand Hern\u00e1ndez, explica os motivos polos que a actividade humana infl\u00fae no Cambio Clim\u00e1tico e ve crucial a inversi\u00f3n en co\u00f1ecemento para mitigar o quecemento global"},"content":{"rendered":"\n<p>Co gallo do D\u00eda Internacional contra o Cambio Clim\u00e1tico (24 de outubro) o investigador da Universidade da Coru\u00f1a, Armand Hern\u00e1ndez, explica neste artigo os motivos polos que a actividade humana est\u00e1 a contribu\u00edr ao quecemento global. As\u00ed mesmo, considera que investir en ciencia, novas tecnolox\u00edas e infraestruturas ser\u00e1 crucial para mitigar os efectos do Cambio Clim\u00e1tico..<\/p>\n\n\n\n<blockquote class=\"wp-block-quote trx_addons_blockquote_style_1 is-style-default is-layout-flow wp-block-quote-is-layout-flow\">\n<h3 class=\"wp-block-heading has-text-align-center\">Cambio Clim\u00e1tico: ciencia y sociedad<\/h3>\n\n\n\n<h5 class=\"wp-block-heading has-text-align-center\"><strong>Armand Hern\u00e1ndez<\/strong><\/h5>\n\n\n\n<h5 class=\"wp-block-heading has-text-align-center\"><em><em>Investigador Ram\u00f3n y Cajal. Grupo GRICA. CICA &amp; Facultade de Ciencias Universidade da Coru\u00f1a<\/em><\/em><\/h5>\n\n\n\n<p>En septiembre de 2023 fuimos testigos de un calor sin precedentes. Fue el septiembre m\u00e1s c\u00e1lido registrado en los 174 a\u00f1os de datos de registros de temperatura a nivel global, con una temperatura global 1.44\u00b0C por encima del promedio del siglo XX. Esta cifra super\u00f3 en 0.46\u00b0C el r\u00e9cord anterior establecido en septiembre de 2020 y represent\u00f3 la anomal\u00eda (valor medio a lo largo del periodo de estudio) de temperatura global mensual m\u00e1s alta jam\u00e1s registrada. Adem\u00e1s, la temperatura de la superficie terrestre, desde enero hasta septiembre, tambi\u00e9n estableci\u00f3 un nuevo r\u00e9cord como el per\u00edodo m\u00e1s c\u00e1lido registrado hasta la fecha. Y esto no es todo, si miramos hacia el futuro y bas\u00e1ndonos en los datos disponibles hasta septiembre, se puede predecir con una probabilidad superior al 99% que el a\u00f1o 2023 pasar\u00e1 a la historia como el a\u00f1o m\u00e1s c\u00e1lido desde que se tienen datos instrumentales (mediados del s. XIX)1.<\/p>\n\n\n\n<p>Este calor anormalmente elevado se dio en todos los continentes, siendo el septiembre m\u00e1s c\u00e1lido registrado en Am\u00e9rica, Europa, \u00c1frica y la Ant\u00e1rtida, el segundo en Asia y el tercero en Ocean\u00eda. Tambi\u00e9n es importante destacar que las temperaturas de la superficie del oc\u00e9ano a nivel global alcanzaron m\u00e1ximos hist\u00f3ricos por sexto mes consecutivo, siendo agosto y septiembre los meses con la anomal\u00eda m\u00e1s alta (+1.03\u00b0C) registrada en el per\u00edodo instrumental2.<\/p>\n\n\n\n<p>Pero \u00bfnos encontramos dentro de la variabilidad natural del clima en el sistema terrestre o podemos decir que los seres humanos estamos causando este calentamiento global?<\/p>\n\n\n\n<p>En primer lugar, es necesario aclarar ciertos puntos que a menudo generan controversia fuera de la comunidad cient\u00edfica encargada de estudiar las alteraciones clim\u00e1ticas. Bas\u00e1ndonos en datos cient\u00edficos contrastados y desde una perspectiva geol\u00f3gica se puede afirmar que:<\/p>\n\n\n\n<ul class=\"wp-block-list\">\n<li style=\"font-size:clamp(14px, 0.875rem + ((1vw - 3.2px) * 0.515), 19px);\">El estudio detallado (a escalas que van desde millones a miles de a\u00f1os) de los cambios clim\u00e1ticos del pasado demuestra que los cambios naturales en la concentraci\u00f3n atmosf\u00e9rica de gases de efecto invernadero han sido (y siguen siendo) decisivos en el control de la intensidad de las variaciones de temperatura a nivel global.<\/li>\n\n\n\n<li style=\"font-size:clamp(14px, 0.875rem + ((1vw - 3.2px) * 0.515), 19px);\">Los ciclos glaciares-interglaciares del periodo Cuaternario (los \u00faltimos 2.4 millones de a\u00f1os) fueron el resultado de cambios en la insolaci\u00f3n recibida por el planeta debido a movimientos orbitales. Sin embargo, los trabajos cient\u00edficos publicados hasta la fecha demuestran que estos cambios de insolaci\u00f3n no pueden explicar por completo la magnitud de los ciclos glaciares-Interglaciares. As\u00ed, sabemos que dichos ciclos fueron tambi\u00e9n causados por cambios en la propia variabilidad interna del sistema clim\u00e1tico, en los que intervinieron de forma destacada los gases de efecto invernadero de origen natural3.<\/li>\n\n\n\n<li style=\"font-size:clamp(14px, 0.875rem + ((1vw - 3.2px) * 0.515), 19px);\">A pesar de lo anterior, el registro paleoclim\u00e1tico (Cuaternario) basado en indicadores obtenidos de testigos naturales, como los sedimentos marinos y lacustres, las masas de hielo permanentes y los espeleotemas (estalactitas o estalagmitas de cuevas), entre otros, demuestra que el aumento en la concentraci\u00f3n de gases de efecto invernadero acumulados en la atm\u00f3sfera durante el \u00faltimo siglo no es atribuible a causas naturales4. Su magnitud, sin precedentes en los \u00faltimos 4 millones de a\u00f1os, es m\u00e1s que suficiente para desestabilizar el clima del planeta y, lo m\u00e1s preocupante, su velocidad no tiene an\u00e1logo conocido en el registro geol\u00f3gico.<\/li>\n\n\n\n<li style=\"font-size:clamp(14px, 0.875rem + ((1vw - 3.2px) * 0.515), 19px);\">Los cambios naturales (actividad solar, vulcanismo\u2026) ocurridos en las \u00faltimas d\u00e9cadas no bastan para explicar ni siquiera el 2% del calentamiento global ya observado y medido.<\/li>\n<\/ul>\n\n\n\n<p>De este modo, lo que podemos decir sin miedo a equivocarnos es que la actividad humana est\u00e1 contribuyendo significativamente al calentamiento global al elevar la concentraci\u00f3n de gases de efecto invernadero en la atm\u00f3sfera. Entre la comunidad cient\u00edfica que estudia el clima actual y del pasado existe un consenso sin precedentes en que este aumento en los gases de efecto invernadero es el principal responsable del aumento de 1\u00b0C en las temperaturas promedio globales desde finales del siglo XIX. Aunque esta cantidad parezca muy peque\u00f1a, debemos pensar que la temperatura media global de la Tierra es de aproximadamente 15\u00b0C. Estos gases incluyen di\u00f3xido de carbono (CO2), metano (CH4), \u00f3xido nitroso (NO), ozono (O3) y varios gases clorofluorocarbonados, todos ellos liberados hacia la atm\u00f3sfera por actividades humanas.<\/p>\n\n\n\n<blockquote class=\"wp-block-quote is-layout-flow wp-block-quote-is-layout-flow\">\n<p><strong><strong>Los cambios naturales (actividad solar, vulcanismo\u2026) ocurridos en las \u00faltimas d\u00e9cadas no son suficientes para explicar ni siquiera el 2% del calentamiento global ya observado y medido. Podemos decir sin miedo a equivocarnos que la actividad humana est\u00e1 contribuyendo significativamente al calentamiento global<\/strong><\/strong><\/p>\n<\/blockquote>\n\n\n\n<p>De este modo, lo que podemos decir sin miedo a equivocarnos es que la actividad humana est\u00e1 contribuyendo significativamente al calentamiento global al elevar la concentraci\u00f3n de gases de efecto invernadero en la atm\u00f3sfera. Entre la comunidad cient\u00edfica que estudia el clima actual y del pasado existe un consenso sin precedentes en que este aumento en los gases de efecto invernadero es el principal responsable del aumento de 1\u00b0C en las temperaturas promedio globales desde finales del siglo XIX. Aunque esta cantidad parezca muy peque\u00f1a, debemos pensar que la temperatura media global de la Tierra es de aproximadamente 15\u00b0C. Estos gases incluyen di\u00f3xido de carbono (CO<sub>2<\/sub>), metano (CH<sub>4<\/sub>), \u00f3xido nitroso (NO), ozono (O<sub>3<\/sub>) y varios gases clorofluorocarbonados, todos ellos liberados hacia la atm\u00f3sfera por actividades humanas.<\/p>\n\n\n\n<p>En la actualidad, las actividades humanas est\u00e1n liberando aproximadamente 9500 millones de toneladas de carbono a la atm\u00f3sfera anualmente a trav\u00e9s de la combusti\u00f3n de combustibles f\u00f3siles, adem\u00e1s de otros 1500 millones de toneladas de carbono atribuibles a la deforestaci\u00f3n y cambios en los usos del suelo. De este carbono producido por el ser humano, aproximadamente 3200 millones de toneladas son absorbidas por bosques y vegetaci\u00f3n cada a\u00f1o, mientras que el oc\u00e9ano absorbe alrededor de 2500 millones de toneladas al a\u00f1o. Esto resulta en un aumento neto de 5000 millones de toneladas de carbono producido por el ser humano en la atm\u00f3sfera cada a\u00f1o, lo que lleva a un aumento en las concentraciones globales de CO<sub>2<\/sub>&nbsp;de aproximadamente 2.3 partes por mill\u00f3n por a\u00f1o. Desde 1750, los seres humanos hemos elevado los niveles atmosf\u00e9ricos de CO<sub>2<\/sub>&nbsp;en casi un 50%5. Por lo tanto, y aunque existan gases de efecto invernadero (CH<sub>4<\/sub>&nbsp;o vapor de agua, H<sub>2<\/sub>O) con mayor potencial para almacenar calor, la capacidad de calentamiento de estos valores de CO<sub>2<\/sub>&nbsp;superan con creces el potencial del CH<sub>4<\/sub>&nbsp;y vapor de agua, H<sub>2<\/sub>O.<\/p>\n\n\n\n<p>Por otra parte, aunque tengamos una percepci\u00f3n diferente, debemos tener muy presente que el cambio clim\u00e1tico inducido por el ser humano no es una preocupaci\u00f3n distante en el futuro; es un proceso en curso con impactos en tiempo real en ecosistemas y comunidades en todo el mundo. As\u00ed, lo que conocemos como cambio clim\u00e1tico actual abarca mucho m\u00e1s que solo el aumento de la temperatura (calentamiento global). Algunos de los cambios que ya se est\u00e1n registrando son<sup>1<\/sup>:<\/p>\n\n\n\n<ul class=\"wp-block-list\">\n<li style=\"font-size:clamp(14px, 0.875rem + ((1vw - 3.2px) * 0.515), 19px);\">El citado aumento de aproximadamente 1\u00b0C desde 1901 hasta 2020.<\/li>\n\n\n\n<li style=\"font-size:clamp(14px, 0.875rem + ((1vw - 3.2px) * 0.515), 19px);\">El aumento del nivel del mar ha pasado de 1.7 mm\/a\u00f1o durante la mayor parte del siglo XX a 3.2 mm\/a\u00f1o desde 1993.<\/li>\n\n\n\n<li style=\"font-size:clamp(14px, 0.875rem + ((1vw - 3.2px) * 0.515), 19px);\">Los glaciares se est\u00e1n reduciendo; el grosor promedio de algunos de los glaciares mejor estudiados ha disminuido en m\u00e1s de 18 metros desde 1980.<\/li>\n\n\n\n<li style=\"font-size:clamp(14px, 0.875rem + ((1vw - 3.2px) * 0.515), 19px);\">La superficie cubierta por hielo marino en el \u00c1rtico al final del verano ha disminuido aproximadamente un 40% desde 1979.<\/li>\n\n\n\n<li style=\"font-size:clamp(14px, 0.875rem + ((1vw - 3.2px) * 0.515), 19px);\">La concentraci\u00f3n de CO<sub>2<\/sub>&nbsp;en la atm\u00f3sfera ha aumentado un 25% desde 1958 y aproximadamente un 40% desde el comienzo de la Revoluci\u00f3n Industrial a mediados del siglo XIX.<\/li>\n\n\n\n<li style=\"font-size:clamp(14px, 0.875rem + ((1vw - 3.2px) * 0.515), 19px);\">La nieve se derrite antes en comparaci\u00f3n con los promedios a largo plazo.<\/li>\n<\/ul>\n\n\n\n<blockquote class=\"wp-block-quote is-layout-flow wp-block-quote-is-layout-flow\">\n<p><strong><strong>Reducir las emisiones de gases de efecto invernadero requiere inversiones en ciencia, nuevas tecnolog\u00edas e infraestructuras. En otras palabras, la inversi\u00f3n en generaci\u00f3n de conocimiento ayudar\u00e1 a mitigar los impactos del cambio clim\u00e1tico, salvando vidas y amortiguando los efectos econ\u00f3micos relacionados con dichos impactos<\/strong><\/strong><\/p>\n<\/blockquote>\n\n\n\n<p>Todos estos cambios afectan aspectos cruciales de nuestras vidas, incluyendo a los recursos h\u00eddricos, la energ\u00eda, el transporte, la agricultura, los ecosistemas y la salud humana. Se puede decir que abordar el cambio clim\u00e1tico desde la perspectiva humana es un desaf\u00edo complejo, ya que afecta a diversos sectores de la sociedad de manera interconectada. Las sequ\u00edas pueden perjudicar la producci\u00f3n de alimentos y la salud de los seres humanos, mientras que las inundaciones pueden da\u00f1ar ecosistemas e infraestructuras. Los problemas de salud resultantes de ambos fen\u00f3menos extremos pueden aumentar las tasas de mortalidad. Sin embargo, es importante resaltar que, aunque el cambio clim\u00e1tico afecta a todos los aspectos de nuestro mundo, sus efectos se distribuyen de manera desigual. Las disparidades socioecon\u00f3micas pueden hacer que aquellos que tienen menos recursos para protegerse sean a\u00fan m\u00e1s vulnerables.<\/p>\n\n\n\n<p>A pesar de todo, tambi\u00e9n hay que resaltar que incluso ante esta adversidad debe haber esperanza. Si se toma conciencia de los problemas y se sigue apostando por la investigaci\u00f3n se pueden mitigar los efectos m\u00e1s graves del cambio clim\u00e1tico limitando el calentamiento global alcanzando el nivel cero de emisiones lo m\u00e1s r\u00e1pidamente posible. Por lo tanto, hay que tener claro que reducir las emisiones de gases de efecto invernadero requiere inversiones en ciencia, nuevas tecnolog\u00edas e infraestructuras.<\/p>\n\n\n\n<p>En otras palabras, la inversi\u00f3n en generaci\u00f3n de conocimiento ayudar\u00e1 a mitigar los impactos del cambio clim\u00e1tico, salvando vidas y amortiguando los efectos econ\u00f3micos relacionados con dichos impactos.<\/p>\n\n\n\n<p><strong>Referencias<\/strong><\/p>\n\n\n\n<p>1<a href=\"https:\/\/www.noaa.gov\/\">https:\/\/www.noaa.gov\/<\/a><\/p>\n\n\n\n<p>2<a href=\"https:\/\/www.climate.gov\/news-features\/climate-qa\/are-humans-causing-or-contributing-global-warming\">https:\/\/www.climate.gov\/news-features\/climate-qa\/are-humans-causing-or-contributing-global-warming<\/a><\/p>\n\n\n\n<p>3Uemura, R., Motoyama, H., Masson-Delmotte, V., Jouzel, J., Kawamura, K., Goto-Azuma, K., \u2026 &amp; Fujii, Y. (2018). Asynchrony between Antarctic temperature and CO2 associated with obliquity over the past 720,000 years. Nature communications, 9(1), 961.<\/p>\n\n\n\n<p>4Lee, H., Calvin, K., Dasgupta, D., Krinner, G., Mukherji, A., Thorne, P., \u2026 &amp; Zommers, Z. (2023). Climate Change 2023: Synthesis Report. Contribution of Working Groups I, II and III to the Sixth Assessment Report of the Intergovernmental Panel on Climate Change.<\/p>\n\n\n\n<p>5Friedlingstein, P., O\u2019sullivan, M., Jones, M. W., Andrew, R. M., Gregor, L., Hauck, J., \u2026 &amp; Zheng, B. (2022). Global carbon budget 2022. Earth System Science Data Discussions, 2022, 1-159.<\/p>\n\n\n\n<p><em>*La C\u00e1tedra Emalcsa no se identifica necesariamente con las visiones expuestas por los autores de los art\u00edculos que publica. Nuestra intenci\u00f3n es ser un medio para la difusi\u00f3n, el di\u00e1logo, el debate y el avance en el conocimiento.<\/em><\/p>\n<\/blockquote>\n\n\n\n<p><\/p>\n","protected":false},"excerpt":{"rendered":"<p>Co gallo do D\u00eda Internacional contra o Cambio Clim\u00e1tico (24 de outubro) o investigador da&hellip;<\/p>\n","protected":false},"author":13,"featured_media":25612,"comment_status":"closed","ping_status":"open","sticky":false,"template":"","format":"standard","meta":{"inline_featured_image":false,"_themeisle_gutenberg_block_has_review":false,"footnotes":""},"categories":[289],"tags":[435,462,362,433,434,436],"class_list":["post-25617","post","type-post","status-publish","format-standard","has-post-thumbnail","hentry","category-opinion-gl","tag-cambio-climatico-2","tag-catedra-emalcsa-udc-gl","tag-catedra-emalcsa-udc-2","tag-lei-do-clima-de-galicia","tag-sanz-larruga-2","tag-xestion-da-auga"],"yoast_head":"<!-- This site is optimized with the Yoast SEO plugin v26.9 - https:\/\/yoast.com\/product\/yoast-seo-wordpress\/ -->\n<title>O investigador da UDC, Armand Hern\u00e1ndez, explica os motivos polos que a actividade humana infl\u00fae no Cambio Clim\u00e1tico e ve crucial a inversi\u00f3n en co\u00f1ecemento para mitigar o quecemento global - C\u00e1tedra Emalcsa - UDC<\/title>\n<meta name=\"robots\" content=\"index, follow, max-snippet:-1, max-image-preview:large, max-video-preview:-1\" \/>\n<link rel=\"canonical\" href=\"https:\/\/www.catedraemalcsa.com\/gl\/o-investigador-da-udc-armand-hernandez-explica-os-motivos-polos-que-a-actividade-humana-influe-no-cambio-climatico-e-ve-crucial-a-inversion-en-conecemento-para-mitigar-o-quecemento-global\/\" \/>\n<meta property=\"og:locale\" content=\"gl_ES\" \/>\n<meta property=\"og:type\" content=\"article\" \/>\n<meta property=\"og:title\" content=\"O investigador da UDC, Armand Hern\u00e1ndez, explica os motivos polos que a actividade humana infl\u00fae no Cambio Clim\u00e1tico e ve crucial a inversi\u00f3n en co\u00f1ecemento para mitigar o quecemento global - C\u00e1tedra Emalcsa - UDC\" \/>\n<meta property=\"og:description\" content=\"Co gallo do D\u00eda Internacional contra o Cambio Clim\u00e1tico (24 de outubro) o investigador da&hellip;\" \/>\n<meta property=\"og:url\" content=\"https:\/\/www.catedraemalcsa.com\/gl\/o-investigador-da-udc-armand-hernandez-explica-os-motivos-polos-que-a-actividade-humana-influe-no-cambio-climatico-e-ve-crucial-a-inversion-en-conecemento-para-mitigar-o-quecemento-global\/\" \/>\n<meta property=\"og:site_name\" content=\"C\u00e1tedra Emalcsa - UDC\" \/>\n<meta property=\"article:publisher\" content=\"https:\/\/www.facebook.com\/Ctedra-Emalcsa-Udc-426980904504313\/\" \/>\n<meta property=\"article:published_time\" content=\"2023-10-24T15:01:02+00:00\" \/>\n<meta property=\"og:image\" content=\"https:\/\/www.catedraemalcsa.com\/wp-content\/uploads\/2023\/10\/seca-1024x576.jpg\" \/>\n\t<meta property=\"og:image:width\" content=\"1024\" \/>\n\t<meta property=\"og:image:height\" content=\"576\" \/>\n\t<meta property=\"og:image:type\" content=\"image\/jpeg\" \/>\n<meta name=\"author\" content=\"Javier Gund\u00edn V\u00e1zquez\" \/>\n<meta name=\"twitter:card\" content=\"summary_large_image\" \/>\n<meta name=\"twitter:creator\" content=\"@CatEmalcsaUdc\" \/>\n<meta name=\"twitter:site\" content=\"@CatEmalcsaUdc\" \/>\n<meta name=\"twitter:label1\" content=\"Escrito por\" \/>\n\t<meta name=\"twitter:data1\" content=\"Javier Gund\u00edn V\u00e1zquez\" \/>\n\t<meta name=\"twitter:label2\" content=\"Tempo de lectura\" \/>\n\t<meta name=\"twitter:data2\" content=\"8 minutos\" \/>\n<script type=\"application\/ld+json\" class=\"yoast-schema-graph\">{\"@context\":\"https:\/\/schema.org\",\"@graph\":[{\"@type\":\"Article\",\"@id\":\"https:\/\/www.catedraemalcsa.com\/gl\/o-investigador-da-udc-armand-hernandez-explica-os-motivos-polos-que-a-actividade-humana-influe-no-cambio-climatico-e-ve-crucial-a-inversion-en-conecemento-para-mitigar-o-quecemento-global\/#article\",\"isPartOf\":{\"@id\":\"https:\/\/www.catedraemalcsa.com\/gl\/o-investigador-da-udc-armand-hernandez-explica-os-motivos-polos-que-a-actividade-humana-influe-no-cambio-climatico-e-ve-crucial-a-inversion-en-conecemento-para-mitigar-o-quecemento-global\/\"},\"author\":{\"name\":\"Javier Gund\u00edn V\u00e1zquez\",\"@id\":\"https:\/\/www.catedraemalcsa.com\/gl\/#\/schema\/person\/f401f8a0ff9c15269cdb84365e579cb3\"},\"headline\":\"O investigador da UDC, Armand Hern\u00e1ndez, explica os motivos polos que a actividade humana infl\u00fae no Cambio Clim\u00e1tico e ve crucial a inversi\u00f3n en co\u00f1ecemento para mitigar o quecemento global\",\"datePublished\":\"2023-10-24T15:01:02+00:00\",\"mainEntityOfPage\":{\"@id\":\"https:\/\/www.catedraemalcsa.com\/gl\/o-investigador-da-udc-armand-hernandez-explica-os-motivos-polos-que-a-actividade-humana-influe-no-cambio-climatico-e-ve-crucial-a-inversion-en-conecemento-para-mitigar-o-quecemento-global\/\"},\"wordCount\":1888,\"publisher\":{\"@id\":\"https:\/\/www.catedraemalcsa.com\/gl\/#organization\"},\"image\":{\"@id\":\"https:\/\/www.catedraemalcsa.com\/gl\/o-investigador-da-udc-armand-hernandez-explica-os-motivos-polos-que-a-actividade-humana-influe-no-cambio-climatico-e-ve-crucial-a-inversion-en-conecemento-para-mitigar-o-quecemento-global\/#primaryimage\"},\"thumbnailUrl\":\"https:\/\/www.catedraemalcsa.com\/wp-content\/uploads\/2023\/10\/seca.jpg\",\"keywords\":[\"Cambio Clim\u00e1tico\",\"C\u00e1tedra Emalcsa-UDC\",\"C\u00e1tedra Emalcsa-UDC\",\"Lei do Clima de Galicia\",\"Sanz Larruga\",\"xesti\u00f3n da auga\"],\"articleSection\":[\"Opini\u00f3n\"],\"inLanguage\":\"gl-ES\"},{\"@type\":\"WebPage\",\"@id\":\"https:\/\/www.catedraemalcsa.com\/gl\/o-investigador-da-udc-armand-hernandez-explica-os-motivos-polos-que-a-actividade-humana-influe-no-cambio-climatico-e-ve-crucial-a-inversion-en-conecemento-para-mitigar-o-quecemento-global\/\",\"url\":\"https:\/\/www.catedraemalcsa.com\/gl\/o-investigador-da-udc-armand-hernandez-explica-os-motivos-polos-que-a-actividade-humana-influe-no-cambio-climatico-e-ve-crucial-a-inversion-en-conecemento-para-mitigar-o-quecemento-global\/\",\"name\":\"O investigador da UDC, Armand Hern\u00e1ndez, explica os motivos polos que a actividade humana infl\u00fae no Cambio Clim\u00e1tico e ve crucial a inversi\u00f3n en co\u00f1ecemento para mitigar o quecemento global - C\u00e1tedra Emalcsa - UDC\",\"isPartOf\":{\"@id\":\"https:\/\/www.catedraemalcsa.com\/gl\/#website\"},\"primaryImageOfPage\":{\"@id\":\"https:\/\/www.catedraemalcsa.com\/gl\/o-investigador-da-udc-armand-hernandez-explica-os-motivos-polos-que-a-actividade-humana-influe-no-cambio-climatico-e-ve-crucial-a-inversion-en-conecemento-para-mitigar-o-quecemento-global\/#primaryimage\"},\"image\":{\"@id\":\"https:\/\/www.catedraemalcsa.com\/gl\/o-investigador-da-udc-armand-hernandez-explica-os-motivos-polos-que-a-actividade-humana-influe-no-cambio-climatico-e-ve-crucial-a-inversion-en-conecemento-para-mitigar-o-quecemento-global\/#primaryimage\"},\"thumbnailUrl\":\"https:\/\/www.catedraemalcsa.com\/wp-content\/uploads\/2023\/10\/seca.jpg\",\"datePublished\":\"2023-10-24T15:01:02+00:00\",\"breadcrumb\":{\"@id\":\"https:\/\/www.catedraemalcsa.com\/gl\/o-investigador-da-udc-armand-hernandez-explica-os-motivos-polos-que-a-actividade-humana-influe-no-cambio-climatico-e-ve-crucial-a-inversion-en-conecemento-para-mitigar-o-quecemento-global\/#breadcrumb\"},\"inLanguage\":\"gl-ES\",\"potentialAction\":[{\"@type\":\"ReadAction\",\"target\":[\"https:\/\/www.catedraemalcsa.com\/gl\/o-investigador-da-udc-armand-hernandez-explica-os-motivos-polos-que-a-actividade-humana-influe-no-cambio-climatico-e-ve-crucial-a-inversion-en-conecemento-para-mitigar-o-quecemento-global\/\"]}]},{\"@type\":\"ImageObject\",\"inLanguage\":\"gl-ES\",\"@id\":\"https:\/\/www.catedraemalcsa.com\/gl\/o-investigador-da-udc-armand-hernandez-explica-os-motivos-polos-que-a-actividade-humana-influe-no-cambio-climatico-e-ve-crucial-a-inversion-en-conecemento-para-mitigar-o-quecemento-global\/#primaryimage\",\"url\":\"https:\/\/www.catedraemalcsa.com\/wp-content\/uploads\/2023\/10\/seca.jpg\",\"contentUrl\":\"https:\/\/www.catedraemalcsa.com\/wp-content\/uploads\/2023\/10\/seca.jpg\",\"width\":2400,\"height\":1350},{\"@type\":\"BreadcrumbList\",\"@id\":\"https:\/\/www.catedraemalcsa.com\/gl\/o-investigador-da-udc-armand-hernandez-explica-os-motivos-polos-que-a-actividade-humana-influe-no-cambio-climatico-e-ve-crucial-a-inversion-en-conecemento-para-mitigar-o-quecemento-global\/#breadcrumb\",\"itemListElement\":[{\"@type\":\"ListItem\",\"position\":1,\"name\":\"Portada\",\"item\":\"https:\/\/www.catedraemalcsa.com\/gl\/\"},{\"@type\":\"ListItem\",\"position\":2,\"name\":\"O investigador da UDC, Armand Hern\u00e1ndez, explica os motivos polos que a actividade humana infl\u00fae no Cambio Clim\u00e1tico e ve crucial a inversi\u00f3n en co\u00f1ecemento para mitigar o quecemento global\"}]},{\"@type\":\"WebSite\",\"@id\":\"https:\/\/www.catedraemalcsa.com\/gl\/#website\",\"url\":\"https:\/\/www.catedraemalcsa.com\/gl\/\",\"name\":\"C\u00e1tedra Emalcsa - UDC\",\"description\":\"P\u00e1gina web de la C\u00e1tedra Emalcsa - UDC en la que se tratan aspectos relacionados con la gesti\u00f3n integrada del recurso del agua.\",\"publisher\":{\"@id\":\"https:\/\/www.catedraemalcsa.com\/gl\/#organization\"},\"potentialAction\":[{\"@type\":\"SearchAction\",\"target\":{\"@type\":\"EntryPoint\",\"urlTemplate\":\"https:\/\/www.catedraemalcsa.com\/gl\/?s={search_term_string}\"},\"query-input\":{\"@type\":\"PropertyValueSpecification\",\"valueRequired\":true,\"valueName\":\"search_term_string\"}}],\"inLanguage\":\"gl-ES\"},{\"@type\":\"Organization\",\"@id\":\"https:\/\/www.catedraemalcsa.com\/gl\/#organization\",\"name\":\"C\u00e1tedra Emalcsa - UDC\",\"url\":\"https:\/\/www.catedraemalcsa.com\/gl\/\",\"logo\":{\"@type\":\"ImageObject\",\"inLanguage\":\"gl-ES\",\"@id\":\"https:\/\/www.catedraemalcsa.com\/gl\/#\/schema\/logo\/image\/\",\"url\":\"https:\/\/www.catedraemalcsa.com\/wp-content\/uploads\/2022\/10\/LOGOTIPO-EMALCSA.png\",\"contentUrl\":\"https:\/\/www.catedraemalcsa.com\/wp-content\/uploads\/2022\/10\/LOGOTIPO-EMALCSA.png\",\"width\":600,\"height\":180,\"caption\":\"C\u00e1tedra Emalcsa - UDC\"},\"image\":{\"@id\":\"https:\/\/www.catedraemalcsa.com\/gl\/#\/schema\/logo\/image\/\"},\"sameAs\":[\"https:\/\/www.facebook.com\/Ctedra-Emalcsa-Udc-426980904504313\/\",\"https:\/\/x.com\/CatEmalcsaUdc\",\"http:\/\/www.linkedin.com\/in\/catedra-emalcsa-udc\"]},{\"@type\":\"Person\",\"@id\":\"https:\/\/www.catedraemalcsa.com\/gl\/#\/schema\/person\/f401f8a0ff9c15269cdb84365e579cb3\",\"name\":\"Javier Gund\u00edn V\u00e1zquez\",\"image\":{\"@type\":\"ImageObject\",\"inLanguage\":\"gl-ES\",\"@id\":\"https:\/\/www.catedraemalcsa.com\/gl\/#\/schema\/person\/image\/\",\"url\":\"https:\/\/secure.gravatar.com\/avatar\/a3dae680e6d89b897149ce21fd2ce880a5982e620c2ba64ffcc5d497e3ffcdc6?s=96&d=mm&r=g\",\"contentUrl\":\"https:\/\/secure.gravatar.com\/avatar\/a3dae680e6d89b897149ce21fd2ce880a5982e620c2ba64ffcc5d497e3ffcdc6?s=96&d=mm&r=g\",\"caption\":\"Javier Gund\u00edn V\u00e1zquez\"},\"url\":\"https:\/\/www.catedraemalcsa.com\/gl\/author\/javiergundin\/\"}]}<\/script>\n<!-- \/ Yoast SEO plugin. -->","yoast_head_json":{"title":"O investigador da UDC, Armand Hern\u00e1ndez, explica os motivos polos que a actividade humana infl\u00fae no Cambio Clim\u00e1tico e ve crucial a inversi\u00f3n en co\u00f1ecemento para mitigar o quecemento global - C\u00e1tedra Emalcsa - UDC","robots":{"index":"index","follow":"follow","max-snippet":"max-snippet:-1","max-image-preview":"max-image-preview:large","max-video-preview":"max-video-preview:-1"},"canonical":"https:\/\/www.catedraemalcsa.com\/gl\/o-investigador-da-udc-armand-hernandez-explica-os-motivos-polos-que-a-actividade-humana-influe-no-cambio-climatico-e-ve-crucial-a-inversion-en-conecemento-para-mitigar-o-quecemento-global\/","og_locale":"gl_ES","og_type":"article","og_title":"O investigador da UDC, Armand Hern\u00e1ndez, explica os motivos polos que a actividade humana infl\u00fae no Cambio Clim\u00e1tico e ve crucial a inversi\u00f3n en co\u00f1ecemento para mitigar o quecemento global - C\u00e1tedra Emalcsa - UDC","og_description":"Co gallo do D\u00eda Internacional contra o Cambio Clim\u00e1tico (24 de outubro) o investigador da&hellip;","og_url":"https:\/\/www.catedraemalcsa.com\/gl\/o-investigador-da-udc-armand-hernandez-explica-os-motivos-polos-que-a-actividade-humana-influe-no-cambio-climatico-e-ve-crucial-a-inversion-en-conecemento-para-mitigar-o-quecemento-global\/","og_site_name":"C\u00e1tedra Emalcsa - UDC","article_publisher":"https:\/\/www.facebook.com\/Ctedra-Emalcsa-Udc-426980904504313\/","article_published_time":"2023-10-24T15:01:02+00:00","og_image":[{"width":1024,"height":576,"url":"https:\/\/www.catedraemalcsa.com\/wp-content\/uploads\/2023\/10\/seca-1024x576.jpg","type":"image\/jpeg"}],"author":"Javier Gund\u00edn V\u00e1zquez","twitter_card":"summary_large_image","twitter_creator":"@CatEmalcsaUdc","twitter_site":"@CatEmalcsaUdc","twitter_misc":{"Escrito por":"Javier Gund\u00edn V\u00e1zquez","Tempo de lectura":"8 minutos"},"schema":{"@context":"https:\/\/schema.org","@graph":[{"@type":"Article","@id":"https:\/\/www.catedraemalcsa.com\/gl\/o-investigador-da-udc-armand-hernandez-explica-os-motivos-polos-que-a-actividade-humana-influe-no-cambio-climatico-e-ve-crucial-a-inversion-en-conecemento-para-mitigar-o-quecemento-global\/#article","isPartOf":{"@id":"https:\/\/www.catedraemalcsa.com\/gl\/o-investigador-da-udc-armand-hernandez-explica-os-motivos-polos-que-a-actividade-humana-influe-no-cambio-climatico-e-ve-crucial-a-inversion-en-conecemento-para-mitigar-o-quecemento-global\/"},"author":{"name":"Javier Gund\u00edn V\u00e1zquez","@id":"https:\/\/www.catedraemalcsa.com\/gl\/#\/schema\/person\/f401f8a0ff9c15269cdb84365e579cb3"},"headline":"O investigador da UDC, Armand Hern\u00e1ndez, explica os motivos polos que a actividade humana infl\u00fae no Cambio Clim\u00e1tico e ve crucial a inversi\u00f3n en co\u00f1ecemento para mitigar o quecemento global","datePublished":"2023-10-24T15:01:02+00:00","mainEntityOfPage":{"@id":"https:\/\/www.catedraemalcsa.com\/gl\/o-investigador-da-udc-armand-hernandez-explica-os-motivos-polos-que-a-actividade-humana-influe-no-cambio-climatico-e-ve-crucial-a-inversion-en-conecemento-para-mitigar-o-quecemento-global\/"},"wordCount":1888,"publisher":{"@id":"https:\/\/www.catedraemalcsa.com\/gl\/#organization"},"image":{"@id":"https:\/\/www.catedraemalcsa.com\/gl\/o-investigador-da-udc-armand-hernandez-explica-os-motivos-polos-que-a-actividade-humana-influe-no-cambio-climatico-e-ve-crucial-a-inversion-en-conecemento-para-mitigar-o-quecemento-global\/#primaryimage"},"thumbnailUrl":"https:\/\/www.catedraemalcsa.com\/wp-content\/uploads\/2023\/10\/seca.jpg","keywords":["Cambio Clim\u00e1tico","C\u00e1tedra Emalcsa-UDC","C\u00e1tedra Emalcsa-UDC","Lei do Clima de Galicia","Sanz Larruga","xesti\u00f3n da auga"],"articleSection":["Opini\u00f3n"],"inLanguage":"gl-ES"},{"@type":"WebPage","@id":"https:\/\/www.catedraemalcsa.com\/gl\/o-investigador-da-udc-armand-hernandez-explica-os-motivos-polos-que-a-actividade-humana-influe-no-cambio-climatico-e-ve-crucial-a-inversion-en-conecemento-para-mitigar-o-quecemento-global\/","url":"https:\/\/www.catedraemalcsa.com\/gl\/o-investigador-da-udc-armand-hernandez-explica-os-motivos-polos-que-a-actividade-humana-influe-no-cambio-climatico-e-ve-crucial-a-inversion-en-conecemento-para-mitigar-o-quecemento-global\/","name":"O investigador da UDC, Armand Hern\u00e1ndez, explica os motivos polos que a actividade humana infl\u00fae no Cambio Clim\u00e1tico e ve crucial a inversi\u00f3n en co\u00f1ecemento para mitigar o quecemento global - C\u00e1tedra Emalcsa - UDC","isPartOf":{"@id":"https:\/\/www.catedraemalcsa.com\/gl\/#website"},"primaryImageOfPage":{"@id":"https:\/\/www.catedraemalcsa.com\/gl\/o-investigador-da-udc-armand-hernandez-explica-os-motivos-polos-que-a-actividade-humana-influe-no-cambio-climatico-e-ve-crucial-a-inversion-en-conecemento-para-mitigar-o-quecemento-global\/#primaryimage"},"image":{"@id":"https:\/\/www.catedraemalcsa.com\/gl\/o-investigador-da-udc-armand-hernandez-explica-os-motivos-polos-que-a-actividade-humana-influe-no-cambio-climatico-e-ve-crucial-a-inversion-en-conecemento-para-mitigar-o-quecemento-global\/#primaryimage"},"thumbnailUrl":"https:\/\/www.catedraemalcsa.com\/wp-content\/uploads\/2023\/10\/seca.jpg","datePublished":"2023-10-24T15:01:02+00:00","breadcrumb":{"@id":"https:\/\/www.catedraemalcsa.com\/gl\/o-investigador-da-udc-armand-hernandez-explica-os-motivos-polos-que-a-actividade-humana-influe-no-cambio-climatico-e-ve-crucial-a-inversion-en-conecemento-para-mitigar-o-quecemento-global\/#breadcrumb"},"inLanguage":"gl-ES","potentialAction":[{"@type":"ReadAction","target":["https:\/\/www.catedraemalcsa.com\/gl\/o-investigador-da-udc-armand-hernandez-explica-os-motivos-polos-que-a-actividade-humana-influe-no-cambio-climatico-e-ve-crucial-a-inversion-en-conecemento-para-mitigar-o-quecemento-global\/"]}]},{"@type":"ImageObject","inLanguage":"gl-ES","@id":"https:\/\/www.catedraemalcsa.com\/gl\/o-investigador-da-udc-armand-hernandez-explica-os-motivos-polos-que-a-actividade-humana-influe-no-cambio-climatico-e-ve-crucial-a-inversion-en-conecemento-para-mitigar-o-quecemento-global\/#primaryimage","url":"https:\/\/www.catedraemalcsa.com\/wp-content\/uploads\/2023\/10\/seca.jpg","contentUrl":"https:\/\/www.catedraemalcsa.com\/wp-content\/uploads\/2023\/10\/seca.jpg","width":2400,"height":1350},{"@type":"BreadcrumbList","@id":"https:\/\/www.catedraemalcsa.com\/gl\/o-investigador-da-udc-armand-hernandez-explica-os-motivos-polos-que-a-actividade-humana-influe-no-cambio-climatico-e-ve-crucial-a-inversion-en-conecemento-para-mitigar-o-quecemento-global\/#breadcrumb","itemListElement":[{"@type":"ListItem","position":1,"name":"Portada","item":"https:\/\/www.catedraemalcsa.com\/gl\/"},{"@type":"ListItem","position":2,"name":"O investigador da UDC, Armand Hern\u00e1ndez, explica os motivos polos que a actividade humana infl\u00fae no Cambio Clim\u00e1tico e ve crucial a inversi\u00f3n en co\u00f1ecemento para mitigar o quecemento global"}]},{"@type":"WebSite","@id":"https:\/\/www.catedraemalcsa.com\/gl\/#website","url":"https:\/\/www.catedraemalcsa.com\/gl\/","name":"C\u00e1tedra Emalcsa - UDC","description":"P\u00e1gina web de la C\u00e1tedra Emalcsa - UDC en la que se tratan aspectos relacionados con la gesti\u00f3n integrada del recurso del agua.","publisher":{"@id":"https:\/\/www.catedraemalcsa.com\/gl\/#organization"},"potentialAction":[{"@type":"SearchAction","target":{"@type":"EntryPoint","urlTemplate":"https:\/\/www.catedraemalcsa.com\/gl\/?s={search_term_string}"},"query-input":{"@type":"PropertyValueSpecification","valueRequired":true,"valueName":"search_term_string"}}],"inLanguage":"gl-ES"},{"@type":"Organization","@id":"https:\/\/www.catedraemalcsa.com\/gl\/#organization","name":"C\u00e1tedra Emalcsa - UDC","url":"https:\/\/www.catedraemalcsa.com\/gl\/","logo":{"@type":"ImageObject","inLanguage":"gl-ES","@id":"https:\/\/www.catedraemalcsa.com\/gl\/#\/schema\/logo\/image\/","url":"https:\/\/www.catedraemalcsa.com\/wp-content\/uploads\/2022\/10\/LOGOTIPO-EMALCSA.png","contentUrl":"https:\/\/www.catedraemalcsa.com\/wp-content\/uploads\/2022\/10\/LOGOTIPO-EMALCSA.png","width":600,"height":180,"caption":"C\u00e1tedra Emalcsa - UDC"},"image":{"@id":"https:\/\/www.catedraemalcsa.com\/gl\/#\/schema\/logo\/image\/"},"sameAs":["https:\/\/www.facebook.com\/Ctedra-Emalcsa-Udc-426980904504313\/","https:\/\/x.com\/CatEmalcsaUdc","http:\/\/www.linkedin.com\/in\/catedra-emalcsa-udc"]},{"@type":"Person","@id":"https:\/\/www.catedraemalcsa.com\/gl\/#\/schema\/person\/f401f8a0ff9c15269cdb84365e579cb3","name":"Javier Gund\u00edn V\u00e1zquez","image":{"@type":"ImageObject","inLanguage":"gl-ES","@id":"https:\/\/www.catedraemalcsa.com\/gl\/#\/schema\/person\/image\/","url":"https:\/\/secure.gravatar.com\/avatar\/a3dae680e6d89b897149ce21fd2ce880a5982e620c2ba64ffcc5d497e3ffcdc6?s=96&d=mm&r=g","contentUrl":"https:\/\/secure.gravatar.com\/avatar\/a3dae680e6d89b897149ce21fd2ce880a5982e620c2ba64ffcc5d497e3ffcdc6?s=96&d=mm&r=g","caption":"Javier Gund\u00edn V\u00e1zquez"},"url":"https:\/\/www.catedraemalcsa.com\/gl\/author\/javiergundin\/"}]}},"_links":{"self":[{"href":"https:\/\/www.catedraemalcsa.com\/gl\/wp-json\/wp\/v2\/posts\/25617","targetHints":{"allow":["GET"]}}],"collection":[{"href":"https:\/\/www.catedraemalcsa.com\/gl\/wp-json\/wp\/v2\/posts"}],"about":[{"href":"https:\/\/www.catedraemalcsa.com\/gl\/wp-json\/wp\/v2\/types\/post"}],"author":[{"embeddable":true,"href":"https:\/\/www.catedraemalcsa.com\/gl\/wp-json\/wp\/v2\/users\/13"}],"replies":[{"embeddable":true,"href":"https:\/\/www.catedraemalcsa.com\/gl\/wp-json\/wp\/v2\/comments?post=25617"}],"version-history":[{"count":2,"href":"https:\/\/www.catedraemalcsa.com\/gl\/wp-json\/wp\/v2\/posts\/25617\/revisions"}],"predecessor-version":[{"id":25619,"href":"https:\/\/www.catedraemalcsa.com\/gl\/wp-json\/wp\/v2\/posts\/25617\/revisions\/25619"}],"wp:featuredmedia":[{"embeddable":true,"href":"https:\/\/www.catedraemalcsa.com\/gl\/wp-json\/wp\/v2\/media\/25612"}],"wp:attachment":[{"href":"https:\/\/www.catedraemalcsa.com\/gl\/wp-json\/wp\/v2\/media?parent=25617"}],"wp:term":[{"taxonomy":"category","embeddable":true,"href":"https:\/\/www.catedraemalcsa.com\/gl\/wp-json\/wp\/v2\/categories?post=25617"},{"taxonomy":"post_tag","embeddable":true,"href":"https:\/\/www.catedraemalcsa.com\/gl\/wp-json\/wp\/v2\/tags?post=25617"}],"curies":[{"name":"wp","href":"https:\/\/api.w.org\/{rel}","templated":true}]}}