{"id":25589,"date":"2023-10-06T12:20:37","date_gmt":"2023-10-06T10:20:37","guid":{"rendered":"https:\/\/www.catedraemalcsa.com\/?p=25589"},"modified":"2023-10-11T12:25:54","modified_gmt":"2023-10-11T10:25:54","slug":"os-colaboradores-da-catedra-emalcsa-udc-ma-jose-servia-e-jaime-fagundez-participan-cun-panel-sobre-especies-invasoras-nunha-campana-de-divulgacion-cientifica-da-udc","status":"publish","type":"post","link":"https:\/\/www.catedraemalcsa.com\/gl\/os-colaboradores-da-catedra-emalcsa-udc-ma-jose-servia-e-jaime-fagundez-participan-cun-panel-sobre-especies-invasoras-nunha-campana-de-divulgacion-cientifica-da-udc\/","title":{"rendered":"Os colaboradores da C\u00e1tedra Emalcsa-UDC, M\u00aa Jos\u00e9 Servia e Jaime Fag\u00fandez, participan cun panel sobre especies invasoras nunha campa\u00f1a de divulgaci\u00f3n cient\u00edfica da UDC"},"content":{"rendered":"\n<p>O pasado setembro de 2023 <strong>a Unidade de Divulgaci\u00f3n Cient\u00edfica e Cultural da Universidade da Coru\u00f1a, en colaboraci\u00f3n co Concello da Coru\u00f1a, iniciou unha <a href=\"https:\/\/www.udc.es\/gl\/novas\/A-Universidade-da-Coruna-divulga-o-seu-conecemento-cientifico-entre-a-cidadania-cun-programa-de-difusion-en-marquesinas-de-autobus-na-cidade\/\">campa\u00f1a de divulgaci\u00f3n cient\u00edfica a trav\u00e9s de 20 marquesi\u00f1as<\/a> ubicadas en paradas de autob\u00fas de diferentes puntos da cidade.<\/strong><\/p>\n\n\n\n<p>A campa\u00f1a c\u00e9ntrase na difusi\u00f3n das cinco infograf\u00edas seleccionadas no programa <em>Divulgando o noso<\/em> da universidade herculina, concurso creado co obxectivo de difundir o traballo dos investigadores da UDC. <strong>Unha delas c\u00e9ntrase nas especies invasoras e est\u00e1 elaborada por Mar\u00eda Jos\u00e9 Servia, Jaime Fag\u00fandez e Sergio Roilca, pertencentes ao Grupo de Innovaci\u00f3n Docente Ecodiverse. Os dous primeiros son colaboradores da C\u00e1tedra Emalcsa-UDC e Mar\u00eda Jos\u00e9 Servia forma parte do seu comit\u00e9 cient\u00edfico-t\u00e9cnico.<\/strong><\/p>\n\n\n\n<p>A infograf\u00eda mostra exemplos de especies invasoras como o vis\u00f3n americano ou o cangrexo vermello americano e prop\u00f3n medidas que se poden levar a cabo por parte das administraci\u00f3ns e da sociedade en xeral para reducir estas especies nocivas para os nosos ecosistemas.<\/p>\n\n\n\n<figure class=\"wp-block-gallery has-nested-images columns-default is-cropped wp-block-gallery-1 is-layout-flex wp-block-gallery-is-layout-flex\">\n<figure class=\"wp-block-image size-large\"><img fetchpriority=\"high\" decoding=\"async\" width=\"720\" height=\"896\" data-id=\"25596\" src=\"https:\/\/www.catedraemalcsa.com\/wp-content\/uploads\/2023\/10\/Infografias-3.png\" alt=\"\" class=\"wp-image-25596\" srcset=\"https:\/\/www.catedraemalcsa.com\/wp-content\/uploads\/2023\/10\/Infografias-3.png 720w, https:\/\/www.catedraemalcsa.com\/wp-content\/uploads\/2023\/10\/Infografias-3-241x300.png 241w, https:\/\/www.catedraemalcsa.com\/wp-content\/uploads\/2023\/10\/Infografias-3-370x460.png 370w, https:\/\/www.catedraemalcsa.com\/wp-content\/uploads\/2023\/10\/Infografias-3-410x510.png 410w\" sizes=\"(max-width: 720px) 100vw, 720px\" \/><\/figure>\n\n\n\n<figure class=\"wp-block-image size-large\"><img decoding=\"async\" width=\"716\" height=\"1024\" data-id=\"25591\" src=\"https:\/\/www.catedraemalcsa.com\/wp-content\/uploads\/2023\/10\/Infografia-Especies-invasoras-Poster-GA-716x1024.png\" alt=\"\" class=\"wp-image-25591\" srcset=\"https:\/\/www.catedraemalcsa.com\/wp-content\/uploads\/2023\/10\/Infografia-Especies-invasoras-Poster-GA-716x1024.png 716w, https:\/\/www.catedraemalcsa.com\/wp-content\/uploads\/2023\/10\/Infografia-Especies-invasoras-Poster-GA-210x300.png 210w, https:\/\/www.catedraemalcsa.com\/wp-content\/uploads\/2023\/10\/Infografia-Especies-invasoras-Poster-GA-768x1098.png 768w, https:\/\/www.catedraemalcsa.com\/wp-content\/uploads\/2023\/10\/Infografia-Especies-invasoras-Poster-GA-1074x1536.png 1074w, https:\/\/www.catedraemalcsa.com\/wp-content\/uploads\/2023\/10\/Infografia-Especies-invasoras-Poster-GA-370x529.png 370w, https:\/\/www.catedraemalcsa.com\/wp-content\/uploads\/2023\/10\/Infografia-Especies-invasoras-Poster-GA-840x1201.png 840w, https:\/\/www.catedraemalcsa.com\/wp-content\/uploads\/2023\/10\/Infografia-Especies-invasoras-Poster-GA-410x586.png 410w, https:\/\/www.catedraemalcsa.com\/wp-content\/uploads\/2023\/10\/Infografia-Especies-invasoras-Poster-GA.png 1399w\" sizes=\"(max-width: 716px) 100vw, 716px\" \/><\/figure>\n<\/figure>\n\n\n\n<p><strong>O control das especies invasoras no encoro de Cecebre, principalmente do cangrexo vermello americano, \u00e9 un dos aspectos nos que se centran os labores de investigaci\u00f3n da C\u00e1tedra Emalcsa-UDC.<\/strong> De feito, hai uns meses asinou un convenio de colaboraci\u00f3n coa Reserva da Biosfera Mari\u00f1as Coru\u00f1esas e Terras do Mandeo e a C\u00e1tedra Hijos de Rivera-UDC de Desenvolvemento Sostible para que <strong><a href=\"https:\/\/www.catedraemalcsa.com\/gl\/os-traballos-para-controlar-a-poboacion-de-cangrexo-americano-en-cecebre-nos-que-participa-a-catedra-emalcsa-udc-avanzan-coa-captura-de-1-000-exemplares-desta-especie-invasora\/\">investigadores da Universidade da Coru\u00f1a realicen traballos de control desta especie<\/a>, quizais a m\u00e1is nociva para o encoro debido a que provoca desprendementos de terra que deterioran a vexetaci\u00f3n de ribeira, fundamental para protexer a calidade da agua, ademais de ser moi prexudicial para a biodiversidade da zona.<\/strong><\/p>\n\n\n\n<p><strong>As especies invasoras tam\u00e9n plantexan un problema no r\u00edo Barc\u00e9s, clave, xunto ao r\u00edo Mero, no abastecemento de auga a A Coru\u00f1a e contorna.<\/strong> As\u00ed o explicaron os colaboradores da C\u00e1tedra Emalcsa-UDC, Mar\u00eda Jos\u00e9 Servia e Jaime Fag\u00fandez en decembro de 2022 durante a <a href=\"https:\/\/www.fundacion.udc.es\/noticia.asp?id=428&amp;idioma=GA\">presentaci\u00f3n dos resultados da segunda fase do proxecto <em>Bosque de ribeira do r\u00edo Barc\u00e9s, un proxecto de futuro<\/em><\/a>, coordinado pola Reserva da Biosfera Mari\u00f1as Coru\u00f1esas e Terras do Mandeo e financiado pola C\u00e1tedra Hijos de Rivera-UDC de Desenvolvemento Sostible. Nese traballo os investigadores subli\u00f1aron que as especies ex\u00f3ticas invasoras est\u00e1n presentes no 85, 7% dos tramos do r\u00edo Barc\u00e9s analizados no estudo.<\/p>\n","protected":false},"excerpt":{"rendered":"<p>O pasado setembro de 2023 a Unidade de Divulgaci\u00f3n Cient\u00edfica e Cultural da Universidade da&hellip;<\/p>\n","protected":false},"author":13,"featured_media":25594,"comment_status":"closed","ping_status":"open","sticky":false,"template":"","format":"standard","meta":{"inline_featured_image":false,"_themeisle_gutenberg_block_has_review":false,"footnotes":""},"categories":[284],"tags":[372,484,362,368,481,482,483],"class_list":["post-25589","post","type-post","status-publish","format-standard","has-post-thumbnail","hentry","category-actualidade","tag-a-coruna-2","tag-cangrejo-americano-2","tag-catedra-emalcsa-udc-2","tag-cecebre","tag-especies-invasoras-2","tag-jaime-fagundez-2","tag-maria-jose-servia-2"],"yoast_head":"<!-- This site is optimized with the Yoast SEO plugin v27.5 - https:\/\/yoast.com\/product\/yoast-seo-wordpress\/ -->\n<title>Os colaboradores da C\u00e1tedra Emalcsa-UDC, M\u00aa Jos\u00e9 Servia e Jaime Fag\u00fandez, participan cun panel sobre especies invasoras nunha campa\u00f1a de divulgaci\u00f3n cient\u00edfica da UDC - C\u00e1tedra Emalcsa - UDC<\/title>\n<meta name=\"robots\" content=\"index, follow, max-snippet:-1, max-image-preview:large, max-video-preview:-1\" \/>\n<link rel=\"canonical\" href=\"https:\/\/www.catedraemalcsa.com\/gl\/os-colaboradores-da-catedra-emalcsa-udc-ma-jose-servia-e-jaime-fagundez-participan-cun-panel-sobre-especies-invasoras-nunha-campana-de-divulgacion-cientifica-da-udc\/\" \/>\n<meta property=\"og:locale\" content=\"gl_ES\" \/>\n<meta property=\"og:type\" content=\"article\" \/>\n<meta property=\"og:title\" content=\"Os colaboradores da C\u00e1tedra Emalcsa-UDC, M\u00aa Jos\u00e9 Servia e Jaime Fag\u00fandez, participan cun panel sobre especies invasoras nunha campa\u00f1a de divulgaci\u00f3n cient\u00edfica da UDC - C\u00e1tedra Emalcsa - UDC\" \/>\n<meta property=\"og:description\" content=\"O pasado setembro de 2023 a Unidade de Divulgaci\u00f3n Cient\u00edfica e Cultural da Universidade da&hellip;\" \/>\n<meta property=\"og:url\" content=\"https:\/\/www.catedraemalcsa.com\/gl\/os-colaboradores-da-catedra-emalcsa-udc-ma-jose-servia-e-jaime-fagundez-participan-cun-panel-sobre-especies-invasoras-nunha-campana-de-divulgacion-cientifica-da-udc\/\" \/>\n<meta property=\"og:site_name\" content=\"C\u00e1tedra Emalcsa - UDC\" \/>\n<meta property=\"article:publisher\" content=\"https:\/\/www.facebook.com\/Ctedra-Emalcsa-Udc-426980904504313\/\" \/>\n<meta property=\"article:published_time\" content=\"2023-10-06T10:20:37+00:00\" \/>\n<meta property=\"article:modified_time\" content=\"2023-10-11T10:25:54+00:00\" \/>\n<meta property=\"og:image\" content=\"https:\/\/www.catedraemalcsa.com\/wp-content\/uploads\/2023\/04\/Mesa-de-trabajo-1.png\" \/>\n\t<meta property=\"og:image:width\" content=\"1500\" \/>\n\t<meta property=\"og:image:height\" content=\"949\" \/>\n\t<meta property=\"og:image:type\" content=\"image\/png\" \/>\n<meta name=\"author\" content=\"Javier Gund\u00edn V\u00e1zquez\" \/>\n<meta name=\"twitter:card\" content=\"summary_large_image\" \/>\n<meta name=\"twitter:creator\" content=\"@CatEmalcsaUdc\" \/>\n<meta name=\"twitter:site\" content=\"@CatEmalcsaUdc\" \/>\n<meta name=\"twitter:label1\" content=\"Escrito por\" \/>\n\t<meta name=\"twitter:data1\" content=\"Javier Gund\u00edn V\u00e1zquez\" \/>\n\t<meta name=\"twitter:label2\" content=\"Tempo de lectura\" \/>\n\t<meta name=\"twitter:data2\" content=\"3 minutos\" \/>\n<script type=\"application\/ld+json\" class=\"yoast-schema-graph\">{\"@context\":\"https:\\\/\\\/schema.org\",\"@graph\":[{\"@type\":\"Article\",\"@id\":\"https:\\\/\\\/www.catedraemalcsa.com\\\/gl\\\/os-colaboradores-da-catedra-emalcsa-udc-ma-jose-servia-e-jaime-fagundez-participan-cun-panel-sobre-especies-invasoras-nunha-campana-de-divulgacion-cientifica-da-udc\\\/#article\",\"isPartOf\":{\"@id\":\"https:\\\/\\\/www.catedraemalcsa.com\\\/gl\\\/os-colaboradores-da-catedra-emalcsa-udc-ma-jose-servia-e-jaime-fagundez-participan-cun-panel-sobre-especies-invasoras-nunha-campana-de-divulgacion-cientifica-da-udc\\\/\"},\"author\":{\"name\":\"Javier Gund\u00edn V\u00e1zquez\",\"@id\":\"https:\\\/\\\/www.catedraemalcsa.com\\\/gl\\\/#\\\/schema\\\/person\\\/f401f8a0ff9c15269cdb84365e579cb3\"},\"headline\":\"Os colaboradores da C\u00e1tedra Emalcsa-UDC, M\u00aa Jos\u00e9 Servia e Jaime Fag\u00fandez, participan cun panel sobre especies invasoras nunha campa\u00f1a de divulgaci\u00f3n cient\u00edfica da UDC\",\"datePublished\":\"2023-10-06T10:20:37+00:00\",\"dateModified\":\"2023-10-11T10:25:54+00:00\",\"mainEntityOfPage\":{\"@id\":\"https:\\\/\\\/www.catedraemalcsa.com\\\/gl\\\/os-colaboradores-da-catedra-emalcsa-udc-ma-jose-servia-e-jaime-fagundez-participan-cun-panel-sobre-especies-invasoras-nunha-campana-de-divulgacion-cientifica-da-udc\\\/\"},\"wordCount\":450,\"publisher\":{\"@id\":\"https:\\\/\\\/www.catedraemalcsa.com\\\/gl\\\/#organization\"},\"image\":{\"@id\":\"https:\\\/\\\/www.catedraemalcsa.com\\\/gl\\\/os-colaboradores-da-catedra-emalcsa-udc-ma-jose-servia-e-jaime-fagundez-participan-cun-panel-sobre-especies-invasoras-nunha-campana-de-divulgacion-cientifica-da-udc\\\/#primaryimage\"},\"thumbnailUrl\":\"https:\\\/\\\/www.catedraemalcsa.com\\\/wp-content\\\/uploads\\\/2023\\\/10\\\/especiescorto.png\",\"keywords\":[\"A Coru\u00f1a\",\"cangrejo americano\",\"C\u00e1tedra Emalcsa-UDC\",\"Cecebre\",\"especies invasoras\",\"Jaime Fag\u00fandez\",\"Mar\u00eda Jos\u00e9 Servia\"],\"articleSection\":[\"Actualidade\"],\"inLanguage\":\"gl-ES\"},{\"@type\":\"WebPage\",\"@id\":\"https:\\\/\\\/www.catedraemalcsa.com\\\/gl\\\/os-colaboradores-da-catedra-emalcsa-udc-ma-jose-servia-e-jaime-fagundez-participan-cun-panel-sobre-especies-invasoras-nunha-campana-de-divulgacion-cientifica-da-udc\\\/\",\"url\":\"https:\\\/\\\/www.catedraemalcsa.com\\\/gl\\\/os-colaboradores-da-catedra-emalcsa-udc-ma-jose-servia-e-jaime-fagundez-participan-cun-panel-sobre-especies-invasoras-nunha-campana-de-divulgacion-cientifica-da-udc\\\/\",\"name\":\"Os colaboradores da C\u00e1tedra Emalcsa-UDC, M\u00aa Jos\u00e9 Servia e Jaime Fag\u00fandez, participan cun panel sobre especies invasoras nunha campa\u00f1a de divulgaci\u00f3n cient\u00edfica da UDC - C\u00e1tedra Emalcsa - UDC\",\"isPartOf\":{\"@id\":\"https:\\\/\\\/www.catedraemalcsa.com\\\/gl\\\/#website\"},\"primaryImageOfPage\":{\"@id\":\"https:\\\/\\\/www.catedraemalcsa.com\\\/gl\\\/os-colaboradores-da-catedra-emalcsa-udc-ma-jose-servia-e-jaime-fagundez-participan-cun-panel-sobre-especies-invasoras-nunha-campana-de-divulgacion-cientifica-da-udc\\\/#primaryimage\"},\"image\":{\"@id\":\"https:\\\/\\\/www.catedraemalcsa.com\\\/gl\\\/os-colaboradores-da-catedra-emalcsa-udc-ma-jose-servia-e-jaime-fagundez-participan-cun-panel-sobre-especies-invasoras-nunha-campana-de-divulgacion-cientifica-da-udc\\\/#primaryimage\"},\"thumbnailUrl\":\"https:\\\/\\\/www.catedraemalcsa.com\\\/wp-content\\\/uploads\\\/2023\\\/10\\\/especiescorto.png\",\"datePublished\":\"2023-10-06T10:20:37+00:00\",\"dateModified\":\"2023-10-11T10:25:54+00:00\",\"breadcrumb\":{\"@id\":\"https:\\\/\\\/www.catedraemalcsa.com\\\/gl\\\/os-colaboradores-da-catedra-emalcsa-udc-ma-jose-servia-e-jaime-fagundez-participan-cun-panel-sobre-especies-invasoras-nunha-campana-de-divulgacion-cientifica-da-udc\\\/#breadcrumb\"},\"inLanguage\":\"gl-ES\",\"potentialAction\":[{\"@type\":\"ReadAction\",\"target\":[\"https:\\\/\\\/www.catedraemalcsa.com\\\/gl\\\/os-colaboradores-da-catedra-emalcsa-udc-ma-jose-servia-e-jaime-fagundez-participan-cun-panel-sobre-especies-invasoras-nunha-campana-de-divulgacion-cientifica-da-udc\\\/\"]}]},{\"@type\":\"ImageObject\",\"inLanguage\":\"gl-ES\",\"@id\":\"https:\\\/\\\/www.catedraemalcsa.com\\\/gl\\\/os-colaboradores-da-catedra-emalcsa-udc-ma-jose-servia-e-jaime-fagundez-participan-cun-panel-sobre-especies-invasoras-nunha-campana-de-divulgacion-cientifica-da-udc\\\/#primaryimage\",\"url\":\"https:\\\/\\\/www.catedraemalcsa.com\\\/wp-content\\\/uploads\\\/2023\\\/10\\\/especiescorto.png\",\"contentUrl\":\"https:\\\/\\\/www.catedraemalcsa.com\\\/wp-content\\\/uploads\\\/2023\\\/10\\\/especiescorto.png\",\"width\":1399,\"height\":748},{\"@type\":\"BreadcrumbList\",\"@id\":\"https:\\\/\\\/www.catedraemalcsa.com\\\/gl\\\/os-colaboradores-da-catedra-emalcsa-udc-ma-jose-servia-e-jaime-fagundez-participan-cun-panel-sobre-especies-invasoras-nunha-campana-de-divulgacion-cientifica-da-udc\\\/#breadcrumb\",\"itemListElement\":[{\"@type\":\"ListItem\",\"position\":1,\"name\":\"Portada\",\"item\":\"https:\\\/\\\/www.catedraemalcsa.com\\\/gl\\\/\"},{\"@type\":\"ListItem\",\"position\":2,\"name\":\"Os colaboradores da C\u00e1tedra Emalcsa-UDC, M\u00aa Jos\u00e9 Servia e Jaime Fag\u00fandez, participan cun panel sobre especies invasoras nunha campa\u00f1a de divulgaci\u00f3n cient\u00edfica da UDC\"}]},{\"@type\":\"WebSite\",\"@id\":\"https:\\\/\\\/www.catedraemalcsa.com\\\/gl\\\/#website\",\"url\":\"https:\\\/\\\/www.catedraemalcsa.com\\\/gl\\\/\",\"name\":\"C\u00e1tedra Emalcsa - UDC\",\"description\":\"P\u00e1gina web de la C\u00e1tedra Emalcsa - UDC en la que se tratan aspectos relacionados con la gesti\u00f3n integrada del recurso del agua.\",\"publisher\":{\"@id\":\"https:\\\/\\\/www.catedraemalcsa.com\\\/gl\\\/#organization\"},\"potentialAction\":[{\"@type\":\"SearchAction\",\"target\":{\"@type\":\"EntryPoint\",\"urlTemplate\":\"https:\\\/\\\/www.catedraemalcsa.com\\\/gl\\\/?s={search_term_string}\"},\"query-input\":{\"@type\":\"PropertyValueSpecification\",\"valueRequired\":true,\"valueName\":\"search_term_string\"}}],\"inLanguage\":\"gl-ES\"},{\"@type\":\"Organization\",\"@id\":\"https:\\\/\\\/www.catedraemalcsa.com\\\/gl\\\/#organization\",\"name\":\"C\u00e1tedra Emalcsa - UDC\",\"url\":\"https:\\\/\\\/www.catedraemalcsa.com\\\/gl\\\/\",\"logo\":{\"@type\":\"ImageObject\",\"inLanguage\":\"gl-ES\",\"@id\":\"https:\\\/\\\/www.catedraemalcsa.com\\\/gl\\\/#\\\/schema\\\/logo\\\/image\\\/\",\"url\":\"https:\\\/\\\/www.catedraemalcsa.com\\\/wp-content\\\/uploads\\\/2022\\\/10\\\/LOGOTIPO-EMALCSA.png\",\"contentUrl\":\"https:\\\/\\\/www.catedraemalcsa.com\\\/wp-content\\\/uploads\\\/2022\\\/10\\\/LOGOTIPO-EMALCSA.png\",\"width\":600,\"height\":180,\"caption\":\"C\u00e1tedra Emalcsa - UDC\"},\"image\":{\"@id\":\"https:\\\/\\\/www.catedraemalcsa.com\\\/gl\\\/#\\\/schema\\\/logo\\\/image\\\/\"},\"sameAs\":[\"https:\\\/\\\/www.facebook.com\\\/Ctedra-Emalcsa-Udc-426980904504313\\\/\",\"https:\\\/\\\/x.com\\\/CatEmalcsaUdc\",\"http:\\\/\\\/www.linkedin.com\\\/in\\\/catedra-emalcsa-udc\"]},{\"@type\":\"Person\",\"@id\":\"https:\\\/\\\/www.catedraemalcsa.com\\\/gl\\\/#\\\/schema\\\/person\\\/f401f8a0ff9c15269cdb84365e579cb3\",\"name\":\"Javier Gund\u00edn V\u00e1zquez\",\"image\":{\"@type\":\"ImageObject\",\"inLanguage\":\"gl-ES\",\"@id\":\"https:\\\/\\\/secure.gravatar.com\\\/avatar\\\/a3dae680e6d89b897149ce21fd2ce880a5982e620c2ba64ffcc5d497e3ffcdc6?s=96&d=mm&r=g\",\"url\":\"https:\\\/\\\/secure.gravatar.com\\\/avatar\\\/a3dae680e6d89b897149ce21fd2ce880a5982e620c2ba64ffcc5d497e3ffcdc6?s=96&d=mm&r=g\",\"contentUrl\":\"https:\\\/\\\/secure.gravatar.com\\\/avatar\\\/a3dae680e6d89b897149ce21fd2ce880a5982e620c2ba64ffcc5d497e3ffcdc6?s=96&d=mm&r=g\",\"caption\":\"Javier Gund\u00edn V\u00e1zquez\"},\"url\":\"https:\\\/\\\/www.catedraemalcsa.com\\\/gl\\\/author\\\/javiergundin\\\/\"}]}<\/script>\n<!-- \/ Yoast SEO plugin. -->","yoast_head_json":{"title":"Os colaboradores da C\u00e1tedra Emalcsa-UDC, M\u00aa Jos\u00e9 Servia e Jaime Fag\u00fandez, participan cun panel sobre especies invasoras nunha campa\u00f1a de divulgaci\u00f3n cient\u00edfica da UDC - C\u00e1tedra Emalcsa - UDC","robots":{"index":"index","follow":"follow","max-snippet":"max-snippet:-1","max-image-preview":"max-image-preview:large","max-video-preview":"max-video-preview:-1"},"canonical":"https:\/\/www.catedraemalcsa.com\/gl\/os-colaboradores-da-catedra-emalcsa-udc-ma-jose-servia-e-jaime-fagundez-participan-cun-panel-sobre-especies-invasoras-nunha-campana-de-divulgacion-cientifica-da-udc\/","og_locale":"gl_ES","og_type":"article","og_title":"Os colaboradores da C\u00e1tedra Emalcsa-UDC, M\u00aa Jos\u00e9 Servia e Jaime Fag\u00fandez, participan cun panel sobre especies invasoras nunha campa\u00f1a de divulgaci\u00f3n cient\u00edfica da UDC - C\u00e1tedra Emalcsa - UDC","og_description":"O pasado setembro de 2023 a Unidade de Divulgaci\u00f3n Cient\u00edfica e Cultural da Universidade da&hellip;","og_url":"https:\/\/www.catedraemalcsa.com\/gl\/os-colaboradores-da-catedra-emalcsa-udc-ma-jose-servia-e-jaime-fagundez-participan-cun-panel-sobre-especies-invasoras-nunha-campana-de-divulgacion-cientifica-da-udc\/","og_site_name":"C\u00e1tedra Emalcsa - UDC","article_publisher":"https:\/\/www.facebook.com\/Ctedra-Emalcsa-Udc-426980904504313\/","article_published_time":"2023-10-06T10:20:37+00:00","article_modified_time":"2023-10-11T10:25:54+00:00","og_image":[{"width":1500,"height":949,"url":"https:\/\/www.catedraemalcsa.com\/wp-content\/uploads\/2023\/04\/Mesa-de-trabajo-1.png","type":"image\/png"}],"author":"Javier Gund\u00edn V\u00e1zquez","twitter_card":"summary_large_image","twitter_creator":"@CatEmalcsaUdc","twitter_site":"@CatEmalcsaUdc","twitter_misc":{"Escrito por":"Javier Gund\u00edn V\u00e1zquez","Tempo de lectura":"3 minutos"},"schema":{"@context":"https:\/\/schema.org","@graph":[{"@type":"Article","@id":"https:\/\/www.catedraemalcsa.com\/gl\/os-colaboradores-da-catedra-emalcsa-udc-ma-jose-servia-e-jaime-fagundez-participan-cun-panel-sobre-especies-invasoras-nunha-campana-de-divulgacion-cientifica-da-udc\/#article","isPartOf":{"@id":"https:\/\/www.catedraemalcsa.com\/gl\/os-colaboradores-da-catedra-emalcsa-udc-ma-jose-servia-e-jaime-fagundez-participan-cun-panel-sobre-especies-invasoras-nunha-campana-de-divulgacion-cientifica-da-udc\/"},"author":{"name":"Javier Gund\u00edn V\u00e1zquez","@id":"https:\/\/www.catedraemalcsa.com\/gl\/#\/schema\/person\/f401f8a0ff9c15269cdb84365e579cb3"},"headline":"Os colaboradores da C\u00e1tedra Emalcsa-UDC, M\u00aa Jos\u00e9 Servia e Jaime Fag\u00fandez, participan cun panel sobre especies invasoras nunha campa\u00f1a de divulgaci\u00f3n cient\u00edfica da UDC","datePublished":"2023-10-06T10:20:37+00:00","dateModified":"2023-10-11T10:25:54+00:00","mainEntityOfPage":{"@id":"https:\/\/www.catedraemalcsa.com\/gl\/os-colaboradores-da-catedra-emalcsa-udc-ma-jose-servia-e-jaime-fagundez-participan-cun-panel-sobre-especies-invasoras-nunha-campana-de-divulgacion-cientifica-da-udc\/"},"wordCount":450,"publisher":{"@id":"https:\/\/www.catedraemalcsa.com\/gl\/#organization"},"image":{"@id":"https:\/\/www.catedraemalcsa.com\/gl\/os-colaboradores-da-catedra-emalcsa-udc-ma-jose-servia-e-jaime-fagundez-participan-cun-panel-sobre-especies-invasoras-nunha-campana-de-divulgacion-cientifica-da-udc\/#primaryimage"},"thumbnailUrl":"https:\/\/www.catedraemalcsa.com\/wp-content\/uploads\/2023\/10\/especiescorto.png","keywords":["A Coru\u00f1a","cangrejo americano","C\u00e1tedra Emalcsa-UDC","Cecebre","especies invasoras","Jaime Fag\u00fandez","Mar\u00eda Jos\u00e9 Servia"],"articleSection":["Actualidade"],"inLanguage":"gl-ES"},{"@type":"WebPage","@id":"https:\/\/www.catedraemalcsa.com\/gl\/os-colaboradores-da-catedra-emalcsa-udc-ma-jose-servia-e-jaime-fagundez-participan-cun-panel-sobre-especies-invasoras-nunha-campana-de-divulgacion-cientifica-da-udc\/","url":"https:\/\/www.catedraemalcsa.com\/gl\/os-colaboradores-da-catedra-emalcsa-udc-ma-jose-servia-e-jaime-fagundez-participan-cun-panel-sobre-especies-invasoras-nunha-campana-de-divulgacion-cientifica-da-udc\/","name":"Os colaboradores da C\u00e1tedra Emalcsa-UDC, M\u00aa Jos\u00e9 Servia e Jaime Fag\u00fandez, participan cun panel sobre especies invasoras nunha campa\u00f1a de divulgaci\u00f3n cient\u00edfica da UDC - C\u00e1tedra Emalcsa - UDC","isPartOf":{"@id":"https:\/\/www.catedraemalcsa.com\/gl\/#website"},"primaryImageOfPage":{"@id":"https:\/\/www.catedraemalcsa.com\/gl\/os-colaboradores-da-catedra-emalcsa-udc-ma-jose-servia-e-jaime-fagundez-participan-cun-panel-sobre-especies-invasoras-nunha-campana-de-divulgacion-cientifica-da-udc\/#primaryimage"},"image":{"@id":"https:\/\/www.catedraemalcsa.com\/gl\/os-colaboradores-da-catedra-emalcsa-udc-ma-jose-servia-e-jaime-fagundez-participan-cun-panel-sobre-especies-invasoras-nunha-campana-de-divulgacion-cientifica-da-udc\/#primaryimage"},"thumbnailUrl":"https:\/\/www.catedraemalcsa.com\/wp-content\/uploads\/2023\/10\/especiescorto.png","datePublished":"2023-10-06T10:20:37+00:00","dateModified":"2023-10-11T10:25:54+00:00","breadcrumb":{"@id":"https:\/\/www.catedraemalcsa.com\/gl\/os-colaboradores-da-catedra-emalcsa-udc-ma-jose-servia-e-jaime-fagundez-participan-cun-panel-sobre-especies-invasoras-nunha-campana-de-divulgacion-cientifica-da-udc\/#breadcrumb"},"inLanguage":"gl-ES","potentialAction":[{"@type":"ReadAction","target":["https:\/\/www.catedraemalcsa.com\/gl\/os-colaboradores-da-catedra-emalcsa-udc-ma-jose-servia-e-jaime-fagundez-participan-cun-panel-sobre-especies-invasoras-nunha-campana-de-divulgacion-cientifica-da-udc\/"]}]},{"@type":"ImageObject","inLanguage":"gl-ES","@id":"https:\/\/www.catedraemalcsa.com\/gl\/os-colaboradores-da-catedra-emalcsa-udc-ma-jose-servia-e-jaime-fagundez-participan-cun-panel-sobre-especies-invasoras-nunha-campana-de-divulgacion-cientifica-da-udc\/#primaryimage","url":"https:\/\/www.catedraemalcsa.com\/wp-content\/uploads\/2023\/10\/especiescorto.png","contentUrl":"https:\/\/www.catedraemalcsa.com\/wp-content\/uploads\/2023\/10\/especiescorto.png","width":1399,"height":748},{"@type":"BreadcrumbList","@id":"https:\/\/www.catedraemalcsa.com\/gl\/os-colaboradores-da-catedra-emalcsa-udc-ma-jose-servia-e-jaime-fagundez-participan-cun-panel-sobre-especies-invasoras-nunha-campana-de-divulgacion-cientifica-da-udc\/#breadcrumb","itemListElement":[{"@type":"ListItem","position":1,"name":"Portada","item":"https:\/\/www.catedraemalcsa.com\/gl\/"},{"@type":"ListItem","position":2,"name":"Os colaboradores da C\u00e1tedra Emalcsa-UDC, M\u00aa Jos\u00e9 Servia e Jaime Fag\u00fandez, participan cun panel sobre especies invasoras nunha campa\u00f1a de divulgaci\u00f3n cient\u00edfica da UDC"}]},{"@type":"WebSite","@id":"https:\/\/www.catedraemalcsa.com\/gl\/#website","url":"https:\/\/www.catedraemalcsa.com\/gl\/","name":"C\u00e1tedra Emalcsa - UDC","description":"P\u00e1gina web de la C\u00e1tedra Emalcsa - UDC en la que se tratan aspectos relacionados con la gesti\u00f3n integrada del recurso del agua.","publisher":{"@id":"https:\/\/www.catedraemalcsa.com\/gl\/#organization"},"potentialAction":[{"@type":"SearchAction","target":{"@type":"EntryPoint","urlTemplate":"https:\/\/www.catedraemalcsa.com\/gl\/?s={search_term_string}"},"query-input":{"@type":"PropertyValueSpecification","valueRequired":true,"valueName":"search_term_string"}}],"inLanguage":"gl-ES"},{"@type":"Organization","@id":"https:\/\/www.catedraemalcsa.com\/gl\/#organization","name":"C\u00e1tedra Emalcsa - UDC","url":"https:\/\/www.catedraemalcsa.com\/gl\/","logo":{"@type":"ImageObject","inLanguage":"gl-ES","@id":"https:\/\/www.catedraemalcsa.com\/gl\/#\/schema\/logo\/image\/","url":"https:\/\/www.catedraemalcsa.com\/wp-content\/uploads\/2022\/10\/LOGOTIPO-EMALCSA.png","contentUrl":"https:\/\/www.catedraemalcsa.com\/wp-content\/uploads\/2022\/10\/LOGOTIPO-EMALCSA.png","width":600,"height":180,"caption":"C\u00e1tedra Emalcsa - UDC"},"image":{"@id":"https:\/\/www.catedraemalcsa.com\/gl\/#\/schema\/logo\/image\/"},"sameAs":["https:\/\/www.facebook.com\/Ctedra-Emalcsa-Udc-426980904504313\/","https:\/\/x.com\/CatEmalcsaUdc","http:\/\/www.linkedin.com\/in\/catedra-emalcsa-udc"]},{"@type":"Person","@id":"https:\/\/www.catedraemalcsa.com\/gl\/#\/schema\/person\/f401f8a0ff9c15269cdb84365e579cb3","name":"Javier Gund\u00edn V\u00e1zquez","image":{"@type":"ImageObject","inLanguage":"gl-ES","@id":"https:\/\/secure.gravatar.com\/avatar\/a3dae680e6d89b897149ce21fd2ce880a5982e620c2ba64ffcc5d497e3ffcdc6?s=96&d=mm&r=g","url":"https:\/\/secure.gravatar.com\/avatar\/a3dae680e6d89b897149ce21fd2ce880a5982e620c2ba64ffcc5d497e3ffcdc6?s=96&d=mm&r=g","contentUrl":"https:\/\/secure.gravatar.com\/avatar\/a3dae680e6d89b897149ce21fd2ce880a5982e620c2ba64ffcc5d497e3ffcdc6?s=96&d=mm&r=g","caption":"Javier Gund\u00edn V\u00e1zquez"},"url":"https:\/\/www.catedraemalcsa.com\/gl\/author\/javiergundin\/"}]}},"_links":{"self":[{"href":"https:\/\/www.catedraemalcsa.com\/gl\/wp-json\/wp\/v2\/posts\/25589","targetHints":{"allow":["GET"]}}],"collection":[{"href":"https:\/\/www.catedraemalcsa.com\/gl\/wp-json\/wp\/v2\/posts"}],"about":[{"href":"https:\/\/www.catedraemalcsa.com\/gl\/wp-json\/wp\/v2\/types\/post"}],"author":[{"embeddable":true,"href":"https:\/\/www.catedraemalcsa.com\/gl\/wp-json\/wp\/v2\/users\/13"}],"replies":[{"embeddable":true,"href":"https:\/\/www.catedraemalcsa.com\/gl\/wp-json\/wp\/v2\/comments?post=25589"}],"version-history":[{"count":1,"href":"https:\/\/www.catedraemalcsa.com\/gl\/wp-json\/wp\/v2\/posts\/25589\/revisions"}],"predecessor-version":[{"id":25598,"href":"https:\/\/www.catedraemalcsa.com\/gl\/wp-json\/wp\/v2\/posts\/25589\/revisions\/25598"}],"wp:featuredmedia":[{"embeddable":true,"href":"https:\/\/www.catedraemalcsa.com\/gl\/wp-json\/wp\/v2\/media\/25594"}],"wp:attachment":[{"href":"https:\/\/www.catedraemalcsa.com\/gl\/wp-json\/wp\/v2\/media?parent=25589"}],"wp:term":[{"taxonomy":"category","embeddable":true,"href":"https:\/\/www.catedraemalcsa.com\/gl\/wp-json\/wp\/v2\/categories?post=25589"},{"taxonomy":"post_tag","embeddable":true,"href":"https:\/\/www.catedraemalcsa.com\/gl\/wp-json\/wp\/v2\/tags?post=25589"}],"curies":[{"name":"wp","href":"https:\/\/api.w.org\/{rel}","templated":true}]}}