{"id":25386,"date":"2023-07-13T10:34:18","date_gmt":"2023-07-13T08:34:18","guid":{"rendered":"https:\/\/www.catedraemalcsa.com\/?p=25386"},"modified":"2023-07-13T10:41:29","modified_gmt":"2023-07-13T08:41:29","slug":"unha-xornada-promovida-pola-catedra-emalcsa-udc-analiza-os-beneficios-que-aportan-os-humidais-construidos-para-a-depuracion-de-augas-residuais-a-pequena-escala","status":"publish","type":"post","link":"https:\/\/www.catedraemalcsa.com\/gl\/unha-xornada-promovida-pola-catedra-emalcsa-udc-analiza-os-beneficios-que-aportan-os-humidais-construidos-para-a-depuracion-de-augas-residuais-a-pequena-escala\/","title":{"rendered":"Unha xornada promovida pola C\u00e1tedra Emalcsa-UDC analiza os beneficios que aportan os humidais constru\u00eddos para a depuraci\u00f3n de augas residuais a pequena escala"},"content":{"rendered":"\n<p>O Sal\u00f3n de Actos da Facultade de Ciencias da Universidade da Coru\u00f1a acolleu o m\u00e9rcores 12 de xullo unha xornada t\u00e9cnica na que diferentes expertos expuxeron os beneficios que aportan os humidais constru\u00eddos para a depuraci\u00f3n de augas residuais a pequena escala. <strong>A spin off da Universidade da Coru\u00f1a, <a href=\"http:\/\/sedaqua.com\/\">Sedaqua<\/a>; e o grupo de investigaci\u00f3n da UDC, <a href=\"https:\/\/investigacion.udc.es\/es\/Research\/Details\/G000138\">React!<\/a>, foron es organizadores deste evento que promoveu a C\u00e1tedra Emalcsa-UDC.<\/strong><\/p>\n\n\n\n<p>Manuel Soto Casti\u00f1eira, catedr\u00e1tico de Enxe\u00f1er\u00eda Qu\u00edmica da Universidade da Coru\u00f1a e membro de React!; e Mois\u00e9s Canle, director da C\u00e1tedra Emalcsa-UDC, e tam\u00e9n compo\u00f1ente deste grupo de investigaci\u00f3n, foron os encargados de presentar a xornada &#8216;Humidais constru\u00eddos para a depuraci\u00f3n de augas residuais&#8217;, que puido seguirse tanto <em>in situ<\/em> como online. Manuel Soto expuxo brevemente os proxectos que se est\u00e1n a desenvolver na UDC no \u00e1mbito do tema que se abordou na xornada, como a planta piloto da Zapateira, mentres que <strong>Mois\u00e9s Canle encadrou a xornada no marco de d\u00faas das l\u00edneas de traballo da C\u00e1tedra Emalcsa-UDC, o <a href=\"https:\/\/www.catedraemalcsa.com\/gl\/plan-ado-auga-dende-a-orixe\/\">Plan AdO (Auga dende a Orixe)<\/a> e o <a href=\"https:\/\/www.catedraemalcsa.com\/gl\/plan-ecad-excelencia-na-calidade-da-auga-distribuida\/\">Plan Ecad (Excelencia na Calidade da Auga Distribu\u00edda)<\/a>.<\/strong><\/p>\n\n\n\n<p><strong>Marta S\u00e1nchez, t\u00e9cnica do grupo de investigaci\u00f3n React! abriu a xornada cunha intervenci\u00f3n na que defendeu o paso dos sistemas de depuraci\u00f3n centralizados a sistemas descentralizados, nos que se encadran os humidais constru\u00eddos.<\/strong> A investigadora explicou que estes humidais est\u00e1n compostos por unha balsa pouco profunda impermeabilizante, un recheo cun medio filtrante e unha zona con especies aut\u00f3ctonas como, por exemplo, o carrizo. S\u00e1nchez subli\u00f1ou tam\u00e9n a eficacia no tratamento de augas destes humidais o os seus beneficios polas posibilidades que ofrecen no que respecta \u00e1 reutilizaci\u00f3n das augas para, por exemplo, o regad\u00edo, as fontes ornamentais o para augas de servizo como encher as cisternas dos nosos domicilios. A investigadora rematou o seu relatorio con varios exemplos de humidais constru\u00eddos en pequenas vivendas.<\/p>\n\n\n\n<p>Tras Marta S\u00e1nchez chegou o turno de <strong>Sandro Xavier de Campos, profesor da Universidade Estadual de Ponta Grossa, no Paran\u00e1, en Brasil. O seu relatorio tivo como eixo central o postratamento de efluentes de dixestores anaer\u00f3bicos por sistemas de filtraci\u00f3n co obxectivo de reutilizar augas residuais.<\/strong> De Campos comezou subli\u00f1ando a busca de sistemas alternativos de depuraci\u00f3n de augas que iniciou Brasil hai alg\u00fans anos para rebaixar os custos enerx\u00e9ticos derivados dos sistemas de depuraci\u00f3n tradicionais. Posteriormente centrouse en explicar os sistemas de doble e triple filtraci\u00f3n postos en pr\u00e1ctica en distintos proxectos e os seus exitosos resultados, tanto dende o punto de vista medioambiental como dende o relacionado coa reutilizaci\u00f3n das augas.<\/p>\n\n\n\n<p>Tam\u00e9n de postratamento versou a intervenci\u00f3n do director da C\u00e1tedra Emalcsa-UDC, Mois\u00e9s Canle, ainda que no seu caso, mediante procesos de oxidaci\u00f3n avanzada como complemento \u00e1s soluci\u00f3ns baseadas na natureza. <strong>Canle iniciou a s\u00faa intervenci\u00f3n lembrando a importancia que ten a depuraci\u00f3n das augas para a sa\u00fade p\u00fablica e que, a d\u00eda de hoxe, ainda hai moitos pa\u00edses que carecen de sistemas axeitados de tratamento de augas.<\/strong><\/p>\n\n\n\n<blockquote class=\"wp-block-quote is-layout-flow wp-block-quote-is-layout-flow\">\n<p><strong>O director da C\u00e1tedra Emalcsa-UDC, Mois\u00e9s Canle, explicou aos asistentes en que consiste o m\u00e9todo ASDIS de depuraci\u00f3n de augas que v\u00e9n de patentar o grupo de investigaci\u00f3n React! da UDC ao que pertence. Tr\u00e1tase dun potente fotocatalizador composto por arcilla e di\u00f3xido de titanio que desinfecta e descontamina a auga en menos de quince minutos<\/strong><\/p>\n<\/blockquote>\n\n\n\n<p>Tras este apuntamento <strong>o director da C\u00e1tedra Emalcsa-UDC explicou aos asistentes o m\u00e9todo ASDIS de depuraci\u00f3n de augas que v\u00e9n de patentar o grupo de investigaci\u00f3n da Universidade da Coru\u00f1a, React! Tr\u00e1tase dun potente fotocatalizador composto por arcilla e di\u00f3xido de titanio que desinfecta e descontamina a auga en menos de quince minutos.<\/strong> Este m\u00e9todo non \u00e9 apto, polo momento, para usar en estaci\u00f3ns depuradoras de augas residuais das grandes cidades polo gran volume de auga que tratan, pero si para n\u00facleos poboacionais pequenos. Para rematar o seu relatorio, Mois\u00e9s Canle sinalou que este sistema xa se aplicou con \u00e9xito nun humedal constru\u00eddo.<\/p>\n\n\n\n<p><strong>Jos\u00e9 Anta, investigador do grupo Geama da UDC, foi o seguinte relator. A s\u00faa intervenci\u00f3n abordou os sistemas de drenaxe urbanos sostibles (Suds)<\/strong>. Anta analizou estes sistemas que forman parte do Marco Dusa (Desenvolvemento Urbano Sensible ao Auga), documento que serve de gu\u00eda para as actuaci\u00f3ns e li\u00f1as de investigaci\u00f3n da C\u00e1tedra Emalcsa-UDC. O investigador do Geama expuxo diferentes t\u00e9cnicas Suds como cubertas dixitais, alxibes, pavimentos permeables, cunetas vexetadas&#8230; e rematou subli\u00f1ando o \u00e9xito da Infraestrutura Campus Suds formada por 9 campos piloto ubicados nos campus de Elvi\u00f1a e A Zapateira.<\/p>\n\n\n\n<p><strong>O \u00faltimo relatorio correu a cargo de Mar\u00eda Alonso Gato, t\u00e9cnica de Sedaqua<\/strong>, que describiu aos asistentes as t\u00e9cnicas de depuraci\u00f3n de augas que emprega a s\u00faa empresa, as\u00ed como os servizos que ofrece aos seus clientes.<\/p>\n\n\n\n<p><strong>A xornada rematou coa visita dos relatores, organizadores e asistentes \u00e1 planta depuradora por humidais constru\u00eddos Cullergondo, do Concello de Abegondo.<\/strong> Al\u00ed, o enxe\u00f1eiro agr\u00f3nomo Carlos Ameixenda, explicou o funcionamento da planta aos visitantes.<\/p>\n","protected":false},"excerpt":{"rendered":"<p>O Sal\u00f3n de Actos da Facultade de Ciencias da Universidade da Coru\u00f1a acolleu o m\u00e9rcores&hellip;<\/p>\n","protected":false},"author":13,"featured_media":25388,"comment_status":"closed","ping_status":"open","sticky":false,"template":"","format":"standard","meta":{"inline_featured_image":false,"_themeisle_gutenberg_block_has_review":false,"footnotes":""},"categories":[284],"tags":[372,362,403,371,367,402],"class_list":["post-25386","post","type-post","status-publish","format-standard","has-post-thumbnail","hentry","category-actualidade","tag-a-coruna-2","tag-catedra-emalcsa-udc-2","tag-humidais-construidos","tag-investigacion","tag-moises-canle-2","tag-react"],"yoast_head":"<!-- This site is optimized with the Yoast SEO plugin v26.9 - https:\/\/yoast.com\/product\/yoast-seo-wordpress\/ -->\n<title>Unha xornada promovida pola C\u00e1tedra Emalcsa-UDC analiza os beneficios que aportan os humidais constru\u00eddos para a depuraci\u00f3n de augas residuais a pequena escala - C\u00e1tedra Emalcsa - UDC<\/title>\n<meta name=\"robots\" content=\"index, follow, max-snippet:-1, max-image-preview:large, max-video-preview:-1\" \/>\n<link rel=\"canonical\" href=\"https:\/\/www.catedraemalcsa.com\/gl\/unha-xornada-promovida-pola-catedra-emalcsa-udc-analiza-os-beneficios-que-aportan-os-humidais-construidos-para-a-depuracion-de-augas-residuais-a-pequena-escala\/\" \/>\n<meta property=\"og:locale\" content=\"gl_ES\" \/>\n<meta property=\"og:type\" content=\"article\" \/>\n<meta property=\"og:title\" content=\"Unha xornada promovida pola C\u00e1tedra Emalcsa-UDC analiza os beneficios que aportan os humidais constru\u00eddos para a depuraci\u00f3n de augas residuais a pequena escala - C\u00e1tedra Emalcsa - UDC\" \/>\n<meta property=\"og:description\" content=\"O Sal\u00f3n de Actos da Facultade de Ciencias da Universidade da Coru\u00f1a acolleu o m\u00e9rcores&hellip;\" \/>\n<meta property=\"og:url\" content=\"https:\/\/www.catedraemalcsa.com\/gl\/unha-xornada-promovida-pola-catedra-emalcsa-udc-analiza-os-beneficios-que-aportan-os-humidais-construidos-para-a-depuracion-de-augas-residuais-a-pequena-escala\/\" \/>\n<meta property=\"og:site_name\" content=\"C\u00e1tedra Emalcsa - UDC\" \/>\n<meta property=\"article:publisher\" content=\"https:\/\/www.facebook.com\/Ctedra-Emalcsa-Udc-426980904504313\/\" \/>\n<meta property=\"article:published_time\" content=\"2023-07-13T08:34:18+00:00\" \/>\n<meta property=\"article:modified_time\" content=\"2023-07-13T08:41:29+00:00\" \/>\n<meta property=\"og:image\" content=\"https:\/\/www.catedraemalcsa.com\/wp-content\/uploads\/2023\/05\/portadaweb.jpg\" \/>\n\t<meta property=\"og:image:width\" content=\"1640\" \/>\n\t<meta property=\"og:image:height\" content=\"812\" \/>\n\t<meta property=\"og:image:type\" content=\"image\/jpeg\" \/>\n<meta name=\"author\" content=\"Javier Gund\u00edn V\u00e1zquez\" \/>\n<meta name=\"twitter:card\" content=\"summary_large_image\" \/>\n<meta name=\"twitter:image\" content=\"https:\/\/www.catedraemalcsa.com\/wp-content\/uploads\/2023\/05\/portadaweb.jpg\" \/>\n<meta name=\"twitter:creator\" content=\"@CatEmalcsaUdc\" \/>\n<meta name=\"twitter:site\" content=\"@CatEmalcsaUdc\" \/>\n<meta name=\"twitter:label1\" content=\"Escrito por\" \/>\n\t<meta name=\"twitter:data1\" content=\"Javier Gund\u00edn V\u00e1zquez\" \/>\n\t<meta name=\"twitter:label2\" content=\"Tempo de lectura\" \/>\n\t<meta name=\"twitter:data2\" content=\"4 minutos\" \/>\n<script type=\"application\/ld+json\" class=\"yoast-schema-graph\">{\"@context\":\"https:\/\/schema.org\",\"@graph\":[{\"@type\":\"Article\",\"@id\":\"https:\/\/www.catedraemalcsa.com\/gl\/unha-xornada-promovida-pola-catedra-emalcsa-udc-analiza-os-beneficios-que-aportan-os-humidais-construidos-para-a-depuracion-de-augas-residuais-a-pequena-escala\/#article\",\"isPartOf\":{\"@id\":\"https:\/\/www.catedraemalcsa.com\/gl\/unha-xornada-promovida-pola-catedra-emalcsa-udc-analiza-os-beneficios-que-aportan-os-humidais-construidos-para-a-depuracion-de-augas-residuais-a-pequena-escala\/\"},\"author\":{\"name\":\"Javier Gund\u00edn V\u00e1zquez\",\"@id\":\"https:\/\/www.catedraemalcsa.com\/gl\/#\/schema\/person\/f401f8a0ff9c15269cdb84365e579cb3\"},\"headline\":\"Unha xornada promovida pola C\u00e1tedra Emalcsa-UDC analiza os beneficios que aportan os humidais constru\u00eddos para a depuraci\u00f3n de augas residuais a pequena escala\",\"datePublished\":\"2023-07-13T08:34:18+00:00\",\"dateModified\":\"2023-07-13T08:41:29+00:00\",\"mainEntityOfPage\":{\"@id\":\"https:\/\/www.catedraemalcsa.com\/gl\/unha-xornada-promovida-pola-catedra-emalcsa-udc-analiza-os-beneficios-que-aportan-os-humidais-construidos-para-a-depuracion-de-augas-residuais-a-pequena-escala\/\"},\"wordCount\":934,\"publisher\":{\"@id\":\"https:\/\/www.catedraemalcsa.com\/gl\/#organization\"},\"image\":{\"@id\":\"https:\/\/www.catedraemalcsa.com\/gl\/unha-xornada-promovida-pola-catedra-emalcsa-udc-analiza-os-beneficios-que-aportan-os-humidais-construidos-para-a-depuracion-de-augas-residuais-a-pequena-escala\/#primaryimage\"},\"thumbnailUrl\":\"https:\/\/www.catedraemalcsa.com\/wp-content\/uploads\/2023\/07\/cullergondorec.jpg\",\"keywords\":[\"A Coru\u00f1a\",\"C\u00e1tedra Emalcsa-UDC\",\"humidais constru\u00eddos\",\"investigaci\u00f3n\",\"Mois\u00e9s Canle\",\"React!\"],\"articleSection\":[\"Actualidade\"],\"inLanguage\":\"gl-ES\"},{\"@type\":\"WebPage\",\"@id\":\"https:\/\/www.catedraemalcsa.com\/gl\/unha-xornada-promovida-pola-catedra-emalcsa-udc-analiza-os-beneficios-que-aportan-os-humidais-construidos-para-a-depuracion-de-augas-residuais-a-pequena-escala\/\",\"url\":\"https:\/\/www.catedraemalcsa.com\/gl\/unha-xornada-promovida-pola-catedra-emalcsa-udc-analiza-os-beneficios-que-aportan-os-humidais-construidos-para-a-depuracion-de-augas-residuais-a-pequena-escala\/\",\"name\":\"Unha xornada promovida pola C\u00e1tedra Emalcsa-UDC analiza os beneficios que aportan os humidais constru\u00eddos para a depuraci\u00f3n de augas residuais a pequena escala - C\u00e1tedra Emalcsa - UDC\",\"isPartOf\":{\"@id\":\"https:\/\/www.catedraemalcsa.com\/gl\/#website\"},\"primaryImageOfPage\":{\"@id\":\"https:\/\/www.catedraemalcsa.com\/gl\/unha-xornada-promovida-pola-catedra-emalcsa-udc-analiza-os-beneficios-que-aportan-os-humidais-construidos-para-a-depuracion-de-augas-residuais-a-pequena-escala\/#primaryimage\"},\"image\":{\"@id\":\"https:\/\/www.catedraemalcsa.com\/gl\/unha-xornada-promovida-pola-catedra-emalcsa-udc-analiza-os-beneficios-que-aportan-os-humidais-construidos-para-a-depuracion-de-augas-residuais-a-pequena-escala\/#primaryimage\"},\"thumbnailUrl\":\"https:\/\/www.catedraemalcsa.com\/wp-content\/uploads\/2023\/07\/cullergondorec.jpg\",\"datePublished\":\"2023-07-13T08:34:18+00:00\",\"dateModified\":\"2023-07-13T08:41:29+00:00\",\"breadcrumb\":{\"@id\":\"https:\/\/www.catedraemalcsa.com\/gl\/unha-xornada-promovida-pola-catedra-emalcsa-udc-analiza-os-beneficios-que-aportan-os-humidais-construidos-para-a-depuracion-de-augas-residuais-a-pequena-escala\/#breadcrumb\"},\"inLanguage\":\"gl-ES\",\"potentialAction\":[{\"@type\":\"ReadAction\",\"target\":[\"https:\/\/www.catedraemalcsa.com\/gl\/unha-xornada-promovida-pola-catedra-emalcsa-udc-analiza-os-beneficios-que-aportan-os-humidais-construidos-para-a-depuracion-de-augas-residuais-a-pequena-escala\/\"]}]},{\"@type\":\"ImageObject\",\"inLanguage\":\"gl-ES\",\"@id\":\"https:\/\/www.catedraemalcsa.com\/gl\/unha-xornada-promovida-pola-catedra-emalcsa-udc-analiza-os-beneficios-que-aportan-os-humidais-construidos-para-a-depuracion-de-augas-residuais-a-pequena-escala\/#primaryimage\",\"url\":\"https:\/\/www.catedraemalcsa.com\/wp-content\/uploads\/2023\/07\/cullergondorec.jpg\",\"contentUrl\":\"https:\/\/www.catedraemalcsa.com\/wp-content\/uploads\/2023\/07\/cullergondorec.jpg\",\"width\":2000,\"height\":1136},{\"@type\":\"BreadcrumbList\",\"@id\":\"https:\/\/www.catedraemalcsa.com\/gl\/unha-xornada-promovida-pola-catedra-emalcsa-udc-analiza-os-beneficios-que-aportan-os-humidais-construidos-para-a-depuracion-de-augas-residuais-a-pequena-escala\/#breadcrumb\",\"itemListElement\":[{\"@type\":\"ListItem\",\"position\":1,\"name\":\"Portada\",\"item\":\"https:\/\/www.catedraemalcsa.com\/gl\/\"},{\"@type\":\"ListItem\",\"position\":2,\"name\":\"Unha xornada promovida pola C\u00e1tedra Emalcsa-UDC analiza os beneficios que aportan os humidais constru\u00eddos para a depuraci\u00f3n de augas residuais a pequena escala\"}]},{\"@type\":\"WebSite\",\"@id\":\"https:\/\/www.catedraemalcsa.com\/gl\/#website\",\"url\":\"https:\/\/www.catedraemalcsa.com\/gl\/\",\"name\":\"C\u00e1tedra Emalcsa - UDC\",\"description\":\"P\u00e1gina web de la C\u00e1tedra Emalcsa - UDC en la que se tratan aspectos relacionados con la gesti\u00f3n integrada del recurso del agua.\",\"publisher\":{\"@id\":\"https:\/\/www.catedraemalcsa.com\/gl\/#organization\"},\"potentialAction\":[{\"@type\":\"SearchAction\",\"target\":{\"@type\":\"EntryPoint\",\"urlTemplate\":\"https:\/\/www.catedraemalcsa.com\/gl\/?s={search_term_string}\"},\"query-input\":{\"@type\":\"PropertyValueSpecification\",\"valueRequired\":true,\"valueName\":\"search_term_string\"}}],\"inLanguage\":\"gl-ES\"},{\"@type\":\"Organization\",\"@id\":\"https:\/\/www.catedraemalcsa.com\/gl\/#organization\",\"name\":\"C\u00e1tedra Emalcsa - UDC\",\"url\":\"https:\/\/www.catedraemalcsa.com\/gl\/\",\"logo\":{\"@type\":\"ImageObject\",\"inLanguage\":\"gl-ES\",\"@id\":\"https:\/\/www.catedraemalcsa.com\/gl\/#\/schema\/logo\/image\/\",\"url\":\"https:\/\/www.catedraemalcsa.com\/wp-content\/uploads\/2022\/10\/LOGOTIPO-EMALCSA.png\",\"contentUrl\":\"https:\/\/www.catedraemalcsa.com\/wp-content\/uploads\/2022\/10\/LOGOTIPO-EMALCSA.png\",\"width\":600,\"height\":180,\"caption\":\"C\u00e1tedra Emalcsa - UDC\"},\"image\":{\"@id\":\"https:\/\/www.catedraemalcsa.com\/gl\/#\/schema\/logo\/image\/\"},\"sameAs\":[\"https:\/\/www.facebook.com\/Ctedra-Emalcsa-Udc-426980904504313\/\",\"https:\/\/x.com\/CatEmalcsaUdc\",\"http:\/\/www.linkedin.com\/in\/catedra-emalcsa-udc\"]},{\"@type\":\"Person\",\"@id\":\"https:\/\/www.catedraemalcsa.com\/gl\/#\/schema\/person\/f401f8a0ff9c15269cdb84365e579cb3\",\"name\":\"Javier Gund\u00edn V\u00e1zquez\",\"image\":{\"@type\":\"ImageObject\",\"inLanguage\":\"gl-ES\",\"@id\":\"https:\/\/www.catedraemalcsa.com\/gl\/#\/schema\/person\/image\/\",\"url\":\"https:\/\/secure.gravatar.com\/avatar\/a3dae680e6d89b897149ce21fd2ce880a5982e620c2ba64ffcc5d497e3ffcdc6?s=96&d=mm&r=g\",\"contentUrl\":\"https:\/\/secure.gravatar.com\/avatar\/a3dae680e6d89b897149ce21fd2ce880a5982e620c2ba64ffcc5d497e3ffcdc6?s=96&d=mm&r=g\",\"caption\":\"Javier Gund\u00edn V\u00e1zquez\"},\"url\":\"https:\/\/www.catedraemalcsa.com\/gl\/author\/javiergundin\/\"}]}<\/script>\n<!-- \/ Yoast SEO plugin. -->","yoast_head_json":{"title":"Unha xornada promovida pola C\u00e1tedra Emalcsa-UDC analiza os beneficios que aportan os humidais constru\u00eddos para a depuraci\u00f3n de augas residuais a pequena escala - C\u00e1tedra Emalcsa - UDC","robots":{"index":"index","follow":"follow","max-snippet":"max-snippet:-1","max-image-preview":"max-image-preview:large","max-video-preview":"max-video-preview:-1"},"canonical":"https:\/\/www.catedraemalcsa.com\/gl\/unha-xornada-promovida-pola-catedra-emalcsa-udc-analiza-os-beneficios-que-aportan-os-humidais-construidos-para-a-depuracion-de-augas-residuais-a-pequena-escala\/","og_locale":"gl_ES","og_type":"article","og_title":"Unha xornada promovida pola C\u00e1tedra Emalcsa-UDC analiza os beneficios que aportan os humidais constru\u00eddos para a depuraci\u00f3n de augas residuais a pequena escala - C\u00e1tedra Emalcsa - UDC","og_description":"O Sal\u00f3n de Actos da Facultade de Ciencias da Universidade da Coru\u00f1a acolleu o m\u00e9rcores&hellip;","og_url":"https:\/\/www.catedraemalcsa.com\/gl\/unha-xornada-promovida-pola-catedra-emalcsa-udc-analiza-os-beneficios-que-aportan-os-humidais-construidos-para-a-depuracion-de-augas-residuais-a-pequena-escala\/","og_site_name":"C\u00e1tedra Emalcsa - UDC","article_publisher":"https:\/\/www.facebook.com\/Ctedra-Emalcsa-Udc-426980904504313\/","article_published_time":"2023-07-13T08:34:18+00:00","article_modified_time":"2023-07-13T08:41:29+00:00","og_image":[{"width":1640,"height":812,"url":"https:\/\/www.catedraemalcsa.com\/wp-content\/uploads\/2023\/05\/portadaweb.jpg","type":"image\/jpeg"}],"author":"Javier Gund\u00edn V\u00e1zquez","twitter_card":"summary_large_image","twitter_image":"https:\/\/www.catedraemalcsa.com\/wp-content\/uploads\/2023\/05\/portadaweb.jpg","twitter_creator":"@CatEmalcsaUdc","twitter_site":"@CatEmalcsaUdc","twitter_misc":{"Escrito por":"Javier Gund\u00edn V\u00e1zquez","Tempo de lectura":"4 minutos"},"schema":{"@context":"https:\/\/schema.org","@graph":[{"@type":"Article","@id":"https:\/\/www.catedraemalcsa.com\/gl\/unha-xornada-promovida-pola-catedra-emalcsa-udc-analiza-os-beneficios-que-aportan-os-humidais-construidos-para-a-depuracion-de-augas-residuais-a-pequena-escala\/#article","isPartOf":{"@id":"https:\/\/www.catedraemalcsa.com\/gl\/unha-xornada-promovida-pola-catedra-emalcsa-udc-analiza-os-beneficios-que-aportan-os-humidais-construidos-para-a-depuracion-de-augas-residuais-a-pequena-escala\/"},"author":{"name":"Javier Gund\u00edn V\u00e1zquez","@id":"https:\/\/www.catedraemalcsa.com\/gl\/#\/schema\/person\/f401f8a0ff9c15269cdb84365e579cb3"},"headline":"Unha xornada promovida pola C\u00e1tedra Emalcsa-UDC analiza os beneficios que aportan os humidais constru\u00eddos para a depuraci\u00f3n de augas residuais a pequena escala","datePublished":"2023-07-13T08:34:18+00:00","dateModified":"2023-07-13T08:41:29+00:00","mainEntityOfPage":{"@id":"https:\/\/www.catedraemalcsa.com\/gl\/unha-xornada-promovida-pola-catedra-emalcsa-udc-analiza-os-beneficios-que-aportan-os-humidais-construidos-para-a-depuracion-de-augas-residuais-a-pequena-escala\/"},"wordCount":934,"publisher":{"@id":"https:\/\/www.catedraemalcsa.com\/gl\/#organization"},"image":{"@id":"https:\/\/www.catedraemalcsa.com\/gl\/unha-xornada-promovida-pola-catedra-emalcsa-udc-analiza-os-beneficios-que-aportan-os-humidais-construidos-para-a-depuracion-de-augas-residuais-a-pequena-escala\/#primaryimage"},"thumbnailUrl":"https:\/\/www.catedraemalcsa.com\/wp-content\/uploads\/2023\/07\/cullergondorec.jpg","keywords":["A Coru\u00f1a","C\u00e1tedra Emalcsa-UDC","humidais constru\u00eddos","investigaci\u00f3n","Mois\u00e9s Canle","React!"],"articleSection":["Actualidade"],"inLanguage":"gl-ES"},{"@type":"WebPage","@id":"https:\/\/www.catedraemalcsa.com\/gl\/unha-xornada-promovida-pola-catedra-emalcsa-udc-analiza-os-beneficios-que-aportan-os-humidais-construidos-para-a-depuracion-de-augas-residuais-a-pequena-escala\/","url":"https:\/\/www.catedraemalcsa.com\/gl\/unha-xornada-promovida-pola-catedra-emalcsa-udc-analiza-os-beneficios-que-aportan-os-humidais-construidos-para-a-depuracion-de-augas-residuais-a-pequena-escala\/","name":"Unha xornada promovida pola C\u00e1tedra Emalcsa-UDC analiza os beneficios que aportan os humidais constru\u00eddos para a depuraci\u00f3n de augas residuais a pequena escala - C\u00e1tedra Emalcsa - UDC","isPartOf":{"@id":"https:\/\/www.catedraemalcsa.com\/gl\/#website"},"primaryImageOfPage":{"@id":"https:\/\/www.catedraemalcsa.com\/gl\/unha-xornada-promovida-pola-catedra-emalcsa-udc-analiza-os-beneficios-que-aportan-os-humidais-construidos-para-a-depuracion-de-augas-residuais-a-pequena-escala\/#primaryimage"},"image":{"@id":"https:\/\/www.catedraemalcsa.com\/gl\/unha-xornada-promovida-pola-catedra-emalcsa-udc-analiza-os-beneficios-que-aportan-os-humidais-construidos-para-a-depuracion-de-augas-residuais-a-pequena-escala\/#primaryimage"},"thumbnailUrl":"https:\/\/www.catedraemalcsa.com\/wp-content\/uploads\/2023\/07\/cullergondorec.jpg","datePublished":"2023-07-13T08:34:18+00:00","dateModified":"2023-07-13T08:41:29+00:00","breadcrumb":{"@id":"https:\/\/www.catedraemalcsa.com\/gl\/unha-xornada-promovida-pola-catedra-emalcsa-udc-analiza-os-beneficios-que-aportan-os-humidais-construidos-para-a-depuracion-de-augas-residuais-a-pequena-escala\/#breadcrumb"},"inLanguage":"gl-ES","potentialAction":[{"@type":"ReadAction","target":["https:\/\/www.catedraemalcsa.com\/gl\/unha-xornada-promovida-pola-catedra-emalcsa-udc-analiza-os-beneficios-que-aportan-os-humidais-construidos-para-a-depuracion-de-augas-residuais-a-pequena-escala\/"]}]},{"@type":"ImageObject","inLanguage":"gl-ES","@id":"https:\/\/www.catedraemalcsa.com\/gl\/unha-xornada-promovida-pola-catedra-emalcsa-udc-analiza-os-beneficios-que-aportan-os-humidais-construidos-para-a-depuracion-de-augas-residuais-a-pequena-escala\/#primaryimage","url":"https:\/\/www.catedraemalcsa.com\/wp-content\/uploads\/2023\/07\/cullergondorec.jpg","contentUrl":"https:\/\/www.catedraemalcsa.com\/wp-content\/uploads\/2023\/07\/cullergondorec.jpg","width":2000,"height":1136},{"@type":"BreadcrumbList","@id":"https:\/\/www.catedraemalcsa.com\/gl\/unha-xornada-promovida-pola-catedra-emalcsa-udc-analiza-os-beneficios-que-aportan-os-humidais-construidos-para-a-depuracion-de-augas-residuais-a-pequena-escala\/#breadcrumb","itemListElement":[{"@type":"ListItem","position":1,"name":"Portada","item":"https:\/\/www.catedraemalcsa.com\/gl\/"},{"@type":"ListItem","position":2,"name":"Unha xornada promovida pola C\u00e1tedra Emalcsa-UDC analiza os beneficios que aportan os humidais constru\u00eddos para a depuraci\u00f3n de augas residuais a pequena escala"}]},{"@type":"WebSite","@id":"https:\/\/www.catedraemalcsa.com\/gl\/#website","url":"https:\/\/www.catedraemalcsa.com\/gl\/","name":"C\u00e1tedra Emalcsa - UDC","description":"P\u00e1gina web de la C\u00e1tedra Emalcsa - UDC en la que se tratan aspectos relacionados con la gesti\u00f3n integrada del recurso del agua.","publisher":{"@id":"https:\/\/www.catedraemalcsa.com\/gl\/#organization"},"potentialAction":[{"@type":"SearchAction","target":{"@type":"EntryPoint","urlTemplate":"https:\/\/www.catedraemalcsa.com\/gl\/?s={search_term_string}"},"query-input":{"@type":"PropertyValueSpecification","valueRequired":true,"valueName":"search_term_string"}}],"inLanguage":"gl-ES"},{"@type":"Organization","@id":"https:\/\/www.catedraemalcsa.com\/gl\/#organization","name":"C\u00e1tedra Emalcsa - UDC","url":"https:\/\/www.catedraemalcsa.com\/gl\/","logo":{"@type":"ImageObject","inLanguage":"gl-ES","@id":"https:\/\/www.catedraemalcsa.com\/gl\/#\/schema\/logo\/image\/","url":"https:\/\/www.catedraemalcsa.com\/wp-content\/uploads\/2022\/10\/LOGOTIPO-EMALCSA.png","contentUrl":"https:\/\/www.catedraemalcsa.com\/wp-content\/uploads\/2022\/10\/LOGOTIPO-EMALCSA.png","width":600,"height":180,"caption":"C\u00e1tedra Emalcsa - UDC"},"image":{"@id":"https:\/\/www.catedraemalcsa.com\/gl\/#\/schema\/logo\/image\/"},"sameAs":["https:\/\/www.facebook.com\/Ctedra-Emalcsa-Udc-426980904504313\/","https:\/\/x.com\/CatEmalcsaUdc","http:\/\/www.linkedin.com\/in\/catedra-emalcsa-udc"]},{"@type":"Person","@id":"https:\/\/www.catedraemalcsa.com\/gl\/#\/schema\/person\/f401f8a0ff9c15269cdb84365e579cb3","name":"Javier Gund\u00edn V\u00e1zquez","image":{"@type":"ImageObject","inLanguage":"gl-ES","@id":"https:\/\/www.catedraemalcsa.com\/gl\/#\/schema\/person\/image\/","url":"https:\/\/secure.gravatar.com\/avatar\/a3dae680e6d89b897149ce21fd2ce880a5982e620c2ba64ffcc5d497e3ffcdc6?s=96&d=mm&r=g","contentUrl":"https:\/\/secure.gravatar.com\/avatar\/a3dae680e6d89b897149ce21fd2ce880a5982e620c2ba64ffcc5d497e3ffcdc6?s=96&d=mm&r=g","caption":"Javier Gund\u00edn V\u00e1zquez"},"url":"https:\/\/www.catedraemalcsa.com\/gl\/author\/javiergundin\/"}]}},"_links":{"self":[{"href":"https:\/\/www.catedraemalcsa.com\/gl\/wp-json\/wp\/v2\/posts\/25386","targetHints":{"allow":["GET"]}}],"collection":[{"href":"https:\/\/www.catedraemalcsa.com\/gl\/wp-json\/wp\/v2\/posts"}],"about":[{"href":"https:\/\/www.catedraemalcsa.com\/gl\/wp-json\/wp\/v2\/types\/post"}],"author":[{"embeddable":true,"href":"https:\/\/www.catedraemalcsa.com\/gl\/wp-json\/wp\/v2\/users\/13"}],"replies":[{"embeddable":true,"href":"https:\/\/www.catedraemalcsa.com\/gl\/wp-json\/wp\/v2\/comments?post=25386"}],"version-history":[{"count":1,"href":"https:\/\/www.catedraemalcsa.com\/gl\/wp-json\/wp\/v2\/posts\/25386\/revisions"}],"predecessor-version":[{"id":25390,"href":"https:\/\/www.catedraemalcsa.com\/gl\/wp-json\/wp\/v2\/posts\/25386\/revisions\/25390"}],"wp:featuredmedia":[{"embeddable":true,"href":"https:\/\/www.catedraemalcsa.com\/gl\/wp-json\/wp\/v2\/media\/25388"}],"wp:attachment":[{"href":"https:\/\/www.catedraemalcsa.com\/gl\/wp-json\/wp\/v2\/media?parent=25386"}],"wp:term":[{"taxonomy":"category","embeddable":true,"href":"https:\/\/www.catedraemalcsa.com\/gl\/wp-json\/wp\/v2\/categories?post=25386"},{"taxonomy":"post_tag","embeddable":true,"href":"https:\/\/www.catedraemalcsa.com\/gl\/wp-json\/wp\/v2\/tags?post=25386"}],"curies":[{"name":"wp","href":"https:\/\/api.w.org\/{rel}","templated":true}]}}