{"id":25347,"date":"2023-06-15T11:34:11","date_gmt":"2023-06-15T09:34:11","guid":{"rendered":"https:\/\/www.catedraemalcsa.com\/?p=25347"},"modified":"2023-06-15T11:47:09","modified_gmt":"2023-06-15T09:47:09","slug":"a-catedra-emalcsa-udc-esboza-as-suas-linas-de-investigacion-e-actuacions-na-conca-do-mero-barces-na-iv-xornada-mares-circulares","status":"publish","type":"post","link":"https:\/\/www.catedraemalcsa.com\/gl\/a-catedra-emalcsa-udc-esboza-as-suas-linas-de-investigacion-e-actuacions-na-conca-do-mero-barces-na-iv-xornada-mares-circulares\/","title":{"rendered":"A C\u00e1tedra Emalcsa-UDC esboza as s\u00faas li\u00f1as de investigaci\u00f3n e actuaci\u00f3ns na conca do Mero-Barc\u00e9s na IV Xornada Mares Circulares"},"content":{"rendered":"\n<p>O m\u00e9rcores 14 de xu\u00f1o celebrouse no sal\u00f3n de actos da Domus \u2014un ds tres Museos Cient\u00edficos da Coru\u00f1a\u2014 a IV Xornada Cient\u00edfico T\u00e9cnica Mares Circulares. O evento contou coa <strong>participaci\u00f3n activa da C\u00e1tedra Emalcsa-UDC, que colaborou, xunto a <a href=\"https:\/\/www.cocacolaep.com\/es\/\">Coca Cola Europacific Partners<\/a>, na organizaci\u00f3n do acto. Na xornada tam\u00e9n estivo presente Mois\u00e9s Canle, director da C\u00e1tedra, instituci\u00f3n que aportou dous relatores<\/strong>.<\/p>\n\n\n\n<p>Durante a xornada <strong>present\u00e1ronse algunhas das acci\u00f3n que se est\u00e1n a desenvolver no marco do <a href=\"https:\/\/www.cocacolaep.com\/es\/al-dia\/blog-rojo-y-en-botella\/2023\/mares-circulares-cinco-anos-alianzas-para-proteger-nuestros-entornos-acuaticos\/\">proxecto Mares Circulares<\/a> posto en marcha en 2018 por Coca Cola co obxectivo de reducir o impacto negativo que ten a actividade humana nas nosas costas e fomentar a econom\u00eda circular.<\/strong> Neste contexto a C\u00e1tedra Emalcsa-UDC aproveitou a xornada para esbozar as s\u00faas li\u00f1as de investigaci\u00f3n e as actuaci\u00f3ns que est\u00e1 realizando na conca Mero-Barc\u00e9s e no encoro de Cecebre, que te\u00f1en na protecci\u00f3n do medio ambiente e da calidade da auga un dos seis eixos fundamentais, coordinando a investigaci\u00f3n e a transferencia no eido dos sistemas de auga urbana \u2014con todas as s\u00faas implicaci\u00f3ns t\u00e9cnicas, econ\u00f3micas e sociais\u2014 para desenvolver unha estratexia de xesti\u00f3n sostible da auga urbana adaptada e diferenciada no contexto de Galicia.<\/p>\n\n\n\n<p><strong>Ricardo V\u00e1zquez, director de I+D+i de Emalcsa, defendeu a importancia da colaboraci\u00f3n p\u00fablico-privada no \u00e1mbito da xesti\u00f3n de auga urbana.<\/strong> F\u00edxoo a partir do traballo que est\u00e1n a levar a cabo d\u00faas entidades p\u00fablicas coru\u00f1esas. A primeira \u00e9 a empresa supramunicipal <a href=\"https:\/\/edarbens.es\/gl\/\">EDAR Bens S.A.<\/a>, que est\u00e1 a desenvolver un destacado labor na xesti\u00f3n das augas residuais dos concellos da Coru\u00f1a, Arteixo, Oleiros, Culleredo e Cambre. Para este cometido, as\u00ed como para realizar outros proxectos no seu \u00e1mbito de actuaci\u00f3n, adoita contratar servizos doutras empresas, privadas e p\u00fablicas, con moi bos resultados.<\/p>\n\n\n\n<p>A segunda empresa na que se apoiou para explicar o \u00e9xito da colaboraci\u00f3n p\u00fablico-privada foi <a href=\"https:\/\/www.emalcsa.es\/index.php\/es\/\">Emalcsa<\/a>. A empresa municipal de augas coru\u00f1esa, sinalou Ricardo V\u00e1zquez, contrata a mi\u00fado, empresas privadas para realizar traballos de mantemento, asistencia t\u00e9cnica&#8230; Ademais, <strong>o departamento de I+D+i de Emalcsa ten colaborados nos \u00faltimos anos con 56 empresas no desenvolvemento de 13 proxectos, o que o converte nun claro exemplo de colaboraci\u00f3n p\u00fablico-privada<\/strong>.<\/p>\n\n\n\n<h5 id=\"wp-block-themeisle-blocks-advanced-heading-93889b71\" class=\"wp-block-themeisle-blocks-advanced-heading wp-block-themeisle-blocks-advanced-heading-93889b71\">A colaboraci\u00f3n, piar do sistema de traballo da C\u00e1tedra Emalcsa-UDC<\/h5>\n\n\n\n<p>Ricardo V\u00e1zquez rematou o seu relatorio <strong>situando a colaboraci\u00f3n no centro do sistema de traballo que impera na C\u00e1tedra Emalcsa-UDC e consider\u00e1ndoa un piar sobre o que se cimentan as <a href=\"https:\/\/www.catedraemalcsa.com\/plan-ado-agua-plan-ecad-aguala-catedra-emalcsa-udc-investigacion\/\">tres li\u00f1as de investigaci\u00f3n desta: Plan AdO (Agua dende Orixe), Plan ECAD (Excelencia na Calidade da Auga Distribuida) e Aqualab (Mellora Dixital do Sistema Urbano de Augas).<\/a><\/strong> Xa como colof\u00f3n a s\u00faa intervenci\u00f3n referiuse brevemente ao proxecto Coawa posto en marcha recentemente por Emalcsa, coa colaboraci\u00f3n do <a href=\"https:\/\/gnhabitat.org\/\">Grupo Naturalista H\u00e1bitat<\/a> e a <a href=\"https:\/\/www.marinasbetanzos.gal\/\">Reserva da Biosfera Mari\u00f1as Coru\u00f1esas e Terras do Mandeo<\/a>, e cuxo <strong>obxectivo \u00e9 desenvolver programas formativos e de divulgaci\u00f3n sobre auga, persoas e medio ambiente como o concurso de debuxo &#8216;Vida Silvestre do encoro de Cecebre&#8217; ou o programa educativo &#8216;A auga non para&#8217;<\/strong>.<\/p>\n\n\n\n<figure class=\"wp-block-image size-large\"><img fetchpriority=\"high\" decoding=\"async\" width=\"1024\" height=\"588\" src=\"https:\/\/www.catedraemalcsa.com\/wp-content\/uploads\/2023\/06\/ricardo-1024x588.jpg\" alt=\"\" class=\"wp-image-25349\" srcset=\"https:\/\/www.catedraemalcsa.com\/wp-content\/uploads\/2023\/06\/ricardo-1024x588.jpg 1024w, https:\/\/www.catedraemalcsa.com\/wp-content\/uploads\/2023\/06\/ricardo-300x172.jpg 300w, https:\/\/www.catedraemalcsa.com\/wp-content\/uploads\/2023\/06\/ricardo-768x441.jpg 768w, https:\/\/www.catedraemalcsa.com\/wp-content\/uploads\/2023\/06\/ricardo-1536x882.jpg 1536w, https:\/\/www.catedraemalcsa.com\/wp-content\/uploads\/2023\/06\/ricardo-370x212.jpg 370w, https:\/\/www.catedraemalcsa.com\/wp-content\/uploads\/2023\/06\/ricardo-840x482.jpg 840w, https:\/\/www.catedraemalcsa.com\/wp-content\/uploads\/2023\/06\/ricardo-410x235.jpg 410w, https:\/\/www.catedraemalcsa.com\/wp-content\/uploads\/2023\/06\/ricardo.jpg 2048w\" sizes=\"(max-width: 1024px) 100vw, 1024px\" \/><figcaption class=\"wp-element-caption\">Ricardo V\u00e1zquez, director de I+D+i de Emalcsa, durante a s\u00faa intervenci\u00f3n<\/figcaption><\/figure>\n\n\n\n<p>Trala intervenci\u00f3n do director de I+D+i de Emalcsa d\u00e9ronse a co\u00f1ecer diferentes actuaci\u00f3ns centradas na econom\u00eda circular enmarcadas no proxecto mares circulares. As\u00ed, explicaron as s\u00faas iniciativas Luc\u00eda V\u00e1zquez, directora executiva do <a href=\"\">Centro Tecnol\u00f3gico de Investigaci\u00f3n Multisectorial (Cetim)<\/a>; Eduardo Serrano, director xeral de <a href=\"https:\/\/www.e-tepsa.com\/\">Tepsa<\/a>; Carlos Mart\u00ednez, director e fundador de <a href=\"https:\/\/ecoballution.com\/\">Ecoballution<\/a>; Diego V\u00e1zquez, cofundador de <a href=\"https:\/\/newmind.gal\/\">NewMind<\/a>; Antonio Castro, director de proxectos da <a href=\"https:\/\/www.asociacionchelonia.org\/\">Asociaci\u00f3n Chelonia<\/a>; e Rub\u00e9n Rodr\u00edguez, responsable de proxectos en Galicia da <a href=\"https:\/\/vertidoscero.com\/\">Asociaci\u00f3n Vertidos Cero<\/a>.<\/p>\n\n\n\n<p>O seguinte relatorio tivo como protagonista a Jordi Delgado, catedr\u00e1tico de Enxe\u00f1er\u00eda do Terreo da Universidade da Coru\u00f1a, membro do <a href=\"https:\/\/investigacion.udc.es\/es\/Research\/Details\/G000256\">Grupo de Enxe\u00f1er\u00eda da Auga e do Medio Ambiente (Geama)<\/a> e membro do comit\u00e9 cient\u00edfico t\u00e9cnico da C\u00e1tedra Emalcsa-UDC. <strong>Delgado comezou o seu relatorio situando a auga como \u00absustento da sa\u00fade e do benestar humano\u00bb para destacar deseguido a importancia da conca Mero-Barc\u00e9s como piar do abastecemento de agua da Coru\u00f1a e a s\u00faa contorna.<\/strong> Subli\u00f1ou tam\u00e9n que esta conca \u00e9 un activo fundamental e orixe de diferentes servizos ecosist\u00e9micos (econ\u00f3micos como, por exemplo, servir a auga que situou \u00e1 cervexa coru\u00f1esa Estrella Galicia entre as mellores do mundo; culturais como a ETAP de Ca\u00f1\u00e1s, unha xoia do Modernismo e a planta depuradora de auga m\u00e1is antiga de Espa\u00f1a en activo, etc.). Por este motivo, continuou, esta conca \u00abdebe ter unha especial atenci\u00f3n\u00bb. Nesta li\u00f1a referiuse ao proxecto que ten a C\u00e1tedra Emalcsa-UDC para estudar e protexer a conca do Mero-Barc\u00e9s, \u00abun espazo sensible e sustento dunha poboaci\u00f3n moi significativa\u00bb que ronda os 400.000 habitantes. Neste sentido mencionou unha das acci\u00f3ns levadas a cabo para coidar a conca: o proxecto <a href=\"https:\/\/www.lifefluvial.eu\/es\/\">Life Fluvial<\/a>, unha iniciativa que rematou en 2022, na que Emalcsa participou como socio, e que, entre outras cousas, <a href=\"https:\/\/www.catedraemalcsa.com\/el-embalse-de-cecebre-elimina-especies-invasoras-y-restaura-su-bosque-de-ribera-gracias-al-proyecto-life-fluvial\/\">supuxo a eliminaci\u00f3n de especies invasoras e a restauraci\u00f3n do bosque de ribeira.<\/a><\/p>\n\n\n\n<p>Esta visi\u00f3n da C\u00e1tedra centrada no co\u00f1ecemento e a protecci\u00f3n da conca Mero-Barc\u00e9s sustenta unha das li\u00f1as de investigaci\u00f3n da C\u00e1tedra Emalcsa-UDC bautizada como <strong>Plan AdO (Auga dende Orixe) e que coordina o propio Delgado, \u00e1 que se referiu para pechar a s\u00faa intervenci\u00f3n. \u00abTen unha vontade se semente e de catalizador de acci\u00f3ns\u00bb, sinalou para explicar logo que este plan c\u00e9ntrase en co\u00f1ecer a conca e en ter os datos posibles para xestionala ben. \u00abA mellor xesti\u00f3n pasa polo mellor co\u00f1ecemento\u00bb, rematou<\/strong>.<\/p>\n\n\n\n<p>La IV Jornada Cient\u00edfico T\u00e9cnica Mares Circulares finalizou con coloquio no que Ver\u00f3nica Veres (presidenta da Federaci\u00f3n Galega de Redeiras Artes\u00e1ns), Fabi\u00e1n Ben (responsable de proxectos e innovaci\u00f3n da Federaci\u00f3n Nacional de Confrar\u00edas de Pescadores) e Mar\u00eda Montero (xerente da Fundaci\u00f3n Lonxanet), debatieron sobre os problemas que os residuos mari\u00f1os xeneran nos colectivos que viven do mar e as medidas que est\u00e1n a tomar para combatelos.<\/p>\n","protected":false},"excerpt":{"rendered":"<p>O m\u00e9rcores 14 de xu\u00f1o celebrouse no sal\u00f3n de actos da Domus \u2014un ds tres&hellip;<\/p>\n","protected":false},"author":13,"featured_media":25351,"comment_status":"closed","ping_status":"open","sticky":false,"template":"","format":"standard","meta":{"inline_featured_image":false,"_themeisle_gutenberg_block_has_review":false,"footnotes":""},"categories":[284],"tags":[372,370,362,368,366,371,364,365,369,367,363],"class_list":["post-25347","post","type-post","status-publish","format-standard","has-post-thumbnail","hentry","category-actualidade","tag-a-coruna-2","tag-barces","tag-catedra-emalcsa-udc-2","tag-cecebre","tag-domus-2","tag-investigacion","tag-jordi-delgado","tag-mares-circulares-2","tag-mero","tag-moises-canle-2","tag-plan-ado"],"yoast_head":"<!-- This site is optimized with the Yoast SEO plugin v27.5 - https:\/\/yoast.com\/product\/yoast-seo-wordpress\/ -->\n<title>A C\u00e1tedra Emalcsa-UDC esboza as s\u00faas li\u00f1as de investigaci\u00f3n e actuaci\u00f3ns na conca do Mero-Barc\u00e9s na IV Xornada Mares Circulares - C\u00e1tedra Emalcsa - UDC<\/title>\n<meta name=\"robots\" content=\"index, follow, max-snippet:-1, max-image-preview:large, max-video-preview:-1\" \/>\n<link rel=\"canonical\" href=\"https:\/\/www.catedraemalcsa.com\/gl\/a-catedra-emalcsa-udc-esboza-as-suas-linas-de-investigacion-e-actuacions-na-conca-do-mero-barces-na-iv-xornada-mares-circulares\/\" \/>\n<meta property=\"og:locale\" content=\"gl_ES\" \/>\n<meta property=\"og:type\" content=\"article\" \/>\n<meta property=\"og:title\" content=\"A C\u00e1tedra Emalcsa-UDC esboza as s\u00faas li\u00f1as de investigaci\u00f3n e actuaci\u00f3ns na conca do Mero-Barc\u00e9s na IV Xornada Mares Circulares - C\u00e1tedra Emalcsa - UDC\" \/>\n<meta property=\"og:description\" content=\"O m\u00e9rcores 14 de xu\u00f1o celebrouse no sal\u00f3n de actos da Domus \u2014un ds tres&hellip;\" \/>\n<meta property=\"og:url\" content=\"https:\/\/www.catedraemalcsa.com\/gl\/a-catedra-emalcsa-udc-esboza-as-suas-linas-de-investigacion-e-actuacions-na-conca-do-mero-barces-na-iv-xornada-mares-circulares\/\" \/>\n<meta property=\"og:site_name\" content=\"C\u00e1tedra Emalcsa - UDC\" \/>\n<meta property=\"article:publisher\" content=\"https:\/\/www.facebook.com\/Ctedra-Emalcsa-Udc-426980904504313\/\" \/>\n<meta property=\"article:published_time\" content=\"2023-06-15T09:34:11+00:00\" \/>\n<meta property=\"article:modified_time\" content=\"2023-06-15T09:47:09+00:00\" \/>\n<meta property=\"og:image\" content=\"https:\/\/www.catedraemalcsa.com\/wp-content\/uploads\/2023\/05\/portadaweb.jpg\" \/>\n\t<meta property=\"og:image:width\" content=\"1640\" \/>\n\t<meta property=\"og:image:height\" content=\"812\" \/>\n\t<meta property=\"og:image:type\" content=\"image\/jpeg\" \/>\n<meta name=\"author\" content=\"Javier Gund\u00edn V\u00e1zquez\" \/>\n<meta name=\"twitter:card\" content=\"summary_large_image\" \/>\n<meta name=\"twitter:image\" content=\"https:\/\/www.catedraemalcsa.com\/wp-content\/uploads\/2023\/05\/portadaweb.jpg\" \/>\n<meta name=\"twitter:creator\" content=\"@CatEmalcsaUdc\" \/>\n<meta name=\"twitter:site\" content=\"@CatEmalcsaUdc\" \/>\n<meta name=\"twitter:label1\" content=\"Escrito por\" \/>\n\t<meta name=\"twitter:data1\" content=\"Javier Gund\u00edn V\u00e1zquez\" \/>\n\t<meta name=\"twitter:label2\" content=\"Tempo de lectura\" \/>\n\t<meta name=\"twitter:data2\" content=\"5 minutos\" \/>\n<script type=\"application\/ld+json\" class=\"yoast-schema-graph\">{\"@context\":\"https:\\\/\\\/schema.org\",\"@graph\":[{\"@type\":\"Article\",\"@id\":\"https:\\\/\\\/www.catedraemalcsa.com\\\/gl\\\/a-catedra-emalcsa-udc-esboza-as-suas-linas-de-investigacion-e-actuacions-na-conca-do-mero-barces-na-iv-xornada-mares-circulares\\\/#article\",\"isPartOf\":{\"@id\":\"https:\\\/\\\/www.catedraemalcsa.com\\\/gl\\\/a-catedra-emalcsa-udc-esboza-as-suas-linas-de-investigacion-e-actuacions-na-conca-do-mero-barces-na-iv-xornada-mares-circulares\\\/\"},\"author\":{\"name\":\"Javier Gund\u00edn V\u00e1zquez\",\"@id\":\"https:\\\/\\\/www.catedraemalcsa.com\\\/gl\\\/#\\\/schema\\\/person\\\/f401f8a0ff9c15269cdb84365e579cb3\"},\"headline\":\"A C\u00e1tedra Emalcsa-UDC esboza as s\u00faas li\u00f1as de investigaci\u00f3n e actuaci\u00f3ns na conca do Mero-Barc\u00e9s na IV Xornada Mares Circulares\",\"datePublished\":\"2023-06-15T09:34:11+00:00\",\"dateModified\":\"2023-06-15T09:47:09+00:00\",\"mainEntityOfPage\":{\"@id\":\"https:\\\/\\\/www.catedraemalcsa.com\\\/gl\\\/a-catedra-emalcsa-udc-esboza-as-suas-linas-de-investigacion-e-actuacions-na-conca-do-mero-barces-na-iv-xornada-mares-circulares\\\/\"},\"wordCount\":1114,\"publisher\":{\"@id\":\"https:\\\/\\\/www.catedraemalcsa.com\\\/gl\\\/#organization\"},\"image\":{\"@id\":\"https:\\\/\\\/www.catedraemalcsa.com\\\/gl\\\/a-catedra-emalcsa-udc-esboza-as-suas-linas-de-investigacion-e-actuacions-na-conca-do-mero-barces-na-iv-xornada-mares-circulares\\\/#primaryimage\"},\"thumbnailUrl\":\"https:\\\/\\\/www.catedraemalcsa.com\\\/wp-content\\\/uploads\\\/2023\\\/06\\\/jordi.jpg\",\"keywords\":[\"A Coru\u00f1a\",\"Barc\u00e9s\",\"C\u00e1tedra Emalcsa-UDC\",\"Cecebre\",\"Domus\",\"investigaci\u00f3n\",\"Jordi Delgado\",\"Mares Circulares\",\"Mero\",\"Mois\u00e9s Canle\",\"Plan AdO\"],\"articleSection\":[\"Actualidade\"],\"inLanguage\":\"gl-ES\"},{\"@type\":\"WebPage\",\"@id\":\"https:\\\/\\\/www.catedraemalcsa.com\\\/gl\\\/a-catedra-emalcsa-udc-esboza-as-suas-linas-de-investigacion-e-actuacions-na-conca-do-mero-barces-na-iv-xornada-mares-circulares\\\/\",\"url\":\"https:\\\/\\\/www.catedraemalcsa.com\\\/gl\\\/a-catedra-emalcsa-udc-esboza-as-suas-linas-de-investigacion-e-actuacions-na-conca-do-mero-barces-na-iv-xornada-mares-circulares\\\/\",\"name\":\"A C\u00e1tedra Emalcsa-UDC esboza as s\u00faas li\u00f1as de investigaci\u00f3n e actuaci\u00f3ns na conca do Mero-Barc\u00e9s na IV Xornada Mares Circulares - C\u00e1tedra Emalcsa - UDC\",\"isPartOf\":{\"@id\":\"https:\\\/\\\/www.catedraemalcsa.com\\\/gl\\\/#website\"},\"primaryImageOfPage\":{\"@id\":\"https:\\\/\\\/www.catedraemalcsa.com\\\/gl\\\/a-catedra-emalcsa-udc-esboza-as-suas-linas-de-investigacion-e-actuacions-na-conca-do-mero-barces-na-iv-xornada-mares-circulares\\\/#primaryimage\"},\"image\":{\"@id\":\"https:\\\/\\\/www.catedraemalcsa.com\\\/gl\\\/a-catedra-emalcsa-udc-esboza-as-suas-linas-de-investigacion-e-actuacions-na-conca-do-mero-barces-na-iv-xornada-mares-circulares\\\/#primaryimage\"},\"thumbnailUrl\":\"https:\\\/\\\/www.catedraemalcsa.com\\\/wp-content\\\/uploads\\\/2023\\\/06\\\/jordi.jpg\",\"datePublished\":\"2023-06-15T09:34:11+00:00\",\"dateModified\":\"2023-06-15T09:47:09+00:00\",\"breadcrumb\":{\"@id\":\"https:\\\/\\\/www.catedraemalcsa.com\\\/gl\\\/a-catedra-emalcsa-udc-esboza-as-suas-linas-de-investigacion-e-actuacions-na-conca-do-mero-barces-na-iv-xornada-mares-circulares\\\/#breadcrumb\"},\"inLanguage\":\"gl-ES\",\"potentialAction\":[{\"@type\":\"ReadAction\",\"target\":[\"https:\\\/\\\/www.catedraemalcsa.com\\\/gl\\\/a-catedra-emalcsa-udc-esboza-as-suas-linas-de-investigacion-e-actuacions-na-conca-do-mero-barces-na-iv-xornada-mares-circulares\\\/\"]}]},{\"@type\":\"ImageObject\",\"inLanguage\":\"gl-ES\",\"@id\":\"https:\\\/\\\/www.catedraemalcsa.com\\\/gl\\\/a-catedra-emalcsa-udc-esboza-as-suas-linas-de-investigacion-e-actuacions-na-conca-do-mero-barces-na-iv-xornada-mares-circulares\\\/#primaryimage\",\"url\":\"https:\\\/\\\/www.catedraemalcsa.com\\\/wp-content\\\/uploads\\\/2023\\\/06\\\/jordi.jpg\",\"contentUrl\":\"https:\\\/\\\/www.catedraemalcsa.com\\\/wp-content\\\/uploads\\\/2023\\\/06\\\/jordi.jpg\",\"width\":2048,\"height\":1184},{\"@type\":\"BreadcrumbList\",\"@id\":\"https:\\\/\\\/www.catedraemalcsa.com\\\/gl\\\/a-catedra-emalcsa-udc-esboza-as-suas-linas-de-investigacion-e-actuacions-na-conca-do-mero-barces-na-iv-xornada-mares-circulares\\\/#breadcrumb\",\"itemListElement\":[{\"@type\":\"ListItem\",\"position\":1,\"name\":\"Portada\",\"item\":\"https:\\\/\\\/www.catedraemalcsa.com\\\/gl\\\/\"},{\"@type\":\"ListItem\",\"position\":2,\"name\":\"A C\u00e1tedra Emalcsa-UDC esboza as s\u00faas li\u00f1as de investigaci\u00f3n e actuaci\u00f3ns na conca do Mero-Barc\u00e9s na IV Xornada Mares Circulares\"}]},{\"@type\":\"WebSite\",\"@id\":\"https:\\\/\\\/www.catedraemalcsa.com\\\/gl\\\/#website\",\"url\":\"https:\\\/\\\/www.catedraemalcsa.com\\\/gl\\\/\",\"name\":\"C\u00e1tedra Emalcsa - UDC\",\"description\":\"P\u00e1gina web de la C\u00e1tedra Emalcsa - UDC en la que se tratan aspectos relacionados con la gesti\u00f3n integrada del recurso del agua.\",\"publisher\":{\"@id\":\"https:\\\/\\\/www.catedraemalcsa.com\\\/gl\\\/#organization\"},\"potentialAction\":[{\"@type\":\"SearchAction\",\"target\":{\"@type\":\"EntryPoint\",\"urlTemplate\":\"https:\\\/\\\/www.catedraemalcsa.com\\\/gl\\\/?s={search_term_string}\"},\"query-input\":{\"@type\":\"PropertyValueSpecification\",\"valueRequired\":true,\"valueName\":\"search_term_string\"}}],\"inLanguage\":\"gl-ES\"},{\"@type\":\"Organization\",\"@id\":\"https:\\\/\\\/www.catedraemalcsa.com\\\/gl\\\/#organization\",\"name\":\"C\u00e1tedra Emalcsa - UDC\",\"url\":\"https:\\\/\\\/www.catedraemalcsa.com\\\/gl\\\/\",\"logo\":{\"@type\":\"ImageObject\",\"inLanguage\":\"gl-ES\",\"@id\":\"https:\\\/\\\/www.catedraemalcsa.com\\\/gl\\\/#\\\/schema\\\/logo\\\/image\\\/\",\"url\":\"https:\\\/\\\/www.catedraemalcsa.com\\\/wp-content\\\/uploads\\\/2022\\\/10\\\/LOGOTIPO-EMALCSA.png\",\"contentUrl\":\"https:\\\/\\\/www.catedraemalcsa.com\\\/wp-content\\\/uploads\\\/2022\\\/10\\\/LOGOTIPO-EMALCSA.png\",\"width\":600,\"height\":180,\"caption\":\"C\u00e1tedra Emalcsa - UDC\"},\"image\":{\"@id\":\"https:\\\/\\\/www.catedraemalcsa.com\\\/gl\\\/#\\\/schema\\\/logo\\\/image\\\/\"},\"sameAs\":[\"https:\\\/\\\/www.facebook.com\\\/Ctedra-Emalcsa-Udc-426980904504313\\\/\",\"https:\\\/\\\/x.com\\\/CatEmalcsaUdc\",\"http:\\\/\\\/www.linkedin.com\\\/in\\\/catedra-emalcsa-udc\"]},{\"@type\":\"Person\",\"@id\":\"https:\\\/\\\/www.catedraemalcsa.com\\\/gl\\\/#\\\/schema\\\/person\\\/f401f8a0ff9c15269cdb84365e579cb3\",\"name\":\"Javier Gund\u00edn V\u00e1zquez\",\"image\":{\"@type\":\"ImageObject\",\"inLanguage\":\"gl-ES\",\"@id\":\"https:\\\/\\\/secure.gravatar.com\\\/avatar\\\/a3dae680e6d89b897149ce21fd2ce880a5982e620c2ba64ffcc5d497e3ffcdc6?s=96&d=mm&r=g\",\"url\":\"https:\\\/\\\/secure.gravatar.com\\\/avatar\\\/a3dae680e6d89b897149ce21fd2ce880a5982e620c2ba64ffcc5d497e3ffcdc6?s=96&d=mm&r=g\",\"contentUrl\":\"https:\\\/\\\/secure.gravatar.com\\\/avatar\\\/a3dae680e6d89b897149ce21fd2ce880a5982e620c2ba64ffcc5d497e3ffcdc6?s=96&d=mm&r=g\",\"caption\":\"Javier Gund\u00edn V\u00e1zquez\"},\"url\":\"https:\\\/\\\/www.catedraemalcsa.com\\\/gl\\\/author\\\/javiergundin\\\/\"}]}<\/script>\n<!-- \/ Yoast SEO plugin. -->","yoast_head_json":{"title":"A C\u00e1tedra Emalcsa-UDC esboza as s\u00faas li\u00f1as de investigaci\u00f3n e actuaci\u00f3ns na conca do Mero-Barc\u00e9s na IV Xornada Mares Circulares - C\u00e1tedra Emalcsa - UDC","robots":{"index":"index","follow":"follow","max-snippet":"max-snippet:-1","max-image-preview":"max-image-preview:large","max-video-preview":"max-video-preview:-1"},"canonical":"https:\/\/www.catedraemalcsa.com\/gl\/a-catedra-emalcsa-udc-esboza-as-suas-linas-de-investigacion-e-actuacions-na-conca-do-mero-barces-na-iv-xornada-mares-circulares\/","og_locale":"gl_ES","og_type":"article","og_title":"A C\u00e1tedra Emalcsa-UDC esboza as s\u00faas li\u00f1as de investigaci\u00f3n e actuaci\u00f3ns na conca do Mero-Barc\u00e9s na IV Xornada Mares Circulares - C\u00e1tedra Emalcsa - UDC","og_description":"O m\u00e9rcores 14 de xu\u00f1o celebrouse no sal\u00f3n de actos da Domus \u2014un ds tres&hellip;","og_url":"https:\/\/www.catedraemalcsa.com\/gl\/a-catedra-emalcsa-udc-esboza-as-suas-linas-de-investigacion-e-actuacions-na-conca-do-mero-barces-na-iv-xornada-mares-circulares\/","og_site_name":"C\u00e1tedra Emalcsa - UDC","article_publisher":"https:\/\/www.facebook.com\/Ctedra-Emalcsa-Udc-426980904504313\/","article_published_time":"2023-06-15T09:34:11+00:00","article_modified_time":"2023-06-15T09:47:09+00:00","og_image":[{"width":1640,"height":812,"url":"https:\/\/www.catedraemalcsa.com\/wp-content\/uploads\/2023\/05\/portadaweb.jpg","type":"image\/jpeg"}],"author":"Javier Gund\u00edn V\u00e1zquez","twitter_card":"summary_large_image","twitter_image":"https:\/\/www.catedraemalcsa.com\/wp-content\/uploads\/2023\/05\/portadaweb.jpg","twitter_creator":"@CatEmalcsaUdc","twitter_site":"@CatEmalcsaUdc","twitter_misc":{"Escrito por":"Javier Gund\u00edn V\u00e1zquez","Tempo de lectura":"5 minutos"},"schema":{"@context":"https:\/\/schema.org","@graph":[{"@type":"Article","@id":"https:\/\/www.catedraemalcsa.com\/gl\/a-catedra-emalcsa-udc-esboza-as-suas-linas-de-investigacion-e-actuacions-na-conca-do-mero-barces-na-iv-xornada-mares-circulares\/#article","isPartOf":{"@id":"https:\/\/www.catedraemalcsa.com\/gl\/a-catedra-emalcsa-udc-esboza-as-suas-linas-de-investigacion-e-actuacions-na-conca-do-mero-barces-na-iv-xornada-mares-circulares\/"},"author":{"name":"Javier Gund\u00edn V\u00e1zquez","@id":"https:\/\/www.catedraemalcsa.com\/gl\/#\/schema\/person\/f401f8a0ff9c15269cdb84365e579cb3"},"headline":"A C\u00e1tedra Emalcsa-UDC esboza as s\u00faas li\u00f1as de investigaci\u00f3n e actuaci\u00f3ns na conca do Mero-Barc\u00e9s na IV Xornada Mares Circulares","datePublished":"2023-06-15T09:34:11+00:00","dateModified":"2023-06-15T09:47:09+00:00","mainEntityOfPage":{"@id":"https:\/\/www.catedraemalcsa.com\/gl\/a-catedra-emalcsa-udc-esboza-as-suas-linas-de-investigacion-e-actuacions-na-conca-do-mero-barces-na-iv-xornada-mares-circulares\/"},"wordCount":1114,"publisher":{"@id":"https:\/\/www.catedraemalcsa.com\/gl\/#organization"},"image":{"@id":"https:\/\/www.catedraemalcsa.com\/gl\/a-catedra-emalcsa-udc-esboza-as-suas-linas-de-investigacion-e-actuacions-na-conca-do-mero-barces-na-iv-xornada-mares-circulares\/#primaryimage"},"thumbnailUrl":"https:\/\/www.catedraemalcsa.com\/wp-content\/uploads\/2023\/06\/jordi.jpg","keywords":["A Coru\u00f1a","Barc\u00e9s","C\u00e1tedra Emalcsa-UDC","Cecebre","Domus","investigaci\u00f3n","Jordi Delgado","Mares Circulares","Mero","Mois\u00e9s Canle","Plan AdO"],"articleSection":["Actualidade"],"inLanguage":"gl-ES"},{"@type":"WebPage","@id":"https:\/\/www.catedraemalcsa.com\/gl\/a-catedra-emalcsa-udc-esboza-as-suas-linas-de-investigacion-e-actuacions-na-conca-do-mero-barces-na-iv-xornada-mares-circulares\/","url":"https:\/\/www.catedraemalcsa.com\/gl\/a-catedra-emalcsa-udc-esboza-as-suas-linas-de-investigacion-e-actuacions-na-conca-do-mero-barces-na-iv-xornada-mares-circulares\/","name":"A C\u00e1tedra Emalcsa-UDC esboza as s\u00faas li\u00f1as de investigaci\u00f3n e actuaci\u00f3ns na conca do Mero-Barc\u00e9s na IV Xornada Mares Circulares - C\u00e1tedra Emalcsa - UDC","isPartOf":{"@id":"https:\/\/www.catedraemalcsa.com\/gl\/#website"},"primaryImageOfPage":{"@id":"https:\/\/www.catedraemalcsa.com\/gl\/a-catedra-emalcsa-udc-esboza-as-suas-linas-de-investigacion-e-actuacions-na-conca-do-mero-barces-na-iv-xornada-mares-circulares\/#primaryimage"},"image":{"@id":"https:\/\/www.catedraemalcsa.com\/gl\/a-catedra-emalcsa-udc-esboza-as-suas-linas-de-investigacion-e-actuacions-na-conca-do-mero-barces-na-iv-xornada-mares-circulares\/#primaryimage"},"thumbnailUrl":"https:\/\/www.catedraemalcsa.com\/wp-content\/uploads\/2023\/06\/jordi.jpg","datePublished":"2023-06-15T09:34:11+00:00","dateModified":"2023-06-15T09:47:09+00:00","breadcrumb":{"@id":"https:\/\/www.catedraemalcsa.com\/gl\/a-catedra-emalcsa-udc-esboza-as-suas-linas-de-investigacion-e-actuacions-na-conca-do-mero-barces-na-iv-xornada-mares-circulares\/#breadcrumb"},"inLanguage":"gl-ES","potentialAction":[{"@type":"ReadAction","target":["https:\/\/www.catedraemalcsa.com\/gl\/a-catedra-emalcsa-udc-esboza-as-suas-linas-de-investigacion-e-actuacions-na-conca-do-mero-barces-na-iv-xornada-mares-circulares\/"]}]},{"@type":"ImageObject","inLanguage":"gl-ES","@id":"https:\/\/www.catedraemalcsa.com\/gl\/a-catedra-emalcsa-udc-esboza-as-suas-linas-de-investigacion-e-actuacions-na-conca-do-mero-barces-na-iv-xornada-mares-circulares\/#primaryimage","url":"https:\/\/www.catedraemalcsa.com\/wp-content\/uploads\/2023\/06\/jordi.jpg","contentUrl":"https:\/\/www.catedraemalcsa.com\/wp-content\/uploads\/2023\/06\/jordi.jpg","width":2048,"height":1184},{"@type":"BreadcrumbList","@id":"https:\/\/www.catedraemalcsa.com\/gl\/a-catedra-emalcsa-udc-esboza-as-suas-linas-de-investigacion-e-actuacions-na-conca-do-mero-barces-na-iv-xornada-mares-circulares\/#breadcrumb","itemListElement":[{"@type":"ListItem","position":1,"name":"Portada","item":"https:\/\/www.catedraemalcsa.com\/gl\/"},{"@type":"ListItem","position":2,"name":"A C\u00e1tedra Emalcsa-UDC esboza as s\u00faas li\u00f1as de investigaci\u00f3n e actuaci\u00f3ns na conca do Mero-Barc\u00e9s na IV Xornada Mares Circulares"}]},{"@type":"WebSite","@id":"https:\/\/www.catedraemalcsa.com\/gl\/#website","url":"https:\/\/www.catedraemalcsa.com\/gl\/","name":"C\u00e1tedra Emalcsa - UDC","description":"P\u00e1gina web de la C\u00e1tedra Emalcsa - UDC en la que se tratan aspectos relacionados con la gesti\u00f3n integrada del recurso del agua.","publisher":{"@id":"https:\/\/www.catedraemalcsa.com\/gl\/#organization"},"potentialAction":[{"@type":"SearchAction","target":{"@type":"EntryPoint","urlTemplate":"https:\/\/www.catedraemalcsa.com\/gl\/?s={search_term_string}"},"query-input":{"@type":"PropertyValueSpecification","valueRequired":true,"valueName":"search_term_string"}}],"inLanguage":"gl-ES"},{"@type":"Organization","@id":"https:\/\/www.catedraemalcsa.com\/gl\/#organization","name":"C\u00e1tedra Emalcsa - UDC","url":"https:\/\/www.catedraemalcsa.com\/gl\/","logo":{"@type":"ImageObject","inLanguage":"gl-ES","@id":"https:\/\/www.catedraemalcsa.com\/gl\/#\/schema\/logo\/image\/","url":"https:\/\/www.catedraemalcsa.com\/wp-content\/uploads\/2022\/10\/LOGOTIPO-EMALCSA.png","contentUrl":"https:\/\/www.catedraemalcsa.com\/wp-content\/uploads\/2022\/10\/LOGOTIPO-EMALCSA.png","width":600,"height":180,"caption":"C\u00e1tedra Emalcsa - UDC"},"image":{"@id":"https:\/\/www.catedraemalcsa.com\/gl\/#\/schema\/logo\/image\/"},"sameAs":["https:\/\/www.facebook.com\/Ctedra-Emalcsa-Udc-426980904504313\/","https:\/\/x.com\/CatEmalcsaUdc","http:\/\/www.linkedin.com\/in\/catedra-emalcsa-udc"]},{"@type":"Person","@id":"https:\/\/www.catedraemalcsa.com\/gl\/#\/schema\/person\/f401f8a0ff9c15269cdb84365e579cb3","name":"Javier Gund\u00edn V\u00e1zquez","image":{"@type":"ImageObject","inLanguage":"gl-ES","@id":"https:\/\/secure.gravatar.com\/avatar\/a3dae680e6d89b897149ce21fd2ce880a5982e620c2ba64ffcc5d497e3ffcdc6?s=96&d=mm&r=g","url":"https:\/\/secure.gravatar.com\/avatar\/a3dae680e6d89b897149ce21fd2ce880a5982e620c2ba64ffcc5d497e3ffcdc6?s=96&d=mm&r=g","contentUrl":"https:\/\/secure.gravatar.com\/avatar\/a3dae680e6d89b897149ce21fd2ce880a5982e620c2ba64ffcc5d497e3ffcdc6?s=96&d=mm&r=g","caption":"Javier Gund\u00edn V\u00e1zquez"},"url":"https:\/\/www.catedraemalcsa.com\/gl\/author\/javiergundin\/"}]}},"_links":{"self":[{"href":"https:\/\/www.catedraemalcsa.com\/gl\/wp-json\/wp\/v2\/posts\/25347","targetHints":{"allow":["GET"]}}],"collection":[{"href":"https:\/\/www.catedraemalcsa.com\/gl\/wp-json\/wp\/v2\/posts"}],"about":[{"href":"https:\/\/www.catedraemalcsa.com\/gl\/wp-json\/wp\/v2\/types\/post"}],"author":[{"embeddable":true,"href":"https:\/\/www.catedraemalcsa.com\/gl\/wp-json\/wp\/v2\/users\/13"}],"replies":[{"embeddable":true,"href":"https:\/\/www.catedraemalcsa.com\/gl\/wp-json\/wp\/v2\/comments?post=25347"}],"version-history":[{"count":1,"href":"https:\/\/www.catedraemalcsa.com\/gl\/wp-json\/wp\/v2\/posts\/25347\/revisions"}],"predecessor-version":[{"id":25355,"href":"https:\/\/www.catedraemalcsa.com\/gl\/wp-json\/wp\/v2\/posts\/25347\/revisions\/25355"}],"wp:featuredmedia":[{"embeddable":true,"href":"https:\/\/www.catedraemalcsa.com\/gl\/wp-json\/wp\/v2\/media\/25351"}],"wp:attachment":[{"href":"https:\/\/www.catedraemalcsa.com\/gl\/wp-json\/wp\/v2\/media?parent=25347"}],"wp:term":[{"taxonomy":"category","embeddable":true,"href":"https:\/\/www.catedraemalcsa.com\/gl\/wp-json\/wp\/v2\/categories?post=25347"},{"taxonomy":"post_tag","embeddable":true,"href":"https:\/\/www.catedraemalcsa.com\/gl\/wp-json\/wp\/v2\/tags?post=25347"}],"curies":[{"name":"wp","href":"https:\/\/api.w.org\/{rel}","templated":true}]}}