{"id":24764,"date":"2023-03-22T09:05:04","date_gmt":"2023-03-22T08:05:04","guid":{"rendered":"https:\/\/www.catedraemalcsa.com\/?p=24764"},"modified":"2023-03-22T09:05:28","modified_gmt":"2023-03-22T08:05:28","slug":"ricardo-garcia-mira-catedratico-de-psicologia-social-de-la-udc-analiza-las-claves-de-la-gestion-del-agua-ante-el-cambio-climatico-en-un-articulo-que-publicamos-con-motivo-del-dia-mundial-del-agua-2023","status":"publish","type":"post","link":"https:\/\/www.catedraemalcsa.com\/gl\/ricardo-garcia-mira-catedratico-de-psicologia-social-de-la-udc-analiza-las-claves-de-la-gestion-del-agua-ante-el-cambio-climatico-en-un-articulo-que-publicamos-con-motivo-del-dia-mundial-del-agua-2023\/","title":{"rendered":"Ricardo Garc\u00eda Mira, catedr\u00e1tico de Psicolox\u00eda Social da UDC, analiza as claves da xesti\u00f3n da auga ante o cambio clim\u00e1tico nun artigo que publicamos co gallo do D\u00eda Mundial da Auga 2023"},"content":{"rendered":"\n<p>Este mi\u00e9rcoles 22 de marzo se celebra el D\u00eda Mundial del Agua. Este 2023 tiene como lema \u2018Acelerar el Cambio\u2019 para poner el foco en la necesidad de incrementar la implicaci\u00f3n de administraciones, empresas y ciudadanos en la resoluci\u00f3n de la crisis del agua y el saneamiento. El agua nos afecta a todos y todos debemos tomar medidas para alcanzar el Objetivo de Desarrollo Sostenible 6: agua y saneamiento, un objetivo de cuyo cumplimiento todav\u00eda estamos lejos.<\/p>\n\n\n\n<p>Con motivo de esta efem\u00e9ride publicamos un art\u00edculo del catedr\u00e1tico de Psicolog\u00eda Social de la Universidad de A Coru\u00f1a, Ricardo Garc\u00eda Mira.<\/p>\n\n\n\n<blockquote class=\"wp-block-quote trx_addons_blockquote_style_1 is-layout-flow wp-block-quote-is-layout-flow\">\n<h3 class=\"has-text-align-center wp-block-heading\"><em>El agua ante el cambio clim\u00e1tico<\/em><\/h3>\n\n\n\n<h5 class=\"has-text-align-center wp-block-heading\">Ricardo Garc\u00eda Mira<\/h5>\n\n\n\n<h5 class=\"has-text-align-center wp-block-heading\">Catedr\u00e1tico de Psicolog\u00eda Social de la Universidade da Coru\u00f1a<\/h5>\n\n\n\n<p><strong>El marco normativo y el cumplimiento de la legislaci\u00f3n<\/strong><\/p>\n\n\n\n<p>Hablar hoy de agua es hablar de pol\u00edtica del agua, pues el uso actual del agua en nuestro pa\u00eds requiere continua regulaci\u00f3n y adaptaci\u00f3n, si tenemos en cuenta la progresiva desertizaci\u00f3n y reducci\u00f3n del caudal en las cuencas, adem\u00e1s de otros problemas que han sido presentados por el Ministerio de Transici\u00f3n Ecol\u00f3gica en un reciente Consejo de Ministros celebrado a principios de a\u00f1o. Este marco regulatorio debe tratar siempre de equilibrar las actuaciones humanas en consonancia y el cumplimiento de la legislaci\u00f3n europea y nacional sobre el agua y el desarrollo y mantenimiento responsable de las econom\u00edas que dependen del agua. En definitiva, que mantenga una coherencia con los retos que hoy plantea el cambio clim\u00e1tico, y que suponga un ejercicio de responsabilidad compartida no solo entre Estado y Comunidades Aut\u00f3nomas, sino entre organizaciones de la sociedad civil y la ciudadan\u00eda, anticip\u00e1ndose al dise\u00f1o de futuras normas que permitan disminuir la exposici\u00f3n y la vulnerabilidad de los impactos m\u00e1s negativos.<\/p>\n\n\n\n<p><strong>Involucrar a la gente y cambiar la gobernanza<\/strong><\/p>\n\n\n\n<p>Involucrar a la gente en la protecci\u00f3n y en la gesti\u00f3n responsable de los recursos acu\u00edferos de que disponemos significa que las normas deben generarse con la participaci\u00f3n de la sociedad. Una idea que destaca el Libro Verde sobre el Agua. Aunque la participaci\u00f3n ya est\u00e1 presente en muchos procesos, no obstante, es necesario ir algo m\u00e1s all\u00e1. Adem\u00e1s de normas, disposiciones y reglamentos, hace falta m\u00e1s conocimiento, tanto a nivel general como en cada cuenca hidrogr\u00e1fica o en cada contexto rural o urbano, que permita garantizar un adecuado soporte a la toma de decisiones, y la permeabilidad de las normas entre la gente a trav\u00e9s de su participaci\u00f3n activa, a trav\u00e9s de un enfoque de coproducci\u00f3n de conocimiento.<\/p>\n\n\n\n<blockquote class=\"wp-block-quote is-layout-flow wp-block-quote-is-layout-flow\">\n<p><strong><em>Involucrar a la gente en la protecci\u00f3n y en la gesti\u00f3n responsable de los recursos acu\u00edferos de que disponemos significa que las normas deben generarse con la participaci\u00f3n de la sociedad. Una idea que destaca el Libro Verde sobre el Agua<\/em><\/strong><\/p>\n<\/blockquote>\n\n\n\n<p>Este planteamiento de cambio en los procesos de gobernanza debe motivarse en el hecho de que la gesti\u00f3n del agua necesita incorporar una mayor digitalizaci\u00f3n, m\u00e1s datos por lo tanto, m\u00e1s visiones, m\u00e1s estrategias surgidas del consenso. La coproducci\u00f3n de conocimiento es un ejemplo que plantea un intercambio de conocimiento para poder producir las visiones de la Comunidad respecto a la activaci\u00f3n de cambios reales en el comportamiento y en la gesti\u00f3n de los recursos que, como el agua, son escasos. Abrir un intercambio como proceso por el que se crea el conocimiento a partir de las interacciones entre cient\u00edficos, pol\u00edticos y organizaciones de la sociedad civil ser\u00eda el objetivo principal.<\/p>\n\n\n\n<p>Una metodolog\u00eda de coproducci\u00f3n de conocimiento en relaci\u00f3n con la gesti\u00f3n del agua implica gestionar las presiones y los desaf\u00edos que conlleva la planificaci\u00f3n de la demanda. Implica responder con soluciones que aprovechen las infraestructuras existentes, que garanticen el suministro de agua a la agricultura, al turismo y a la industria y, al mismo tiempo, que proporcionen certidumbre al abastecimiento, en especial en zonas de sequ\u00eda continuada, mucho m\u00e1s sensibles a los impactos m\u00e1s negativos. Estas soluciones precisan de intervenciones especializadas basadas en la gesti\u00f3n de recursos naturales para las que tanto la ONU como la UE vienen impulsando estrategias de implementaci\u00f3n.<\/p>\n\n\n\n<p><strong>La priorizaci\u00f3n del cambio clim\u00e1tico<\/strong><\/p>\n\n\n\n<p>El cambio clim\u00e1tico debe ser priorizado en todas las decisiones de adaptaci\u00f3n. No hay m\u00e1s justificaci\u00f3n que la de garantizar la resiliencia de cuencas y regiones, de cara a consolidar una transici\u00f3n justa hacia la sostenibilidad en todo el pa\u00eds. Todas las actuaciones en procedimientos de infracci\u00f3n por contaminaci\u00f3n o por vulneraci\u00f3n del marco normativo bienvenidas sean. Es necesario garantizar un modelo de gesti\u00f3n sostenible del agua en su ciclo integral, y fomentar el ahorro, la eficiencia y la transparencia como elementos b\u00e1sicos.<\/p>\n\n\n\n<blockquote class=\"wp-block-quote is-layout-flow wp-block-quote-is-layout-flow\">\n<p><strong><em>El cambio clim\u00e1tico debe ser priorizado en todas las decisiones de daptaci\u00f3n. Es necesario garantizar un modelo de gesti\u00f3n sostenible del agua en su ciclo integral, y fomentar el ahorro, la eficiencia y la transparencia como elementos b\u00e1sicos<\/em><\/strong><\/p>\n<\/blockquote>\n\n\n\n<p>El desaf\u00edo clim\u00e1tico no es algo que ocurre ah\u00ed afuera, elevando la temperatura de la tierra, sin m\u00e1s, sobre lo que no podamos hacer nada. El cambio clim\u00e1tico tiene un claro origen antropog\u00e9nico, y es algo que tambi\u00e9n ocurre aqu\u00ed y ahora, y nos involucra a todos, provocando lo que cada a\u00f1o es m\u00e1s frecuente observar entre sus impactos a lo largo de todo el pa\u00eds: inundaciones, sequ\u00edas, cambios en los ciclos del agua\u2026 en muchas Comunidades Aut\u00f3nomas. Todo ello con los consecuentes da\u00f1os no s\u00f3lo en la naturaleza, sino tambi\u00e9n en las econom\u00edas locales sobre las que hemos construido nuestros estilos de vida. En este sentido, la adaptaci\u00f3n al cambio clim\u00e1tico requiere tambi\u00e9n dar una respuesta en forma de implementar un modelo de gesti\u00f3n del riesgo, si consideramos que casi tres millones de personas viven en zonas inundables de mayor riesgo.<\/p>\n\n\n\n<p>Dar una respuesta al cambio clim\u00e1tico es tambi\u00e9n garantizar el agua para un desarrollo social y econ\u00f3mico, con un modelo responsable de actuaci\u00f3n. En este sentido, no debemos olvidarnos de la lucha contra la contaminaci\u00f3n difusa (nitratos y pesticidas) o de los contaminantes emergentes (micropl\u00e1sticos y antibi\u00f3ticos). Por \u00faltimo, es tambi\u00e9n proponer soluciones que abastezcan de agua, especialmente en zonas con sequ\u00edas prolongadas, agravadas hoy por el efecto del cambio clim\u00e1tico. Se trata de innovar con intervenciones basadas en naturaleza (Nature Based Solutions) como as\u00ed lo ha asumido entre sus prioridades la UE, tanto en su estrategia econ\u00f3mica, ambiental, industrial y de investigaci\u00f3n e innovaci\u00f3n.<\/p>\n<\/blockquote>\n\n\n\n<p>*La C\u00e1tedra Emalcsa no se identifica necesariamente con las visiones expuestas por los autores de los art\u00edculos que publica. Nuestra intenci\u00f3n es ser un medio para la difusi\u00f3n, el di\u00e1logo, el debate y el avance en el conocimiento.<\/p>\n","protected":false},"excerpt":{"rendered":"<p>Este mi\u00e9rcoles 22 de marzo se celebra el D\u00eda Mundial del Agua. Este 2023 tiene&hellip;<\/p>\n","protected":false},"author":2,"featured_media":24767,"comment_status":"closed","ping_status":"open","sticky":false,"template":"","format":"standard","meta":{"inline_featured_image":false,"_themeisle_gutenberg_block_has_review":false,"footnotes":""},"categories":[289],"tags":[],"class_list":["post-24764","post","type-post","status-publish","format-standard","has-post-thumbnail","hentry","category-opinion-gl"],"yoast_head":"<!-- This site is optimized with the Yoast SEO plugin v27.5 - https:\/\/yoast.com\/product\/yoast-seo-wordpress\/ -->\n<title>Ricardo Garc\u00eda Mira, catedr\u00e1tico de Psicolox\u00eda Social da UDC, analiza as claves da xesti\u00f3n da auga ante o cambio clim\u00e1tico nun artigo que publicamos co gallo do D\u00eda Mundial da Auga 2023 - C\u00e1tedra Emalcsa - UDC<\/title>\n<meta name=\"robots\" content=\"index, follow, max-snippet:-1, max-image-preview:large, max-video-preview:-1\" \/>\n<link rel=\"canonical\" href=\"https:\/\/www.catedraemalcsa.com\/gl\/ricardo-garcia-mira-catedratico-de-psicologia-social-de-la-udc-analiza-las-claves-de-la-gestion-del-agua-ante-el-cambio-climatico-en-un-articulo-que-publicamos-con-motivo-del-dia-mundial-del-agua-2023\/\" \/>\n<meta property=\"og:locale\" content=\"gl_ES\" \/>\n<meta property=\"og:type\" content=\"article\" \/>\n<meta property=\"og:title\" content=\"Ricardo Garc\u00eda Mira, catedr\u00e1tico de Psicolox\u00eda Social da UDC, analiza as claves da xesti\u00f3n da auga ante o cambio clim\u00e1tico nun artigo que publicamos co gallo do D\u00eda Mundial da Auga 2023 - C\u00e1tedra Emalcsa - UDC\" \/>\n<meta property=\"og:description\" content=\"Este mi\u00e9rcoles 22 de marzo se celebra el D\u00eda Mundial del Agua. Este 2023 tiene&hellip;\" \/>\n<meta property=\"og:url\" content=\"https:\/\/www.catedraemalcsa.com\/gl\/ricardo-garcia-mira-catedratico-de-psicologia-social-de-la-udc-analiza-las-claves-de-la-gestion-del-agua-ante-el-cambio-climatico-en-un-articulo-que-publicamos-con-motivo-del-dia-mundial-del-agua-2023\/\" \/>\n<meta property=\"og:site_name\" content=\"C\u00e1tedra Emalcsa - UDC\" \/>\n<meta property=\"article:publisher\" content=\"https:\/\/www.facebook.com\/Ctedra-Emalcsa-Udc-426980904504313\/\" \/>\n<meta property=\"article:published_time\" content=\"2023-03-22T08:05:04+00:00\" \/>\n<meta property=\"article:modified_time\" content=\"2023-03-22T08:05:28+00:00\" \/>\n<meta property=\"og:image\" content=\"https:\/\/www.catedraemalcsa.com\/wp-content\/uploads\/2023\/03\/WWD-2023-thematic-logos_SPA-01.png\" \/>\n\t<meta property=\"og:image:width\" content=\"1661\" \/>\n\t<meta property=\"og:image:height\" content=\"1072\" \/>\n\t<meta property=\"og:image:type\" content=\"image\/png\" \/>\n<meta name=\"author\" content=\"webmaster\" \/>\n<meta name=\"twitter:card\" content=\"summary_large_image\" \/>\n<meta name=\"twitter:creator\" content=\"@CatEmalcsaUdc\" \/>\n<meta name=\"twitter:site\" content=\"@CatEmalcsaUdc\" \/>\n<meta name=\"twitter:label1\" content=\"Escrito por\" \/>\n\t<meta name=\"twitter:data1\" content=\"webmaster\" \/>\n\t<meta name=\"twitter:label2\" content=\"Tempo de lectura\" \/>\n\t<meta name=\"twitter:data2\" content=\"5 minutos\" \/>\n<script type=\"application\/ld+json\" class=\"yoast-schema-graph\">{\"@context\":\"https:\\\/\\\/schema.org\",\"@graph\":[{\"@type\":\"Article\",\"@id\":\"https:\\\/\\\/www.catedraemalcsa.com\\\/gl\\\/ricardo-garcia-mira-catedratico-de-psicologia-social-de-la-udc-analiza-las-claves-de-la-gestion-del-agua-ante-el-cambio-climatico-en-un-articulo-que-publicamos-con-motivo-del-dia-mundial-del-agua-2023\\\/#article\",\"isPartOf\":{\"@id\":\"https:\\\/\\\/www.catedraemalcsa.com\\\/gl\\\/ricardo-garcia-mira-catedratico-de-psicologia-social-de-la-udc-analiza-las-claves-de-la-gestion-del-agua-ante-el-cambio-climatico-en-un-articulo-que-publicamos-con-motivo-del-dia-mundial-del-agua-2023\\\/\"},\"author\":{\"name\":\"webmaster\",\"@id\":\"https:\\\/\\\/www.catedraemalcsa.com\\\/gl\\\/#\\\/schema\\\/person\\\/3c568b561ed3eb988caa3c76126df522\"},\"headline\":\"Ricardo Garc\u00eda Mira, catedr\u00e1tico de Psicolox\u00eda Social da UDC, analiza as claves da xesti\u00f3n da auga ante o cambio clim\u00e1tico nun artigo que publicamos co gallo do D\u00eda Mundial da Auga 2023\",\"datePublished\":\"2023-03-22T08:05:04+00:00\",\"dateModified\":\"2023-03-22T08:05:28+00:00\",\"mainEntityOfPage\":{\"@id\":\"https:\\\/\\\/www.catedraemalcsa.com\\\/gl\\\/ricardo-garcia-mira-catedratico-de-psicologia-social-de-la-udc-analiza-las-claves-de-la-gestion-del-agua-ante-el-cambio-climatico-en-un-articulo-que-publicamos-con-motivo-del-dia-mundial-del-agua-2023\\\/\"},\"wordCount\":1241,\"publisher\":{\"@id\":\"https:\\\/\\\/www.catedraemalcsa.com\\\/gl\\\/#organization\"},\"image\":{\"@id\":\"https:\\\/\\\/www.catedraemalcsa.com\\\/gl\\\/ricardo-garcia-mira-catedratico-de-psicologia-social-de-la-udc-analiza-las-claves-de-la-gestion-del-agua-ante-el-cambio-climatico-en-un-articulo-que-publicamos-con-motivo-del-dia-mundial-del-agua-2023\\\/#primaryimage\"},\"thumbnailUrl\":\"https:\\\/\\\/www.catedraemalcsa.com\\\/wp-content\\\/uploads\\\/2023\\\/03\\\/WWD-2023-thematic-logos_SPA-01.png\",\"articleSection\":[\"Opini\u00f3n\"],\"inLanguage\":\"gl-ES\"},{\"@type\":\"WebPage\",\"@id\":\"https:\\\/\\\/www.catedraemalcsa.com\\\/gl\\\/ricardo-garcia-mira-catedratico-de-psicologia-social-de-la-udc-analiza-las-claves-de-la-gestion-del-agua-ante-el-cambio-climatico-en-un-articulo-que-publicamos-con-motivo-del-dia-mundial-del-agua-2023\\\/\",\"url\":\"https:\\\/\\\/www.catedraemalcsa.com\\\/gl\\\/ricardo-garcia-mira-catedratico-de-psicologia-social-de-la-udc-analiza-las-claves-de-la-gestion-del-agua-ante-el-cambio-climatico-en-un-articulo-que-publicamos-con-motivo-del-dia-mundial-del-agua-2023\\\/\",\"name\":\"Ricardo Garc\u00eda Mira, catedr\u00e1tico de Psicolox\u00eda Social da UDC, analiza as claves da xesti\u00f3n da auga ante o cambio clim\u00e1tico nun artigo que publicamos co gallo do D\u00eda Mundial da Auga 2023 - C\u00e1tedra Emalcsa - UDC\",\"isPartOf\":{\"@id\":\"https:\\\/\\\/www.catedraemalcsa.com\\\/gl\\\/#website\"},\"primaryImageOfPage\":{\"@id\":\"https:\\\/\\\/www.catedraemalcsa.com\\\/gl\\\/ricardo-garcia-mira-catedratico-de-psicologia-social-de-la-udc-analiza-las-claves-de-la-gestion-del-agua-ante-el-cambio-climatico-en-un-articulo-que-publicamos-con-motivo-del-dia-mundial-del-agua-2023\\\/#primaryimage\"},\"image\":{\"@id\":\"https:\\\/\\\/www.catedraemalcsa.com\\\/gl\\\/ricardo-garcia-mira-catedratico-de-psicologia-social-de-la-udc-analiza-las-claves-de-la-gestion-del-agua-ante-el-cambio-climatico-en-un-articulo-que-publicamos-con-motivo-del-dia-mundial-del-agua-2023\\\/#primaryimage\"},\"thumbnailUrl\":\"https:\\\/\\\/www.catedraemalcsa.com\\\/wp-content\\\/uploads\\\/2023\\\/03\\\/WWD-2023-thematic-logos_SPA-01.png\",\"datePublished\":\"2023-03-22T08:05:04+00:00\",\"dateModified\":\"2023-03-22T08:05:28+00:00\",\"breadcrumb\":{\"@id\":\"https:\\\/\\\/www.catedraemalcsa.com\\\/gl\\\/ricardo-garcia-mira-catedratico-de-psicologia-social-de-la-udc-analiza-las-claves-de-la-gestion-del-agua-ante-el-cambio-climatico-en-un-articulo-que-publicamos-con-motivo-del-dia-mundial-del-agua-2023\\\/#breadcrumb\"},\"inLanguage\":\"gl-ES\",\"potentialAction\":[{\"@type\":\"ReadAction\",\"target\":[\"https:\\\/\\\/www.catedraemalcsa.com\\\/gl\\\/ricardo-garcia-mira-catedratico-de-psicologia-social-de-la-udc-analiza-las-claves-de-la-gestion-del-agua-ante-el-cambio-climatico-en-un-articulo-que-publicamos-con-motivo-del-dia-mundial-del-agua-2023\\\/\"]}]},{\"@type\":\"ImageObject\",\"inLanguage\":\"gl-ES\",\"@id\":\"https:\\\/\\\/www.catedraemalcsa.com\\\/gl\\\/ricardo-garcia-mira-catedratico-de-psicologia-social-de-la-udc-analiza-las-claves-de-la-gestion-del-agua-ante-el-cambio-climatico-en-un-articulo-que-publicamos-con-motivo-del-dia-mundial-del-agua-2023\\\/#primaryimage\",\"url\":\"https:\\\/\\\/www.catedraemalcsa.com\\\/wp-content\\\/uploads\\\/2023\\\/03\\\/WWD-2023-thematic-logos_SPA-01.png\",\"contentUrl\":\"https:\\\/\\\/www.catedraemalcsa.com\\\/wp-content\\\/uploads\\\/2023\\\/03\\\/WWD-2023-thematic-logos_SPA-01.png\",\"width\":1661,\"height\":1072},{\"@type\":\"BreadcrumbList\",\"@id\":\"https:\\\/\\\/www.catedraemalcsa.com\\\/gl\\\/ricardo-garcia-mira-catedratico-de-psicologia-social-de-la-udc-analiza-las-claves-de-la-gestion-del-agua-ante-el-cambio-climatico-en-un-articulo-que-publicamos-con-motivo-del-dia-mundial-del-agua-2023\\\/#breadcrumb\",\"itemListElement\":[{\"@type\":\"ListItem\",\"position\":1,\"name\":\"Portada\",\"item\":\"https:\\\/\\\/www.catedraemalcsa.com\\\/gl\\\/\"},{\"@type\":\"ListItem\",\"position\":2,\"name\":\"Ricardo Garc\u00eda Mira, catedr\u00e1tico de Psicolox\u00eda Social da UDC, analiza as claves da xesti\u00f3n da auga ante o cambio clim\u00e1tico nun artigo que publicamos co gallo do D\u00eda Mundial da Auga 2023\"}]},{\"@type\":\"WebSite\",\"@id\":\"https:\\\/\\\/www.catedraemalcsa.com\\\/gl\\\/#website\",\"url\":\"https:\\\/\\\/www.catedraemalcsa.com\\\/gl\\\/\",\"name\":\"C\u00e1tedra Emalcsa - UDC\",\"description\":\"P\u00e1gina web de la C\u00e1tedra Emalcsa - UDC en la que se tratan aspectos relacionados con la gesti\u00f3n integrada del recurso del agua.\",\"publisher\":{\"@id\":\"https:\\\/\\\/www.catedraemalcsa.com\\\/gl\\\/#organization\"},\"potentialAction\":[{\"@type\":\"SearchAction\",\"target\":{\"@type\":\"EntryPoint\",\"urlTemplate\":\"https:\\\/\\\/www.catedraemalcsa.com\\\/gl\\\/?s={search_term_string}\"},\"query-input\":{\"@type\":\"PropertyValueSpecification\",\"valueRequired\":true,\"valueName\":\"search_term_string\"}}],\"inLanguage\":\"gl-ES\"},{\"@type\":\"Organization\",\"@id\":\"https:\\\/\\\/www.catedraemalcsa.com\\\/gl\\\/#organization\",\"name\":\"C\u00e1tedra Emalcsa - UDC\",\"url\":\"https:\\\/\\\/www.catedraemalcsa.com\\\/gl\\\/\",\"logo\":{\"@type\":\"ImageObject\",\"inLanguage\":\"gl-ES\",\"@id\":\"https:\\\/\\\/www.catedraemalcsa.com\\\/gl\\\/#\\\/schema\\\/logo\\\/image\\\/\",\"url\":\"https:\\\/\\\/www.catedraemalcsa.com\\\/wp-content\\\/uploads\\\/2022\\\/10\\\/LOGOTIPO-EMALCSA.png\",\"contentUrl\":\"https:\\\/\\\/www.catedraemalcsa.com\\\/wp-content\\\/uploads\\\/2022\\\/10\\\/LOGOTIPO-EMALCSA.png\",\"width\":600,\"height\":180,\"caption\":\"C\u00e1tedra Emalcsa - UDC\"},\"image\":{\"@id\":\"https:\\\/\\\/www.catedraemalcsa.com\\\/gl\\\/#\\\/schema\\\/logo\\\/image\\\/\"},\"sameAs\":[\"https:\\\/\\\/www.facebook.com\\\/Ctedra-Emalcsa-Udc-426980904504313\\\/\",\"https:\\\/\\\/x.com\\\/CatEmalcsaUdc\",\"http:\\\/\\\/www.linkedin.com\\\/in\\\/catedra-emalcsa-udc\"]},{\"@type\":\"Person\",\"@id\":\"https:\\\/\\\/www.catedraemalcsa.com\\\/gl\\\/#\\\/schema\\\/person\\\/3c568b561ed3eb988caa3c76126df522\",\"name\":\"webmaster\",\"image\":{\"@type\":\"ImageObject\",\"inLanguage\":\"gl-ES\",\"@id\":\"https:\\\/\\\/secure.gravatar.com\\\/avatar\\\/e4639b91ceee46675bc8f0a6c4310072bab714f8058dff39d310309091266628?s=96&d=mm&r=g\",\"url\":\"https:\\\/\\\/secure.gravatar.com\\\/avatar\\\/e4639b91ceee46675bc8f0a6c4310072bab714f8058dff39d310309091266628?s=96&d=mm&r=g\",\"contentUrl\":\"https:\\\/\\\/secure.gravatar.com\\\/avatar\\\/e4639b91ceee46675bc8f0a6c4310072bab714f8058dff39d310309091266628?s=96&d=mm&r=g\",\"caption\":\"webmaster\"},\"url\":\"https:\\\/\\\/www.catedraemalcsa.com\\\/gl\\\/author\\\/webmaster\\\/\"}]}<\/script>\n<!-- \/ Yoast SEO plugin. -->","yoast_head_json":{"title":"Ricardo Garc\u00eda Mira, catedr\u00e1tico de Psicolox\u00eda Social da UDC, analiza as claves da xesti\u00f3n da auga ante o cambio clim\u00e1tico nun artigo que publicamos co gallo do D\u00eda Mundial da Auga 2023 - C\u00e1tedra Emalcsa - UDC","robots":{"index":"index","follow":"follow","max-snippet":"max-snippet:-1","max-image-preview":"max-image-preview:large","max-video-preview":"max-video-preview:-1"},"canonical":"https:\/\/www.catedraemalcsa.com\/gl\/ricardo-garcia-mira-catedratico-de-psicologia-social-de-la-udc-analiza-las-claves-de-la-gestion-del-agua-ante-el-cambio-climatico-en-un-articulo-que-publicamos-con-motivo-del-dia-mundial-del-agua-2023\/","og_locale":"gl_ES","og_type":"article","og_title":"Ricardo Garc\u00eda Mira, catedr\u00e1tico de Psicolox\u00eda Social da UDC, analiza as claves da xesti\u00f3n da auga ante o cambio clim\u00e1tico nun artigo que publicamos co gallo do D\u00eda Mundial da Auga 2023 - C\u00e1tedra Emalcsa - UDC","og_description":"Este mi\u00e9rcoles 22 de marzo se celebra el D\u00eda Mundial del Agua. Este 2023 tiene&hellip;","og_url":"https:\/\/www.catedraemalcsa.com\/gl\/ricardo-garcia-mira-catedratico-de-psicologia-social-de-la-udc-analiza-las-claves-de-la-gestion-del-agua-ante-el-cambio-climatico-en-un-articulo-que-publicamos-con-motivo-del-dia-mundial-del-agua-2023\/","og_site_name":"C\u00e1tedra Emalcsa - UDC","article_publisher":"https:\/\/www.facebook.com\/Ctedra-Emalcsa-Udc-426980904504313\/","article_published_time":"2023-03-22T08:05:04+00:00","article_modified_time":"2023-03-22T08:05:28+00:00","og_image":[{"width":1661,"height":1072,"url":"https:\/\/www.catedraemalcsa.com\/wp-content\/uploads\/2023\/03\/WWD-2023-thematic-logos_SPA-01.png","type":"image\/png"}],"author":"webmaster","twitter_card":"summary_large_image","twitter_creator":"@CatEmalcsaUdc","twitter_site":"@CatEmalcsaUdc","twitter_misc":{"Escrito por":"webmaster","Tempo de lectura":"5 minutos"},"schema":{"@context":"https:\/\/schema.org","@graph":[{"@type":"Article","@id":"https:\/\/www.catedraemalcsa.com\/gl\/ricardo-garcia-mira-catedratico-de-psicologia-social-de-la-udc-analiza-las-claves-de-la-gestion-del-agua-ante-el-cambio-climatico-en-un-articulo-que-publicamos-con-motivo-del-dia-mundial-del-agua-2023\/#article","isPartOf":{"@id":"https:\/\/www.catedraemalcsa.com\/gl\/ricardo-garcia-mira-catedratico-de-psicologia-social-de-la-udc-analiza-las-claves-de-la-gestion-del-agua-ante-el-cambio-climatico-en-un-articulo-que-publicamos-con-motivo-del-dia-mundial-del-agua-2023\/"},"author":{"name":"webmaster","@id":"https:\/\/www.catedraemalcsa.com\/gl\/#\/schema\/person\/3c568b561ed3eb988caa3c76126df522"},"headline":"Ricardo Garc\u00eda Mira, catedr\u00e1tico de Psicolox\u00eda Social da UDC, analiza as claves da xesti\u00f3n da auga ante o cambio clim\u00e1tico nun artigo que publicamos co gallo do D\u00eda Mundial da Auga 2023","datePublished":"2023-03-22T08:05:04+00:00","dateModified":"2023-03-22T08:05:28+00:00","mainEntityOfPage":{"@id":"https:\/\/www.catedraemalcsa.com\/gl\/ricardo-garcia-mira-catedratico-de-psicologia-social-de-la-udc-analiza-las-claves-de-la-gestion-del-agua-ante-el-cambio-climatico-en-un-articulo-que-publicamos-con-motivo-del-dia-mundial-del-agua-2023\/"},"wordCount":1241,"publisher":{"@id":"https:\/\/www.catedraemalcsa.com\/gl\/#organization"},"image":{"@id":"https:\/\/www.catedraemalcsa.com\/gl\/ricardo-garcia-mira-catedratico-de-psicologia-social-de-la-udc-analiza-las-claves-de-la-gestion-del-agua-ante-el-cambio-climatico-en-un-articulo-que-publicamos-con-motivo-del-dia-mundial-del-agua-2023\/#primaryimage"},"thumbnailUrl":"https:\/\/www.catedraemalcsa.com\/wp-content\/uploads\/2023\/03\/WWD-2023-thematic-logos_SPA-01.png","articleSection":["Opini\u00f3n"],"inLanguage":"gl-ES"},{"@type":"WebPage","@id":"https:\/\/www.catedraemalcsa.com\/gl\/ricardo-garcia-mira-catedratico-de-psicologia-social-de-la-udc-analiza-las-claves-de-la-gestion-del-agua-ante-el-cambio-climatico-en-un-articulo-que-publicamos-con-motivo-del-dia-mundial-del-agua-2023\/","url":"https:\/\/www.catedraemalcsa.com\/gl\/ricardo-garcia-mira-catedratico-de-psicologia-social-de-la-udc-analiza-las-claves-de-la-gestion-del-agua-ante-el-cambio-climatico-en-un-articulo-que-publicamos-con-motivo-del-dia-mundial-del-agua-2023\/","name":"Ricardo Garc\u00eda Mira, catedr\u00e1tico de Psicolox\u00eda Social da UDC, analiza as claves da xesti\u00f3n da auga ante o cambio clim\u00e1tico nun artigo que publicamos co gallo do D\u00eda Mundial da Auga 2023 - C\u00e1tedra Emalcsa - UDC","isPartOf":{"@id":"https:\/\/www.catedraemalcsa.com\/gl\/#website"},"primaryImageOfPage":{"@id":"https:\/\/www.catedraemalcsa.com\/gl\/ricardo-garcia-mira-catedratico-de-psicologia-social-de-la-udc-analiza-las-claves-de-la-gestion-del-agua-ante-el-cambio-climatico-en-un-articulo-que-publicamos-con-motivo-del-dia-mundial-del-agua-2023\/#primaryimage"},"image":{"@id":"https:\/\/www.catedraemalcsa.com\/gl\/ricardo-garcia-mira-catedratico-de-psicologia-social-de-la-udc-analiza-las-claves-de-la-gestion-del-agua-ante-el-cambio-climatico-en-un-articulo-que-publicamos-con-motivo-del-dia-mundial-del-agua-2023\/#primaryimage"},"thumbnailUrl":"https:\/\/www.catedraemalcsa.com\/wp-content\/uploads\/2023\/03\/WWD-2023-thematic-logos_SPA-01.png","datePublished":"2023-03-22T08:05:04+00:00","dateModified":"2023-03-22T08:05:28+00:00","breadcrumb":{"@id":"https:\/\/www.catedraemalcsa.com\/gl\/ricardo-garcia-mira-catedratico-de-psicologia-social-de-la-udc-analiza-las-claves-de-la-gestion-del-agua-ante-el-cambio-climatico-en-un-articulo-que-publicamos-con-motivo-del-dia-mundial-del-agua-2023\/#breadcrumb"},"inLanguage":"gl-ES","potentialAction":[{"@type":"ReadAction","target":["https:\/\/www.catedraemalcsa.com\/gl\/ricardo-garcia-mira-catedratico-de-psicologia-social-de-la-udc-analiza-las-claves-de-la-gestion-del-agua-ante-el-cambio-climatico-en-un-articulo-que-publicamos-con-motivo-del-dia-mundial-del-agua-2023\/"]}]},{"@type":"ImageObject","inLanguage":"gl-ES","@id":"https:\/\/www.catedraemalcsa.com\/gl\/ricardo-garcia-mira-catedratico-de-psicologia-social-de-la-udc-analiza-las-claves-de-la-gestion-del-agua-ante-el-cambio-climatico-en-un-articulo-que-publicamos-con-motivo-del-dia-mundial-del-agua-2023\/#primaryimage","url":"https:\/\/www.catedraemalcsa.com\/wp-content\/uploads\/2023\/03\/WWD-2023-thematic-logos_SPA-01.png","contentUrl":"https:\/\/www.catedraemalcsa.com\/wp-content\/uploads\/2023\/03\/WWD-2023-thematic-logos_SPA-01.png","width":1661,"height":1072},{"@type":"BreadcrumbList","@id":"https:\/\/www.catedraemalcsa.com\/gl\/ricardo-garcia-mira-catedratico-de-psicologia-social-de-la-udc-analiza-las-claves-de-la-gestion-del-agua-ante-el-cambio-climatico-en-un-articulo-que-publicamos-con-motivo-del-dia-mundial-del-agua-2023\/#breadcrumb","itemListElement":[{"@type":"ListItem","position":1,"name":"Portada","item":"https:\/\/www.catedraemalcsa.com\/gl\/"},{"@type":"ListItem","position":2,"name":"Ricardo Garc\u00eda Mira, catedr\u00e1tico de Psicolox\u00eda Social da UDC, analiza as claves da xesti\u00f3n da auga ante o cambio clim\u00e1tico nun artigo que publicamos co gallo do D\u00eda Mundial da Auga 2023"}]},{"@type":"WebSite","@id":"https:\/\/www.catedraemalcsa.com\/gl\/#website","url":"https:\/\/www.catedraemalcsa.com\/gl\/","name":"C\u00e1tedra Emalcsa - UDC","description":"P\u00e1gina web de la C\u00e1tedra Emalcsa - UDC en la que se tratan aspectos relacionados con la gesti\u00f3n integrada del recurso del agua.","publisher":{"@id":"https:\/\/www.catedraemalcsa.com\/gl\/#organization"},"potentialAction":[{"@type":"SearchAction","target":{"@type":"EntryPoint","urlTemplate":"https:\/\/www.catedraemalcsa.com\/gl\/?s={search_term_string}"},"query-input":{"@type":"PropertyValueSpecification","valueRequired":true,"valueName":"search_term_string"}}],"inLanguage":"gl-ES"},{"@type":"Organization","@id":"https:\/\/www.catedraemalcsa.com\/gl\/#organization","name":"C\u00e1tedra Emalcsa - UDC","url":"https:\/\/www.catedraemalcsa.com\/gl\/","logo":{"@type":"ImageObject","inLanguage":"gl-ES","@id":"https:\/\/www.catedraemalcsa.com\/gl\/#\/schema\/logo\/image\/","url":"https:\/\/www.catedraemalcsa.com\/wp-content\/uploads\/2022\/10\/LOGOTIPO-EMALCSA.png","contentUrl":"https:\/\/www.catedraemalcsa.com\/wp-content\/uploads\/2022\/10\/LOGOTIPO-EMALCSA.png","width":600,"height":180,"caption":"C\u00e1tedra Emalcsa - UDC"},"image":{"@id":"https:\/\/www.catedraemalcsa.com\/gl\/#\/schema\/logo\/image\/"},"sameAs":["https:\/\/www.facebook.com\/Ctedra-Emalcsa-Udc-426980904504313\/","https:\/\/x.com\/CatEmalcsaUdc","http:\/\/www.linkedin.com\/in\/catedra-emalcsa-udc"]},{"@type":"Person","@id":"https:\/\/www.catedraemalcsa.com\/gl\/#\/schema\/person\/3c568b561ed3eb988caa3c76126df522","name":"webmaster","image":{"@type":"ImageObject","inLanguage":"gl-ES","@id":"https:\/\/secure.gravatar.com\/avatar\/e4639b91ceee46675bc8f0a6c4310072bab714f8058dff39d310309091266628?s=96&d=mm&r=g","url":"https:\/\/secure.gravatar.com\/avatar\/e4639b91ceee46675bc8f0a6c4310072bab714f8058dff39d310309091266628?s=96&d=mm&r=g","contentUrl":"https:\/\/secure.gravatar.com\/avatar\/e4639b91ceee46675bc8f0a6c4310072bab714f8058dff39d310309091266628?s=96&d=mm&r=g","caption":"webmaster"},"url":"https:\/\/www.catedraemalcsa.com\/gl\/author\/webmaster\/"}]}},"_links":{"self":[{"href":"https:\/\/www.catedraemalcsa.com\/gl\/wp-json\/wp\/v2\/posts\/24764","targetHints":{"allow":["GET"]}}],"collection":[{"href":"https:\/\/www.catedraemalcsa.com\/gl\/wp-json\/wp\/v2\/posts"}],"about":[{"href":"https:\/\/www.catedraemalcsa.com\/gl\/wp-json\/wp\/v2\/types\/post"}],"author":[{"embeddable":true,"href":"https:\/\/www.catedraemalcsa.com\/gl\/wp-json\/wp\/v2\/users\/2"}],"replies":[{"embeddable":true,"href":"https:\/\/www.catedraemalcsa.com\/gl\/wp-json\/wp\/v2\/comments?post=24764"}],"version-history":[{"count":1,"href":"https:\/\/www.catedraemalcsa.com\/gl\/wp-json\/wp\/v2\/posts\/24764\/revisions"}],"predecessor-version":[{"id":24925,"href":"https:\/\/www.catedraemalcsa.com\/gl\/wp-json\/wp\/v2\/posts\/24764\/revisions\/24925"}],"wp:featuredmedia":[{"embeddable":true,"href":"https:\/\/www.catedraemalcsa.com\/gl\/wp-json\/wp\/v2\/media\/24767"}],"wp:attachment":[{"href":"https:\/\/www.catedraemalcsa.com\/gl\/wp-json\/wp\/v2\/media?parent=24764"}],"wp:term":[{"taxonomy":"category","embeddable":true,"href":"https:\/\/www.catedraemalcsa.com\/gl\/wp-json\/wp\/v2\/categories?post=24764"},{"taxonomy":"post_tag","embeddable":true,"href":"https:\/\/www.catedraemalcsa.com\/gl\/wp-json\/wp\/v2\/tags?post=24764"}],"curies":[{"name":"wp","href":"https:\/\/api.w.org\/{rel}","templated":true}]}}