{"id":23747,"date":"2022-03-22T10:40:00","date_gmt":"2022-03-22T10:40:00","guid":{"rendered":"https:\/\/www.catedraemalcsa.com\/aguas-subterraneas-hacer-visible-lo-invisible\/"},"modified":"2023-03-21T12:53:55","modified_gmt":"2023-03-21T12:53:55","slug":"aguas-subterraneas-hacer-visible-lo-invisible","status":"publish","type":"post","link":"https:\/\/www.catedraemalcsa.com\/gl\/aguas-subterraneas-hacer-visible-lo-invisible\/","title":{"rendered":"Augas subterr\u00e1neas, facer visible o invisible"},"content":{"rendered":"\n<p><\/p>\n\n\n\n<blockquote class=\"wp-block-quote trx_addons_blockquote_style_1 is-layout-flow wp-block-quote-is-layout-flow\">\n<h3 class=\"has-text-align-center wp-block-heading\"><em>Aguas subterr\u00e1neas, hacer visible lo invisible<\/em><\/h3>\n\n\n\n<h5 class=\"has-text-align-center wp-block-heading\">Jordi Delgado Mart\u00edn<\/h5>\n\n\n\n<h5 class=\"has-text-align-center wp-block-heading\">Catedr\u00e1tico de Ingenier\u00eda del Terreno y miembro del Grupo de Investigaci\u00f3n de Ingenier\u00eda del Agua y del Medio Ambiente de la UDC.<\/h5>\n\n\n\n<p>Desde 1992, con la voluntad de recordar a la sociedad la importancia del agua dulce y su calidad, cada 22 de marzo la ONU promueve en todo el mundo la celebraci\u00f3n del D\u00eda Mundial del Agua. En su trig\u00e9sima edici\u00f3n el tema central es el agua subterr\u00e1nea y, para centrarlo, ha escogido un lema inspirador: \u201cHacer visible lo invisible\u201d.<\/p>\n\n\n\n<p>Hay agua en los oc\u00e9anos, en los r\u00edos y los lagos: la vemos, la sentimos, la usamos y, de m\u00faltiples formas, nos beneficiamos de ella. <strong>Del agua libre de la Tierra (aquella que no est\u00e1 fijada a los minerales de las rocas), los oc\u00e9anos albergan el 97%, unos \u00a11400 millones de quil\u00f3metros c\u00fabicos! Pero es salada. Otro 2% del agua libre de la Tierra est\u00e1 almacenada en el hielo de los glaciares y los casquetes polares, por lo que su disponibilidad no es directa. S\u00f3lo el 1% restante, en su mayor parte subterr\u00e1nea, puede darnos de beber, ayudarnos en la higiene, en la cocina, a regar, para abrevar el ganado, a mover turbinas\u2026 <\/strong>En entornos de clima privilegiado, como el nuestro, la abundancia de recursos de agua superficial determina que la aprovechemos con preferencia e partir de r\u00edos, lagos o embalses. Pero, <strong>\u00bfsab\u00edan que si reuni\u00e9semos en un \u00fanico cuerpo toda el agua de los lagos del mundo s\u00f3lo alcanzar\u00edamos el 0,009% del agua libre de la Tierra? \u00bfo que, si incorpor\u00e1ramos el volumen de agua asociado a los caudales de todos los r\u00edos del planeta (Amazonas, Nilo, Yangtze, Mississippi\u2026 Mi\u00f1o, Mero, Barc\u00e9s\u2026), este s\u00f3lo totalizar\u00eda un \u00ednfimo 0,0001%? <\/strong>El hecho es que la realidad del agua en otros muchos sitios pasa por disponer de la que se encuentra en el subsuelo. Pero, se mire como se mire, hay mucha agua dulce, tanta que ni en los escenarios m\u00e1s apocal\u00edpticos debemos temer quedarnos sin ella.<\/p>\n\n\n\n<p>Pero\u2026 \u00bfD\u00f3nde est\u00e1 la trampa? \u00bfEst\u00e1 el agua igualmente distribuida o disponible en todo el planeta? \u00bfQu\u00e9 hay de las sequ\u00edas y su conexi\u00f3n con el clima? \u00bfQu\u00e9 hay de la contaminaci\u00f3n? \u00bfQu\u00e9 hay de la escasez de agua que, incluso en Galicia, a veces nos afecta? \u00bfQu\u00e9 hay de las guerras del agua?\u2026 La respuesta a muchas de estas preguntas (compatibilidad de usos y conservaci\u00f3n, disponibilidad y demanda, renovabilidad y agotamiento, geopol\u00edtica y gesti\u00f3n\u2026) requiere exposiciones ponderadas que, a su vez, den paso a una reflexi\u00f3n equilibrada. Sin \u00e1nimo de ser ambiciosos, aqu\u00ed s\u00f3lo pondremos un marco\u2026<\/p>\n\n\n\n<p>El agua superficial forma parte del Ciclo Hidrol\u00f3gico. Mucho antes que los primeros hom\u00ednidos de Laetoli hollaran con sus pies los fangos y cenizas volc\u00e1nicas del Ngorongoro, o antes de que los restos de su cong\u00e9nere, Lucy (Australopithecus afarensis), quedaran  atrapados en los sedimentos del tri\u00e1ngulo de Afar, el Ciclo Hidrol\u00f3gico era una realidad f\u00edsica que trascend\u00eda los eones: la evaporaci\u00f3n del agua en los oc\u00e9anos, su movimiento con las nubes, la ca\u00edda en forma de lluvia o nieve para, una vez en el suelo, escurrirse (hacia los cauces) e infiltrarse (hacia el subsuelo), para culminar su perenne peregrinaje retornando<br>al origen. Esa concatenaci\u00f3n de procesos ha sido tan eficiente que el volumen de agua de la Tierra casi no ha variado en m\u00e1s de 3000 millones de a\u00f1os de historia geol\u00f3gica. Y todo ello por obra y gracia de la energ\u00eda que nos brinda el sol y la gravedad.<\/p>\n\n\n\n<p>El Ciclo Hidrol\u00f3gico es el paradigma de la renovabilidad de un recurso natural: Se usa y no se agota. Pero, hay que estar alerta con el concepto: Puede que el agua no se agote como recurso, pero ciertos usos y presiones comprometen los servicios que presta el agua. A diferencia de otros recursos renovables, el agua es vulnerable a la contaminaci\u00f3n, a la sobreexplotaci\u00f3n y a otras muchas presiones ejercidas por la actividad humana.<\/p>\n\n\n\n<blockquote class=\"wp-block-quote is-layout-flow wp-block-quote-is-layout-flow\">\n<p><strong><em>La realidad del agua en muchos lugares para por disponer de la que se encuentra en el subsuelo. Pero, se mire como se mire, hay mucha agua dulce, tantan que ni en los escenarios m\u00e1s apocal\u00edpticos debemos temer quedarnos sin ella.<\/em><\/strong><\/p>\n<\/blockquote>\n\n\n\n<p>El Ciclo Hidrol\u00f3gico es el paradigma de la renovabilidad de un recurso natural: Se usa y no se agota. Pero, hay que estar alerta con el concepto: Puede que el agua no se agote como recurso, pero ciertos usos y presiones comprometen los servicios que presta el agua. A diferencia de otros recursos renovables, el agua es vulnerable a la contaminaci\u00f3n, a la sobreexplotaci\u00f3n y a otras muchas presiones ejercidas por la actividad humana.<\/p>\n\n\n\n<p><strong>Alguien puede pensar que el agua que se infiltra a trav\u00e9s del suelo se pierde. Sin embargo, todos, intuitivamente o por la experiencia, podemos deducir que no es as\u00ed: Los manantiales que vemos, los pozos que perforamos nos muestran que el agua subterr\u00e1nea est\u00e1 ah\u00ed, no se esfuma. <\/strong>Yendo m\u00e1s all\u00e1, quiz\u00e1s muchos no hayan reparado en que el subsuelo no s\u00f3lo almacena agua: el agua se mueve a trav\u00e9s de \u00e9l siguiendo fuerzas an\u00e1logas a las que rigen el del agua superficial: las mismas fuerzas, s\u00ed, pero con distintas leyes, a un ritmo mucho m\u00e1s lento y a trav\u00e9s de caminos m\u00e1s tortuosos que los cauces que vemos sobre la superficie.<\/p>\n\n\n\n<p><strong>No es raro que el flujo del agua subterr\u00e1nea d\u00e9 lugar a su descarga (como un manantial m\u00e1s) en el lecho de r\u00edos y arroyos: \u00bfNo han pensado nunca por qu\u00e9, incluso tras una sequ\u00eda prolongada, a\u00fan vemos agua en muchos r\u00edos? Ese caudal invisible (que llamamos de base) contribuye, adem\u00e1s, a enriquecer los ecosistemas desde muchos puntos de vista. Pero, incluso cuando el cauce de un arroyo superficial se perfila seco, bajo el mismo, m\u00e1s cerca o m\u00e1s lejos, encontramos agua. Hay un r\u00edo que vemos y otro, invisible, que apenas percibimos, con sus funciones ecol\u00f3gicas cr\u00edticas y todos sus servicios indispensables.<\/strong><\/p>\n\n\n\n<p>Puede que la imagen anterior sea imprecisa. Con contadas excepciones (por ejemplo, en los macizos de caliza, en los que se desarrollan a menudo cavidades y galer\u00edas que act\u00faan como verdaderos sumideros naturales), no hay r\u00edos subterr\u00e1neos. Ni lagos, ni masas de agua parecidas a las que vemos en la superficie. Si en los r\u00edos de nuestro entorno el tiempo que tarda el agua en viajar desde su cabecera hasta su desembocadura puede ser de unos pocos d\u00edas o unas pocas semanas, en el caso del agua subterr\u00e1nea ese viaje (que se inicia en la zona de recarga) puede tomar a\u00f1os, d\u00e9cadas o incluso\u2026 \u00a1decenas de miles de a\u00f1os! antes de alcanzar la de descarga. Ese es el caso, por ejemplo, de la mayor\u00eda de nuestras fuentes de agua termal (A Toxa, As Burgas, Carballo\u2026) o las que, a otra escala, se encuentran en sistemas tan singulares como la Gran Cuenca Artesiana (Australia) o el Sistema de las Grandes Praderas (Estados Unidos).<\/p>\n\n\n\n<blockquote class=\"wp-block-quote is-layout-flow wp-block-quote-is-layout-flow\">\n<p><strong><em>Hacer visible lo invisible, mostrar que a nuestros pies discurre un recurso extraordinario, \u00fanico y valioso: el lema del D\u00eda Mundial del Agua. Recordemos el secreto que el peque\u00f1o zorro revel\u00f3 al Principito: lo esencial es invisible para los ojos<\/em><\/strong><\/p>\n<\/blockquote>\n\n\n\n<p><strong>Pero no toda el agua subterr\u00e1nea fluye. Tambi\u00e9n puede quedar atrapada en un espacio aislado, mostrando con su impronta qu\u00edmica c\u00f3mo era la Tierra en el pasado. Estos sistemas son especialmente vulnerables. Por ejemplo, los sistemas dunares de la Isla de Ons se  recargan s\u00f3lo cuando llueve: constituyen un aljibe natural que se agota si el agua se extrae sin mesura. <\/strong>A otra escala, el sistema acu\u00edfero de las Areniscas Nubias, que se extiende en miles de kil\u00f3metros de extensi\u00f3n a miles de metros de profundidad bajo las arenas del S\u00e1hara, alberga una extraordinaria cantidad de agua dulce que se recarg\u00f3 cuando esa regi\u00f3n era un vergel\u2026 hace unos 20.000 a\u00f1os. Ahora es una masa de agua f\u00f3sil cuyo aprovechamiento ha dado pie a uno de los proyectos de ingenier\u00eda m\u00e1s extraordinarios y visionarios de las pasadas d\u00e9cadas: el Gran R\u00edo Hecho por el Hombre (Great Man-Made River Project).<\/p>\n\n\n\n<p><strong>Hay quien piensa que el agua, por el mero hecho de atravesar rocas y sedimentos y por surgir de un pozo o en un manantial es mejor, o m\u00e1s saludable, que aquella de la que disponemos a nuestro alcance en los grifos. Ello nace de la err\u00f3nea idea que el subsuelo filtra y purifica o que, quiz\u00e1s, la Naturaleza (lo natural) no puede hacernos da\u00f1o. Pero tenemos ejemplos dram\u00e1ticos sobre c\u00f3mo la Naturaleza, por desconocimiento o temeridad, puede poner en riesgo la salud de las personas, tal y como sucede con el ars\u00e9nico en amplias extensiones de la India, Bangladesh, Vietnam\u2026<\/strong> Es dif\u00edcil combatir esas preconcepciones y de hecho, en muchas ocasiones el agua subterr\u00e1nea puede tener una calidad que rivaliza con la potabilizada. Sin embargo, conviene alertar de que, no teniendo por qu\u00e9, el subsuelo puede albergar pat\u00f3genos y contaminantes cuyo origen, natural o no, puede comprometer su calidad para un uso tan sensible como es la bebida. Por ello, salvo las circunstancias que el sentido com\u00fan o la necesidad dispongan, el consumo humano a partir de pozos o manantiales naturales s\u00f3lo debe realizarse cuando existan garant\u00edas sanitarias adecuadas manteniendo siempre la vigilancia atenta sobre los cambios sobrevenidos en la calidad natural.<\/p>\n\n\n\n<p>Hacer visible lo invisible, mostrar que a nuestros pies discurre un recurso extraordinario, \u00fanico y valioso: el lema del D\u00eda del Agua. Recordemos el secreto que el peque\u00f1o zorro revel\u00f3 al Principito: lo esencial es invisible para los ojos.<\/p>\n<\/blockquote>\n\n\n\n<p>*La C\u00e1tedra Emalcsa no se identifica necesariamente con las visiones expuestas por los autores de los art\u00edculos que publica. Nuestra intenci\u00f3n es ser un medio para la difusi\u00f3n, el di\u00e1logo, el debate y el avance en el conocimiento.<\/p>\n","protected":false},"excerpt":{"rendered":"<p>*La C\u00e1tedra Emalcsa no se identifica necesariamente con las visiones expuestas por los autores de&hellip;<\/p>\n","protected":false},"author":2,"featured_media":24714,"comment_status":"closed","ping_status":"open","sticky":false,"template":"","format":"standard","meta":{"inline_featured_image":false,"_themeisle_gutenberg_block_has_review":false,"footnotes":""},"categories":[289],"tags":[],"class_list":["post-23747","post","type-post","status-publish","format-standard","has-post-thumbnail","hentry","category-opinion-gl"],"yoast_head":"<!-- This site is optimized with the Yoast SEO plugin v26.9 - https:\/\/yoast.com\/product\/yoast-seo-wordpress\/ -->\n<title>Augas subterr\u00e1neas, facer visible o invisible - C\u00e1tedra Emalcsa - UDC<\/title>\n<meta name=\"robots\" content=\"index, follow, max-snippet:-1, max-image-preview:large, max-video-preview:-1\" \/>\n<link rel=\"canonical\" href=\"https:\/\/www.catedraemalcsa.com\/gl\/aguas-subterraneas-hacer-visible-lo-invisible\/\" \/>\n<meta property=\"og:locale\" content=\"gl_ES\" \/>\n<meta property=\"og:type\" content=\"article\" \/>\n<meta property=\"og:title\" content=\"Augas subterr\u00e1neas, facer visible o invisible - C\u00e1tedra Emalcsa - UDC\" \/>\n<meta property=\"og:description\" content=\"*La C\u00e1tedra Emalcsa no se identifica necesariamente con las visiones expuestas por los autores de&hellip;\" \/>\n<meta property=\"og:url\" content=\"https:\/\/www.catedraemalcsa.com\/gl\/aguas-subterraneas-hacer-visible-lo-invisible\/\" \/>\n<meta property=\"og:site_name\" content=\"C\u00e1tedra Emalcsa - UDC\" \/>\n<meta property=\"article:publisher\" content=\"https:\/\/www.facebook.com\/Ctedra-Emalcsa-Udc-426980904504313\/\" \/>\n<meta property=\"article:published_time\" content=\"2022-03-22T10:40:00+00:00\" \/>\n<meta property=\"article:modified_time\" content=\"2023-03-21T12:53:55+00:00\" \/>\n<meta property=\"og:image\" content=\"https:\/\/www.catedraemalcsa.com\/wp-content\/uploads\/2022\/03\/JORDI-DELGADO.jpg\" \/>\n\t<meta property=\"og:image:width\" content=\"770\" \/>\n\t<meta property=\"og:image:height\" content=\"400\" \/>\n\t<meta property=\"og:image:type\" content=\"image\/jpeg\" \/>\n<meta name=\"author\" content=\"webmaster\" \/>\n<meta name=\"twitter:card\" content=\"summary_large_image\" \/>\n<meta name=\"twitter:creator\" content=\"@CatEmalcsaUdc\" \/>\n<meta name=\"twitter:site\" content=\"@CatEmalcsaUdc\" \/>\n<meta name=\"twitter:label1\" content=\"Escrito por\" \/>\n\t<meta name=\"twitter:data1\" content=\"webmaster\" \/>\n\t<meta name=\"twitter:label2\" content=\"Tempo de lectura\" \/>\n\t<meta name=\"twitter:data2\" content=\"9 minutos\" \/>\n<script type=\"application\/ld+json\" class=\"yoast-schema-graph\">{\"@context\":\"https:\/\/schema.org\",\"@graph\":[{\"@type\":\"Article\",\"@id\":\"https:\/\/www.catedraemalcsa.com\/gl\/aguas-subterraneas-hacer-visible-lo-invisible\/#article\",\"isPartOf\":{\"@id\":\"https:\/\/www.catedraemalcsa.com\/gl\/aguas-subterraneas-hacer-visible-lo-invisible\/\"},\"author\":{\"name\":\"webmaster\",\"@id\":\"https:\/\/www.catedraemalcsa.com\/gl\/#\/schema\/person\/3c568b561ed3eb988caa3c76126df522\"},\"headline\":\"Augas subterr\u00e1neas, facer visible o invisible\",\"datePublished\":\"2022-03-22T10:40:00+00:00\",\"dateModified\":\"2023-03-21T12:53:55+00:00\",\"mainEntityOfPage\":{\"@id\":\"https:\/\/www.catedraemalcsa.com\/gl\/aguas-subterraneas-hacer-visible-lo-invisible\/\"},\"wordCount\":1750,\"publisher\":{\"@id\":\"https:\/\/www.catedraemalcsa.com\/gl\/#organization\"},\"image\":{\"@id\":\"https:\/\/www.catedraemalcsa.com\/gl\/aguas-subterraneas-hacer-visible-lo-invisible\/#primaryimage\"},\"thumbnailUrl\":\"https:\/\/www.catedraemalcsa.com\/wp-content\/uploads\/2022\/03\/JORDI-DELGADO.jpg\",\"articleSection\":[\"Opini\u00f3n\"],\"inLanguage\":\"gl-ES\"},{\"@type\":\"WebPage\",\"@id\":\"https:\/\/www.catedraemalcsa.com\/gl\/aguas-subterraneas-hacer-visible-lo-invisible\/\",\"url\":\"https:\/\/www.catedraemalcsa.com\/gl\/aguas-subterraneas-hacer-visible-lo-invisible\/\",\"name\":\"Augas subterr\u00e1neas, facer visible o invisible - C\u00e1tedra Emalcsa - UDC\",\"isPartOf\":{\"@id\":\"https:\/\/www.catedraemalcsa.com\/gl\/#website\"},\"primaryImageOfPage\":{\"@id\":\"https:\/\/www.catedraemalcsa.com\/gl\/aguas-subterraneas-hacer-visible-lo-invisible\/#primaryimage\"},\"image\":{\"@id\":\"https:\/\/www.catedraemalcsa.com\/gl\/aguas-subterraneas-hacer-visible-lo-invisible\/#primaryimage\"},\"thumbnailUrl\":\"https:\/\/www.catedraemalcsa.com\/wp-content\/uploads\/2022\/03\/JORDI-DELGADO.jpg\",\"datePublished\":\"2022-03-22T10:40:00+00:00\",\"dateModified\":\"2023-03-21T12:53:55+00:00\",\"breadcrumb\":{\"@id\":\"https:\/\/www.catedraemalcsa.com\/gl\/aguas-subterraneas-hacer-visible-lo-invisible\/#breadcrumb\"},\"inLanguage\":\"gl-ES\",\"potentialAction\":[{\"@type\":\"ReadAction\",\"target\":[\"https:\/\/www.catedraemalcsa.com\/gl\/aguas-subterraneas-hacer-visible-lo-invisible\/\"]}]},{\"@type\":\"ImageObject\",\"inLanguage\":\"gl-ES\",\"@id\":\"https:\/\/www.catedraemalcsa.com\/gl\/aguas-subterraneas-hacer-visible-lo-invisible\/#primaryimage\",\"url\":\"https:\/\/www.catedraemalcsa.com\/wp-content\/uploads\/2022\/03\/JORDI-DELGADO.jpg\",\"contentUrl\":\"https:\/\/www.catedraemalcsa.com\/wp-content\/uploads\/2022\/03\/JORDI-DELGADO.jpg\",\"width\":770,\"height\":400},{\"@type\":\"BreadcrumbList\",\"@id\":\"https:\/\/www.catedraemalcsa.com\/gl\/aguas-subterraneas-hacer-visible-lo-invisible\/#breadcrumb\",\"itemListElement\":[{\"@type\":\"ListItem\",\"position\":1,\"name\":\"Portada\",\"item\":\"https:\/\/www.catedraemalcsa.com\/gl\/\"},{\"@type\":\"ListItem\",\"position\":2,\"name\":\"Augas subterr\u00e1neas, facer visible o invisible\"}]},{\"@type\":\"WebSite\",\"@id\":\"https:\/\/www.catedraemalcsa.com\/gl\/#website\",\"url\":\"https:\/\/www.catedraemalcsa.com\/gl\/\",\"name\":\"C\u00e1tedra Emalcsa - UDC\",\"description\":\"P\u00e1gina web de la C\u00e1tedra Emalcsa - UDC en la que se tratan aspectos relacionados con la gesti\u00f3n integrada del recurso del agua.\",\"publisher\":{\"@id\":\"https:\/\/www.catedraemalcsa.com\/gl\/#organization\"},\"potentialAction\":[{\"@type\":\"SearchAction\",\"target\":{\"@type\":\"EntryPoint\",\"urlTemplate\":\"https:\/\/www.catedraemalcsa.com\/gl\/?s={search_term_string}\"},\"query-input\":{\"@type\":\"PropertyValueSpecification\",\"valueRequired\":true,\"valueName\":\"search_term_string\"}}],\"inLanguage\":\"gl-ES\"},{\"@type\":\"Organization\",\"@id\":\"https:\/\/www.catedraemalcsa.com\/gl\/#organization\",\"name\":\"C\u00e1tedra Emalcsa - UDC\",\"url\":\"https:\/\/www.catedraemalcsa.com\/gl\/\",\"logo\":{\"@type\":\"ImageObject\",\"inLanguage\":\"gl-ES\",\"@id\":\"https:\/\/www.catedraemalcsa.com\/gl\/#\/schema\/logo\/image\/\",\"url\":\"https:\/\/www.catedraemalcsa.com\/wp-content\/uploads\/2022\/10\/LOGOTIPO-EMALCSA.png\",\"contentUrl\":\"https:\/\/www.catedraemalcsa.com\/wp-content\/uploads\/2022\/10\/LOGOTIPO-EMALCSA.png\",\"width\":600,\"height\":180,\"caption\":\"C\u00e1tedra Emalcsa - UDC\"},\"image\":{\"@id\":\"https:\/\/www.catedraemalcsa.com\/gl\/#\/schema\/logo\/image\/\"},\"sameAs\":[\"https:\/\/www.facebook.com\/Ctedra-Emalcsa-Udc-426980904504313\/\",\"https:\/\/x.com\/CatEmalcsaUdc\",\"http:\/\/www.linkedin.com\/in\/catedra-emalcsa-udc\"]},{\"@type\":\"Person\",\"@id\":\"https:\/\/www.catedraemalcsa.com\/gl\/#\/schema\/person\/3c568b561ed3eb988caa3c76126df522\",\"name\":\"webmaster\",\"image\":{\"@type\":\"ImageObject\",\"inLanguage\":\"gl-ES\",\"@id\":\"https:\/\/www.catedraemalcsa.com\/gl\/#\/schema\/person\/image\/\",\"url\":\"https:\/\/secure.gravatar.com\/avatar\/e4639b91ceee46675bc8f0a6c4310072bab714f8058dff39d310309091266628?s=96&d=mm&r=g\",\"contentUrl\":\"https:\/\/secure.gravatar.com\/avatar\/e4639b91ceee46675bc8f0a6c4310072bab714f8058dff39d310309091266628?s=96&d=mm&r=g\",\"caption\":\"webmaster\"},\"url\":\"https:\/\/www.catedraemalcsa.com\/gl\/author\/webmaster\/\"}]}<\/script>\n<!-- \/ Yoast SEO plugin. -->","yoast_head_json":{"title":"Augas subterr\u00e1neas, facer visible o invisible - C\u00e1tedra Emalcsa - UDC","robots":{"index":"index","follow":"follow","max-snippet":"max-snippet:-1","max-image-preview":"max-image-preview:large","max-video-preview":"max-video-preview:-1"},"canonical":"https:\/\/www.catedraemalcsa.com\/gl\/aguas-subterraneas-hacer-visible-lo-invisible\/","og_locale":"gl_ES","og_type":"article","og_title":"Augas subterr\u00e1neas, facer visible o invisible - C\u00e1tedra Emalcsa - UDC","og_description":"*La C\u00e1tedra Emalcsa no se identifica necesariamente con las visiones expuestas por los autores de&hellip;","og_url":"https:\/\/www.catedraemalcsa.com\/gl\/aguas-subterraneas-hacer-visible-lo-invisible\/","og_site_name":"C\u00e1tedra Emalcsa - UDC","article_publisher":"https:\/\/www.facebook.com\/Ctedra-Emalcsa-Udc-426980904504313\/","article_published_time":"2022-03-22T10:40:00+00:00","article_modified_time":"2023-03-21T12:53:55+00:00","og_image":[{"width":770,"height":400,"url":"https:\/\/www.catedraemalcsa.com\/wp-content\/uploads\/2022\/03\/JORDI-DELGADO.jpg","type":"image\/jpeg"}],"author":"webmaster","twitter_card":"summary_large_image","twitter_creator":"@CatEmalcsaUdc","twitter_site":"@CatEmalcsaUdc","twitter_misc":{"Escrito por":"webmaster","Tempo de lectura":"9 minutos"},"schema":{"@context":"https:\/\/schema.org","@graph":[{"@type":"Article","@id":"https:\/\/www.catedraemalcsa.com\/gl\/aguas-subterraneas-hacer-visible-lo-invisible\/#article","isPartOf":{"@id":"https:\/\/www.catedraemalcsa.com\/gl\/aguas-subterraneas-hacer-visible-lo-invisible\/"},"author":{"name":"webmaster","@id":"https:\/\/www.catedraemalcsa.com\/gl\/#\/schema\/person\/3c568b561ed3eb988caa3c76126df522"},"headline":"Augas subterr\u00e1neas, facer visible o invisible","datePublished":"2022-03-22T10:40:00+00:00","dateModified":"2023-03-21T12:53:55+00:00","mainEntityOfPage":{"@id":"https:\/\/www.catedraemalcsa.com\/gl\/aguas-subterraneas-hacer-visible-lo-invisible\/"},"wordCount":1750,"publisher":{"@id":"https:\/\/www.catedraemalcsa.com\/gl\/#organization"},"image":{"@id":"https:\/\/www.catedraemalcsa.com\/gl\/aguas-subterraneas-hacer-visible-lo-invisible\/#primaryimage"},"thumbnailUrl":"https:\/\/www.catedraemalcsa.com\/wp-content\/uploads\/2022\/03\/JORDI-DELGADO.jpg","articleSection":["Opini\u00f3n"],"inLanguage":"gl-ES"},{"@type":"WebPage","@id":"https:\/\/www.catedraemalcsa.com\/gl\/aguas-subterraneas-hacer-visible-lo-invisible\/","url":"https:\/\/www.catedraemalcsa.com\/gl\/aguas-subterraneas-hacer-visible-lo-invisible\/","name":"Augas subterr\u00e1neas, facer visible o invisible - C\u00e1tedra Emalcsa - UDC","isPartOf":{"@id":"https:\/\/www.catedraemalcsa.com\/gl\/#website"},"primaryImageOfPage":{"@id":"https:\/\/www.catedraemalcsa.com\/gl\/aguas-subterraneas-hacer-visible-lo-invisible\/#primaryimage"},"image":{"@id":"https:\/\/www.catedraemalcsa.com\/gl\/aguas-subterraneas-hacer-visible-lo-invisible\/#primaryimage"},"thumbnailUrl":"https:\/\/www.catedraemalcsa.com\/wp-content\/uploads\/2022\/03\/JORDI-DELGADO.jpg","datePublished":"2022-03-22T10:40:00+00:00","dateModified":"2023-03-21T12:53:55+00:00","breadcrumb":{"@id":"https:\/\/www.catedraemalcsa.com\/gl\/aguas-subterraneas-hacer-visible-lo-invisible\/#breadcrumb"},"inLanguage":"gl-ES","potentialAction":[{"@type":"ReadAction","target":["https:\/\/www.catedraemalcsa.com\/gl\/aguas-subterraneas-hacer-visible-lo-invisible\/"]}]},{"@type":"ImageObject","inLanguage":"gl-ES","@id":"https:\/\/www.catedraemalcsa.com\/gl\/aguas-subterraneas-hacer-visible-lo-invisible\/#primaryimage","url":"https:\/\/www.catedraemalcsa.com\/wp-content\/uploads\/2022\/03\/JORDI-DELGADO.jpg","contentUrl":"https:\/\/www.catedraemalcsa.com\/wp-content\/uploads\/2022\/03\/JORDI-DELGADO.jpg","width":770,"height":400},{"@type":"BreadcrumbList","@id":"https:\/\/www.catedraemalcsa.com\/gl\/aguas-subterraneas-hacer-visible-lo-invisible\/#breadcrumb","itemListElement":[{"@type":"ListItem","position":1,"name":"Portada","item":"https:\/\/www.catedraemalcsa.com\/gl\/"},{"@type":"ListItem","position":2,"name":"Augas subterr\u00e1neas, facer visible o invisible"}]},{"@type":"WebSite","@id":"https:\/\/www.catedraemalcsa.com\/gl\/#website","url":"https:\/\/www.catedraemalcsa.com\/gl\/","name":"C\u00e1tedra Emalcsa - UDC","description":"P\u00e1gina web de la C\u00e1tedra Emalcsa - UDC en la que se tratan aspectos relacionados con la gesti\u00f3n integrada del recurso del agua.","publisher":{"@id":"https:\/\/www.catedraemalcsa.com\/gl\/#organization"},"potentialAction":[{"@type":"SearchAction","target":{"@type":"EntryPoint","urlTemplate":"https:\/\/www.catedraemalcsa.com\/gl\/?s={search_term_string}"},"query-input":{"@type":"PropertyValueSpecification","valueRequired":true,"valueName":"search_term_string"}}],"inLanguage":"gl-ES"},{"@type":"Organization","@id":"https:\/\/www.catedraemalcsa.com\/gl\/#organization","name":"C\u00e1tedra Emalcsa - UDC","url":"https:\/\/www.catedraemalcsa.com\/gl\/","logo":{"@type":"ImageObject","inLanguage":"gl-ES","@id":"https:\/\/www.catedraemalcsa.com\/gl\/#\/schema\/logo\/image\/","url":"https:\/\/www.catedraemalcsa.com\/wp-content\/uploads\/2022\/10\/LOGOTIPO-EMALCSA.png","contentUrl":"https:\/\/www.catedraemalcsa.com\/wp-content\/uploads\/2022\/10\/LOGOTIPO-EMALCSA.png","width":600,"height":180,"caption":"C\u00e1tedra Emalcsa - UDC"},"image":{"@id":"https:\/\/www.catedraemalcsa.com\/gl\/#\/schema\/logo\/image\/"},"sameAs":["https:\/\/www.facebook.com\/Ctedra-Emalcsa-Udc-426980904504313\/","https:\/\/x.com\/CatEmalcsaUdc","http:\/\/www.linkedin.com\/in\/catedra-emalcsa-udc"]},{"@type":"Person","@id":"https:\/\/www.catedraemalcsa.com\/gl\/#\/schema\/person\/3c568b561ed3eb988caa3c76126df522","name":"webmaster","image":{"@type":"ImageObject","inLanguage":"gl-ES","@id":"https:\/\/www.catedraemalcsa.com\/gl\/#\/schema\/person\/image\/","url":"https:\/\/secure.gravatar.com\/avatar\/e4639b91ceee46675bc8f0a6c4310072bab714f8058dff39d310309091266628?s=96&d=mm&r=g","contentUrl":"https:\/\/secure.gravatar.com\/avatar\/e4639b91ceee46675bc8f0a6c4310072bab714f8058dff39d310309091266628?s=96&d=mm&r=g","caption":"webmaster"},"url":"https:\/\/www.catedraemalcsa.com\/gl\/author\/webmaster\/"}]}},"_links":{"self":[{"href":"https:\/\/www.catedraemalcsa.com\/gl\/wp-json\/wp\/v2\/posts\/23747","targetHints":{"allow":["GET"]}}],"collection":[{"href":"https:\/\/www.catedraemalcsa.com\/gl\/wp-json\/wp\/v2\/posts"}],"about":[{"href":"https:\/\/www.catedraemalcsa.com\/gl\/wp-json\/wp\/v2\/types\/post"}],"author":[{"embeddable":true,"href":"https:\/\/www.catedraemalcsa.com\/gl\/wp-json\/wp\/v2\/users\/2"}],"replies":[{"embeddable":true,"href":"https:\/\/www.catedraemalcsa.com\/gl\/wp-json\/wp\/v2\/comments?post=23747"}],"version-history":[{"count":0,"href":"https:\/\/www.catedraemalcsa.com\/gl\/wp-json\/wp\/v2\/posts\/23747\/revisions"}],"wp:featuredmedia":[{"embeddable":true,"href":"https:\/\/www.catedraemalcsa.com\/gl\/wp-json\/wp\/v2\/media\/24714"}],"wp:attachment":[{"href":"https:\/\/www.catedraemalcsa.com\/gl\/wp-json\/wp\/v2\/media?parent=23747"}],"wp:term":[{"taxonomy":"category","embeddable":true,"href":"https:\/\/www.catedraemalcsa.com\/gl\/wp-json\/wp\/v2\/categories?post=23747"},{"taxonomy":"post_tag","embeddable":true,"href":"https:\/\/www.catedraemalcsa.com\/gl\/wp-json\/wp\/v2\/tags?post=23747"}],"curies":[{"name":"wp","href":"https:\/\/api.w.org\/{rel}","templated":true}]}}